{"id":23347,"date":"2025-08-09T23:49:12","date_gmt":"2025-08-09T23:49:12","guid":{"rendered":"http:\/\/5895f678-4b3a-44c4-b3bf-91948d94ba82"},"modified":"2025-08-09T23:49:12","modified_gmt":"2025-08-09T23:49:12","slug":"o-que-e-metafora-e-exemplos","status":"publish","type":"post","link":"https:\/\/ammabarbacena.com.br\/perguntas-frequentes\/o-que-e-metafora-e-exemplos\/","title":{"rendered":"O que \u00e9 metafora e exemplos"},"content":{"rendered":"\n\n<h2 class=\"wp-block-heading\">O que \u00e9 uma met\u00e1fora?<\/h2>\n\n\n\n<h2 class=\"wp-block-heading\">O que \u00e9 uma met\u00e1fora segundo a B\u00edblia?<\/h2>\n\n\n<p><\/p>Figura de linguagem em que se faz a substitui\u00e7\u00e3o do sentido natural de uma palavra por outro sentido, em virtude da semelhan\u00e7a que h\u00e1 entre o sentido natural e o figurado. Jesus, por exemplo, para ilustrar o fato de que s\u00f3 ele pode transmitir a verdadeira vida espiritual, usa a palavra &#8220;luz&#8221; como met\u00e1fora (#Jo 8.12).<br \/>\n\n\n\n\n<h2 class=\"wp-block-heading\">Quais s\u00e3o 10 exemplos de met\u00e1foras?<\/h2>\n\n\n<p><\/p>\n\n<ul class=\"wp-block-list\">\n<li>Suas l\u00e1grimas eram um rio escorrendo por suas bochechas. &#8230;<\/li>\n<li>A casa deles era uma pris\u00e3o. &#8230;<\/li>\n<li>O seu irm\u00e3o \u00e9 um monstro! &#8230;<\/li>\n<li>O Jo\u00e3o \u00e9 um palha\u00e7o. &#8230;<\/li>\n<li>A vida dela \u00e9 um conto de fadas. &#8230;<\/li>\n<li>Aquele rapaz \u00e9 um gato. &#8230;<\/li>\n<li>Seu cora\u00e7\u00e3o \u00e9 uma pedra! &#8230;<\/li>\n<li>Cuidado, essa sua amiga \u00e9 uma cobra!<\/li>\n<\/ul>\n\n\n\n\n<h2 class=\"wp-block-heading\">O que \u00e9 ser met\u00e1fora?<\/h2>\n\n\n<p><\/p>Uma met\u00e1fora \u00e9 uma figura de linguagem que compara duas coisas diferentes, afirmando que uma \u00e9 a outra, destacando semelhan\u00e7as para dar \u00eanfase ou simbolismo.<br \/>\n\n\n\n\n<h2 class=\"wp-block-heading\">Quais s\u00e3o as met\u00e1foras?<\/h2>\n\nCom isso, podem existir dois tipos de met\u00e1fora, que s\u00e3o as impuras (sendo abordadas de forma mais direta e simples) e puras (expressas de maneira mais complexa e indireta).<br \/>\n\n\n\n\n<h2 class=\"wp-block-heading\">Quais s\u00e3o os tipos de met\u00e1foras?<\/h2>\n\n\n<p><\/p>\n\n<ul class=\"wp-block-list\">\n<li>Met\u00e1fora pura (complexas e indiretas). O termo imagin\u00e1rio substitui o termo real. Por exemplo: As p\u00e9rolas de sua boca brilham \u00e0 noite.<\/li>\n<li>Met\u00e1fora impura (simples e direta). Tanto o termo imagin\u00e1rio como o real aparecem de maneira expl\u00edcita.<\/li>\n<\/ul>\n\n\n\n\n<h2 class=\"wp-block-heading\">Como explicar met\u00e1fora para crian\u00e7as?<\/h2>\n\n\n\n<h2 class=\"wp-block-heading\">O que \u00e9 met\u00e1fora para crian\u00e7as?<\/h2>\n\n\n<p><\/p>Met\u00e1foras. Uma met\u00e1fora \u00e9 uma compara\u00e7\u00e3o que iguala duas coisas sem usar as palavras &#8220;como&#8221; ou &#8220;como&#8221;.<br \/>\n\n\n\n\n<h2 class=\"wp-block-heading\">O que \u00e9 uma met\u00e1fora explica\u00e7\u00e3o simples?<\/h2>\n\n\n<p><\/p>\u00c9 o uso de uma palavra com o significado de outra. \u00c9 um tipo de compara\u00e7\u00e3o subjetiva, moment\u00e2nea. Consiste no uso de uma palavra ou uma express\u00e3o em um sentido incomum, manifestando de maneira impl\u00edcita uma rela\u00e7\u00e3o de semelhan\u00e7a entre dois termos.<br \/>\n\n\n\n\n<h2 class=\"wp-block-heading\">Como entender uma met\u00e1fora?<\/h2>\n\n\n<p><\/p>Met\u00e1fora \u00e9 uma figura de linguagem; mais particularmente, uma figura de palavra, pois apresenta uma palavra (ou express\u00e3o) com sentido figurado. Assim, podemos definir met\u00e1fora como sendo uma esp\u00e9cie de compara\u00e7\u00e3o, por\u00e9m uma compara\u00e7\u00e3o impl\u00edcita, pois n\u00e3o exige conjun\u00e7\u00e3o ou locu\u00e7\u00e3o conjuntiva comparativa.<br \/>\n\n\n\n\n<h2 class=\"wp-block-heading\">O que representa a met\u00e1fora da crian\u00e7a?<\/h2>\n\n\n<p><\/p>Atrav\u00e9s de uma despreocupada e inocente brincadeira, as crian\u00e7as representam alegoricamente o desvelar do sutil esp\u00edrito de alegria decorrente do processo de vir a ser presente na natureza, na rela\u00e7\u00e3o indissoci\u00e1vel de vida-morte, enquanto espelho que reflete a condi\u00e7\u00e3o inexor\u00e1vel da exist\u00eancia de cont\u00ednua transforma\u00e7\u00e3o &#8230;<br \/>\n\n\n\n\n<h2 class=\"wp-block-heading\">Qual \u00e9 a diferen\u00e7a entre compara\u00e7\u00e3o e met\u00e1fora?<\/h2>\n\n\n\n<h2 class=\"wp-block-heading\">Qual a diferen\u00e7a entre met\u00e1fora e compara\u00e7\u00e3o?<\/h2>\n\n\n<p><\/p>Compara\u00e7\u00e3o \u00e9 uma figura de linguagem caracterizada pela analogia expl\u00edcita entre termos de um enunciado, j\u00e1 que conta com a presen\u00e7a de conjun\u00e7\u00e3o ou locu\u00e7\u00e3o conjuntiva comparativa. Isso j\u00e1 n\u00e3o acontece com a met\u00e1fora, que tamb\u00e9m realiza uma analogia, por\u00e9m sem a presen\u00e7a desse tipo de conectivo.<br \/>\n\n\n\n\n<h2 class=\"wp-block-heading\">Quais s\u00e3o 5 exemplos de met\u00e1foras?<\/h2>\n\n\n\n<h2 class=\"wp-block-heading\">Quais s\u00e3o 5 exemplos de figuras de linguagem?<\/h2>\n\n\n<p><\/p>\n\n<ul class=\"wp-block-list\">\n<li>Met\u00e1fora. Provavelmente esta \u00e9 uma das figuras de linguagem mais conhecidas e usadas em nosso dia a dia. &#8230;<\/li>\n<li>Compara\u00e7\u00e3o. &#8230;<\/li>\n<li>Meton\u00edmia. &#8230;<\/li>\n<li>Catacrese. &#8230;<\/li>\n<li>Sinestesia. &#8230;<\/li>\n<li>Hip\u00e9rbole. &#8230;<\/li>\n<li>Eufemismo. &#8230;<\/li>\n<li>Litote.<\/li>\n<\/ul>\n\n\n\n\n<h2 class=\"wp-block-heading\">Quais s\u00e3o 3 exemplos de met\u00e1foras em letras de m\u00fasicas?<\/h2>\n\n\n<p><\/p>\n\n<ul class=\"wp-block-list\">\n<li>&#8220;Minha vida \u00e9 um palco iluminado.&#8221; ( m\u00fasica Ch\u00e3o de estrelas, de Silvio Caldas)<\/li>\n<li>&#8220;O meu cart\u00e3o de cr\u00e9dito \u00e9 uma navalha.&#8221; ( m\u00fasica Brasil, de Cazuza)<\/li>\n<li>&#8220;Amor \u00e9 fogo que arde sem se ver&#8230;&#8221; ( trecho de um poema de Cam\u00f5es)<\/li>\n<\/ul>\n\n\n\n\n<h2 class=\"wp-block-heading\">O que \u00e9 met\u00e1fora?<\/h2>\n\nUma met\u00e1fora \u00e9 uma figura de linguagem que, para efeito ret\u00f3rico , se refere a uma coisa mencionando outra. Pode fornecer clareza ou identificar semelhan\u00e7as ocultas entre duas ideias diferentes. As met\u00e1foras geralmente t\u00eam como objetivo criar uma semelhan\u00e7a ou uma analogia .<br \/>\n\n\n\n\n<h2 class=\"wp-block-heading\">Qual \u00e9 o sin\u00f4nimo de met\u00e1fora?<\/h2>\n\n\n<p><\/p>8 sin\u00f4nimos de met\u00e1fora para 1 sentido da palavra met\u00e1fora: Compara\u00e7\u00e3o impl\u00edcita entre elementos: 1 imagem, compara\u00e7\u00e3o, figura, s\u00edmbolo, alegoria, representa\u00e7\u00e3o, tropo, transla\u00e7\u00e3o.<br \/>\n\n\n","protected":false},"excerpt":{"rendered":"<p>O que \u00e9 uma met\u00e1fora? O que \u00e9 uma met\u00e1fora segundo a B\u00edblia? Figura de linguagem em que se faz a substitui\u00e7\u00e3o do sentido natural de uma palavra por outro sentido, em virtude da semelhan\u00e7a que h\u00e1 entre o sentido natural e o figurado. Jesus, por exemplo, para ilustrar o fato de que s\u00f3 ele [&hellip;]<\/p>\n","protected":false},"author":2,"featured_media":0,"comment_status":"open","ping_status":"closed","sticky":false,"template":"","format":"standard","meta":{"footnotes":""},"categories":[1],"tags":[],"class_list":["post-23347","post","type-post","status-publish","format-standard","hentry","category-conteudo"],"_links":{"self":[{"href":"https:\/\/ammabarbacena.com.br\/perguntas-frequentes\/wp-json\/wp\/v2\/posts\/23347","targetHints":{"allow":["GET"]}}],"collection":[{"href":"https:\/\/ammabarbacena.com.br\/perguntas-frequentes\/wp-json\/wp\/v2\/posts"}],"about":[{"href":"https:\/\/ammabarbacena.com.br\/perguntas-frequentes\/wp-json\/wp\/v2\/types\/post"}],"author":[{"embeddable":true,"href":"https:\/\/ammabarbacena.com.br\/perguntas-frequentes\/wp-json\/wp\/v2\/users\/2"}],"replies":[{"embeddable":true,"href":"https:\/\/ammabarbacena.com.br\/perguntas-frequentes\/wp-json\/wp\/v2\/comments?post=23347"}],"version-history":[{"count":1,"href":"https:\/\/ammabarbacena.com.br\/perguntas-frequentes\/wp-json\/wp\/v2\/posts\/23347\/revisions"}],"predecessor-version":[{"id":23348,"href":"https:\/\/ammabarbacena.com.br\/perguntas-frequentes\/wp-json\/wp\/v2\/posts\/23347\/revisions\/23348"}],"wp:attachment":[{"href":"https:\/\/ammabarbacena.com.br\/perguntas-frequentes\/wp-json\/wp\/v2\/media?parent=23347"}],"wp:term":[{"taxonomy":"category","embeddable":true,"href":"https:\/\/ammabarbacena.com.br\/perguntas-frequentes\/wp-json\/wp\/v2\/categories?post=23347"},{"taxonomy":"post_tag","embeddable":true,"href":"https:\/\/ammabarbacena.com.br\/perguntas-frequentes\/wp-json\/wp\/v2\/tags?post=23347"}],"curies":[{"name":"wp","href":"https:\/\/api.w.org\/{rel}","templated":true}]}}