{"id":23199,"date":"2025-08-09T22:07:06","date_gmt":"2025-08-09T22:07:06","guid":{"rendered":"http:\/\/07a67c9b-b998-459d-b3ae-23846926ba36"},"modified":"2025-08-09T22:07:06","modified_gmt":"2025-08-09T22:07:06","slug":"o-que-e-assercao","status":"publish","type":"post","link":"https:\/\/ammabarbacena.com.br\/perguntas-frequentes\/o-que-e-assercao\/","title":{"rendered":"O que \u00e9 asser\u00e7\u00e3o"},"content":{"rendered":"\n\n<h2 class=\"wp-block-heading\">O que significa a palavra asser\u00e7\u00e3o?<\/h2>\n\n\n\n<h2 class=\"wp-block-heading\">Qual o significado da palavra asser\u00e7\u00e3o?<\/h2>\n\n\n<p><\/p>Uma asser\u00e7\u00e3o \u00e9 um conte\u00fado que pode ser tomado como verdadeiro ou falso. Asser\u00e7\u00f5es s\u00e3o abstra\u00e7\u00f5es de senten\u00e7as n\u00e3o lingu\u00edsticas que a constituem. A natureza das proposi\u00e7\u00f5es \u00e9 altamente controversa entre fil\u00f3sofos, muitos dos quais s\u00e3o c\u00e9ticos sobre a exist\u00eancia de proposi\u00e7\u00f5es.<br \/>\n\n\n\n\n<h2 class=\"wp-block-heading\">O que significa asser\u00e7\u00e3o na B\u00edblia?<\/h2>\n\n\n<p><\/p>\n\n<ul class=\"wp-block-list\">\n<li>Significado de asser\u00e7\u00e3o<\/li>\n<li> Afirma\u00e7\u00e3o; proposi\u00e7\u00e3o que se faz com muita certeza; assertiva.<\/li>\n<\/ul>\n\n\n\n\n<h2 class=\"wp-block-heading\">O que \u00e9 asser\u00e7\u00e3o no direito?<\/h2>\n\n\n<p><\/p>A teoria da asser\u00e7\u00e3o defende que as quest\u00f5es relacionadas \u00e0s condi\u00e7\u00f5es da a\u00e7\u00e3o, como a legitimidade passiva, s\u00e3o aferidas \u00e0 luz do que o autor afirma na peti\u00e7\u00e3o inicial, adstritas ao exame da possibilidade, em tese, da exist\u00eancia do v\u00ednculo jur\u00eddico-obrigacional entre as partes, e n\u00e3o do direito provado.<br \/>\n\n\n\n\n<h2 class=\"wp-block-heading\">O que significa fazer asser\u00e7\u00e3o?<\/h2>\n\nResumo. A palavra asser\u00e7\u00e3o vem do latim assertione e significa afirma\u00e7\u00e3o, alega\u00e7\u00e3o, argumenta\u00e7\u00e3o, tamb\u00e9m denominada de prospettazione, que pode ser transliterada para prote\u00e7\u00e3o.<br \/>\n\n\n\n\n<h2 class=\"wp-block-heading\">O que significa &#8220;asser\u00e7\u00e3o&#8221;?<\/h2>\n\n\n<p><\/p>Uma asser\u00e7\u00e3o \u00e9 um conte\u00fado que pode ser tomado como verdadeiro ou falso. Asser\u00e7\u00f5es s\u00e3o abstra\u00e7\u00f5es de senten\u00e7as n\u00e3o lingu\u00edsticas que a constituem. A natureza das proposi\u00e7\u00f5es \u00e9 altamente controversa entre fil\u00f3sofos, muitos dos quais s\u00e3o c\u00e9ticos sobre a exist\u00eancia de proposi\u00e7\u00f5es.<br \/>\n\n\n\n\n<h2 class=\"wp-block-heading\">O que significa o assolador na B\u00edblia?<\/h2>\n\n\n<p><\/p>O mesmo que: destruidores, devastadores.<br \/>\n\n\n\n\n<h2 class=\"wp-block-heading\">O que diz a teoria da asser\u00e7\u00e3o?<\/h2>\n\n\n<p><\/p>\u201c1. A teoria da asser\u00e7\u00e3o defende que as quest\u00f5es relacionadas \u00e0s condi\u00e7\u00f5es da a\u00e7\u00e3o, como a legitimidade passiva, s\u00e3o aferidas \u00e0 luz do que o autor afirma na peti\u00e7\u00e3o inicial, adstritas ao exame da possibilidade, em tese, da exist\u00eancia do v\u00ednculo jur\u00eddico-obrigacional entre as partes, e n\u00e3o do direito provado.<br \/>\n\n\n\n\n<h2 class=\"wp-block-heading\">O que \u00e9 uma quest\u00e3o, asser\u00e7\u00e3o e raz\u00e3o?<\/h2>\n\n\n<p><\/p>A Quest\u00e3o Asser\u00e7\u00e3o-raz\u00e3o consiste na an\u00e1lise de rela\u00e7\u00f5es, onde duas proposi\u00e7\u00f5es que s\u00e3o ligadas pela palavra PORQUE, sendo que a segunda proposi\u00e7\u00e3o pode ser (ou n\u00e3o) a raz\u00e3o ou justificativa da primeira proposi\u00e7\u00e3o.<br \/>\n\n\n\n\n<h2 class=\"wp-block-heading\">O que \u00e9 asse\u00e7\u00e3o?<\/h2>\n\nConceito poliss\u00e9mico, a acess\u00e3o, enquanto figura relacionada com a aquisi\u00e7\u00e3o de direitos reais, corresponde a um modo particular de aquisi\u00e7\u00e3o do direito de propriedade. Suscita-se sempre que a coisa que \u00e9 propriedade de algu\u00e9m se une e incorpora a outra coisa que lhe n\u00e3o pertencia.<br \/>\n\n\n\n\n<h2 class=\"wp-block-heading\">Qual \u00e9 o conceito de acess\u00e3o?<\/h2>\n\n\n<p><\/p>Conceito poliss\u00e9mico, a acess\u00e3o, enquanto figura relacionada com a aquisi\u00e7\u00e3o de direitos reais, corresponde a um modo particular de aquisi\u00e7\u00e3o do direito de propriedade. Suscita-se sempre que a coisa que \u00e9 propriedade de algu\u00e9m se une e incorpora a outra coisa que lhe n\u00e3o pertencia.<br \/>\n\n\n\n\n<h2 class=\"wp-block-heading\">O que \u00e9 uma asser\u00e7\u00e3o verdadeira?<\/h2>\n\n\n<p><\/p>Uma asser\u00e7\u00e3o \u00e9 um conte\u00fado que pode ser tomado como verdadeiro ou falso. Asser\u00e7\u00f5es s\u00e3o abstra\u00e7\u00f5es de senten\u00e7as n\u00e3o lingu\u00edsticas que a constituem. A natureza das proposi\u00e7\u00f5es \u00e9 altamente controversa entre fil\u00f3sofos, muitos dos quais s\u00e3o c\u00e9ticos sobre a exist\u00eancia de proposi\u00e7\u00f5es.<br \/>\n\n\n\n\n<h2 class=\"wp-block-heading\">O que s\u00e3o asser\u00e7\u00f5es?<\/h2>\n\nUma asser\u00e7\u00e3o \u00e9 um conte\u00fado que pode ser tomado como verdadeiro ou falso. Asser\u00e7\u00f5es s\u00e3o abstra\u00e7\u00f5es de senten\u00e7as n\u00e3o lingu\u00edsticas que a constituem. A natureza das proposi\u00e7\u00f5es \u00e9 altamente controversa entre fil\u00f3sofos, muitos dos quais s\u00e3o c\u00e9ticos sobre a exist\u00eancia de proposi\u00e7\u00f5es.<br \/>\n\n\n\n\n<h2 class=\"wp-block-heading\">O que \u00e9 asser\u00e7\u00e3o na l\u00edngua portuguesa?<\/h2>\n\n\n<p><\/p>\n\n<ul class=\"wp-block-list\">\n<li>Dicion\u00e1rio Brasileiro da L\u00edngua Portuguesa<\/li>\n<li> Proposi\u00e7\u00e3o enunciada como verdadeira; afirma\u00e7\u00e3o categ\u00f3rica; assertiva, asserto : \u201cMas se vos disser a como\u00e7\u00e3o que tive, duvidai um pouco da asser\u00e7\u00e3o, e n\u00e3o a aceitai sem provas\u201d ( MA3 ) . ETIMOLOGIA lat assert\u012do.<\/li>\n<\/ul>\n\n\n\n\n<h2 class=\"wp-block-heading\">Quais s\u00e3o as asser\u00e7\u00f5es?<\/h2>\n\n\n<p><\/p>Uma asser\u00e7\u00e3o \u00e9 um conte\u00fado que pode ser tomado como verdadeiro ou falso. Asser\u00e7\u00f5es s\u00e3o abstra\u00e7\u00f5es de senten\u00e7as n\u00e3o lingu\u00edsticas que a constituem. A natureza das proposi\u00e7\u00f5es \u00e9 altamente controversa entre fil\u00f3sofos, muitos dos quais s\u00e3o c\u00e9ticos sobre a exist\u00eancia de proposi\u00e7\u00f5es.<br \/>\n\n\n\n\n<h2 class=\"wp-block-heading\">Qual \u00e9 o sin\u00f4nimo de &#8220;asser\u00e7\u00e3o&#8221;?<\/h2>\n\n\n\n<h2 class=\"wp-block-heading\">Qual \u00e9 o sin\u00f4nimo de &#8220;asser\u00e7\u00f5es&#8221;?<\/h2>\n\n\n<p><\/p>1 afirma\u00e7\u00e3o, afirmativa, alega\u00e7\u00e3o, assertiva, assevera\u00e7\u00e3o, asserto, certeza, palavra, protesto. Escreva sua frase com a palavra &#8220;asser\u00e7\u00e3o&#8221; e vamos gerar 3 alternativas com sin\u00f4nimos. Suas vers\u00f5es reescritas aparecer\u00e3o aqui. Precisa melhorar o seu texto?<br \/>\n\n\n\n\n<h2 class=\"wp-block-heading\">O que \u00e9 estado de asser\u00e7\u00e3o?<\/h2>\n\nA teoria da asser\u00e7\u00e3o consiste em levar em conta o que o autor alega, sem que se fa\u00e7a, de plano, o cotejo com as provas trazidas. Aceitam-se in statu assertionis os fatos trazidos pelo autor; n\u00e3o se procede, aqui, \u00e0 dila\u00e7\u00e3o probat\u00f3ria para se definir se h\u00e1 condi\u00e7\u00f5es da a\u00e7\u00e3o.<br \/>\n\n\n\n\n<h2 class=\"wp-block-heading\">O que significa &#8220;asser\u00e7\u00e3o de direitos&#8221;?<\/h2>\n\n\n<p><\/p>A asser\u00e7\u00e3o, no contexto jur\u00eddico brasileiro, refere-se a uma afirma\u00e7\u00e3o categ\u00f3rica ou declara\u00e7\u00e3o positiva sobre determinado fato ou direito.<br \/>\n\n\n\n\n<h2 class=\"wp-block-heading\">O que \u00e9 ac\u00e7\u00e3o de estado?<\/h2>\n\n\n<p><\/p>As a\u00e7\u00f5es de estado s\u00e3o aquelas que visam declarar, modificar ou extinguir o estado da pessoa natural, compreendendo seu estado individual (idade, capacidade), familiar (filia\u00e7\u00e3o, estado conjugal) ou pol\u00edtico (nacionalidade, cidadania).<br \/>\n\n\n\n\n<h2 class=\"wp-block-heading\">Quem criou a teoria da asser\u00e7\u00e3o?<\/h2>\n\n\n<p><\/p>LIEBMAN, Enrico Tulio.<br \/>\n\n\n\n\n<h2 class=\"wp-block-heading\">O que \u00e9 a teoria da asser\u00e7\u00e3o de Liebman?<\/h2>\n\n\n<p><\/p>Buscando rever o posicionamento de Liebman, a doutrina desenvolveu a teoria da asser\u00e7\u00e3o (prospettazzione, para os italianos), segundo a qual o preenchimento das condi\u00e7\u00f5es da a\u00e7\u00e3o deve ser examinado \u00e0 luz da narrativa feita na inicial, no estado da afirma\u00e7\u00e3o das partes (in statu assertionis).<br \/>\n\n\n","protected":false},"excerpt":{"rendered":"<p>O que significa a palavra asser\u00e7\u00e3o? Qual o significado da palavra asser\u00e7\u00e3o? Uma asser\u00e7\u00e3o \u00e9 um conte\u00fado que pode ser tomado como verdadeiro ou falso. Asser\u00e7\u00f5es s\u00e3o abstra\u00e7\u00f5es de senten\u00e7as n\u00e3o lingu\u00edsticas que a constituem. A natureza das proposi\u00e7\u00f5es \u00e9 altamente controversa entre fil\u00f3sofos, muitos dos quais s\u00e3o c\u00e9ticos sobre a exist\u00eancia de proposi\u00e7\u00f5es. O [&hellip;]<\/p>\n","protected":false},"author":2,"featured_media":0,"comment_status":"open","ping_status":"closed","sticky":false,"template":"","format":"standard","meta":{"footnotes":""},"categories":[1],"tags":[],"class_list":["post-23199","post","type-post","status-publish","format-standard","hentry","category-conteudo"],"_links":{"self":[{"href":"https:\/\/ammabarbacena.com.br\/perguntas-frequentes\/wp-json\/wp\/v2\/posts\/23199","targetHints":{"allow":["GET"]}}],"collection":[{"href":"https:\/\/ammabarbacena.com.br\/perguntas-frequentes\/wp-json\/wp\/v2\/posts"}],"about":[{"href":"https:\/\/ammabarbacena.com.br\/perguntas-frequentes\/wp-json\/wp\/v2\/types\/post"}],"author":[{"embeddable":true,"href":"https:\/\/ammabarbacena.com.br\/perguntas-frequentes\/wp-json\/wp\/v2\/users\/2"}],"replies":[{"embeddable":true,"href":"https:\/\/ammabarbacena.com.br\/perguntas-frequentes\/wp-json\/wp\/v2\/comments?post=23199"}],"version-history":[{"count":1,"href":"https:\/\/ammabarbacena.com.br\/perguntas-frequentes\/wp-json\/wp\/v2\/posts\/23199\/revisions"}],"predecessor-version":[{"id":23200,"href":"https:\/\/ammabarbacena.com.br\/perguntas-frequentes\/wp-json\/wp\/v2\/posts\/23199\/revisions\/23200"}],"wp:attachment":[{"href":"https:\/\/ammabarbacena.com.br\/perguntas-frequentes\/wp-json\/wp\/v2\/media?parent=23199"}],"wp:term":[{"taxonomy":"category","embeddable":true,"href":"https:\/\/ammabarbacena.com.br\/perguntas-frequentes\/wp-json\/wp\/v2\/categories?post=23199"},{"taxonomy":"post_tag","embeddable":true,"href":"https:\/\/ammabarbacena.com.br\/perguntas-frequentes\/wp-json\/wp\/v2\/tags?post=23199"}],"curies":[{"name":"wp","href":"https:\/\/api.w.org\/{rel}","templated":true}]}}