{"id":23179,"date":"2025-08-09T21:52:47","date_gmt":"2025-08-09T21:52:47","guid":{"rendered":"http:\/\/726d39a3-a4af-424d-8915-1e0b271f9a6f"},"modified":"2025-08-09T21:52:47","modified_gmt":"2025-08-09T21:52:47","slug":"o-que-e-afeccao","status":"publish","type":"post","link":"https:\/\/ammabarbacena.com.br\/perguntas-frequentes\/o-que-e-afeccao\/","title":{"rendered":"O que \u00e9 afec\u00e7\u00e3o"},"content":{"rendered":"\n\n<h2 class=\"wp-block-heading\">O que significa afec\u00e7\u00e3o?<\/h2>\n\nAfec\u00e7\u00e3o prov\u00e9m do latim affectione, a\u00e7\u00e3o de afetar, influ\u00eancia; estado resultante da influ\u00eancia sofrida; modifica\u00e7\u00e3o (3). Doen\u00e7a, em latim, era designada por morbus, i, donde m\u00f3rbido, morbidade, morb\u00edfico, morb\u00edgeno etc.<br \/>\n\n\n\n\n<h2 class=\"wp-block-heading\">O que \u00e9 afec\u00e7\u00e3o?<\/h2>\n\n\n<p><\/p>Afec\u00e7\u00e3o prov\u00e9m do latim affectione, a\u00e7\u00e3o de afetar, influ\u00eancia; estado resultante da influ\u00eancia sofrida; modifica\u00e7\u00e3o (3). Doen\u00e7a, em latim, era designada por morbus, i, donde m\u00f3rbido, morbidade, morb\u00edfico, morb\u00edgeno etc.<br \/>\n\n\n\n\n<h2 class=\"wp-block-heading\">O que significa doen\u00e7as e afec\u00e7\u00f5es suspeitas?<\/h2>\n\n\n<p><\/p>O CID Z03 designa avalia\u00e7\u00e3o m\u00e9dica por doen\u00e7as e afec\u00e7\u00f5es suspeitas. Conforme descreve o DATASUS, o c\u00f3digo se aplica a: \u201cPessoas que apresentam alguns sintomas ou evid\u00eancia de uma afec\u00e7\u00e3o anormal que requer estudo mas que, ap\u00f3s exame e observa\u00e7\u00e3o mostram n\u00e3o necessitar de tratamento ou assist\u00eancia m\u00e9dica adicionais\u201d.<br \/>\n\n\n\n\n<h2 class=\"wp-block-heading\">O que significa o termo t\u00e9cnico afec\u00e7\u00e3o?<\/h2>\n\nAfec\u00e7\u00e3o \u2013 processo m\u00f3rbido considerado em suas manifesta\u00e7\u00f5es atuais, com abstra\u00e7\u00e3o de sua causa primordial. Agente etiol\u00f3gico \u2013 fator cuja presen\u00e7a ou aus\u00eancia \u00e9 indispens\u00e1vel ao in\u00edcio ou manuten\u00e7\u00e3o de um processo m\u00f3rbido. Agente infeccioso \u2013 organismo capaz de produzir infec\u00e7\u00e3o ou doen\u00e7a infecciosa.<br \/>\n\n\n\n\n<h2 class=\"wp-block-heading\">O que significa &#8220;afec\u00e7\u00e3o&#8221;?<\/h2>\n\n\n<p><\/p>Afec\u00e7\u00e3o prov\u00e9m do latim affectione, a\u00e7\u00e3o de afetar, influ\u00eancia; estado resultante da influ\u00eancia sofrida; modifica\u00e7\u00e3o (3). Doen\u00e7a, em latim, era designada por morbus, i, donde m\u00f3rbido, morbidade, morb\u00edfico, morb\u00edgeno etc.<br \/>\n\n\n\n\n<h2 class=\"wp-block-heading\">Qual \u00e9 o termo t\u00e9cnico para afec\u00e7\u00e3o?<\/h2>\n\n\n<p><\/p>AFEC\u00c7\u00c3O = estado m\u00f3rbido, enfermidade.<br \/>\n\n\n\n\n<h2 class=\"wp-block-heading\">O que significa o termo t\u00e9cnico Afebril?<\/h2>\n\n\n<p><\/p>Afebril: apir\u00e9tico, sem febre.<br \/>\n\n\n\n\n<h2 class=\"wp-block-heading\">Qual \u00e9 o significado do termo t\u00e9cnico &#8220;\u00e1lgico&#8221;?<\/h2>\n\n\n<p><\/p>\u00c1lgico: relativo a dor, doloroso. Analgesia: perda da sensibilidade para a dor, conservando a sensibilidade t\u00e1til.<br \/>\n\n\n\n\n<h2 class=\"wp-block-heading\">Qual \u00e9 o sin\u00f4nimo de afec\u00e7\u00e3o?<\/h2>\n\n\n<p><\/p>1 doen\u00e7as, problemas, dist\u00farbios, disfun\u00e7\u00f5es, males, enfermidades, mol\u00e9stias, mazelas, indisposi\u00e7\u00f5es, mal-estares, adoecimentos, padecimentos, patologias, ataques, achaques, morbos.<br \/>\n\n\n\n\n<h2 class=\"wp-block-heading\">Qual o sin\u00f4nimo de afec\u00e7\u00e3o?<\/h2>\n\n1 doen\u00e7as, problemas, dist\u00farbios, disfun\u00e7\u00f5es, males, enfermidades, mol\u00e9stias, mazelas, indisposi\u00e7\u00f5es, mal-estares, adoecimentos, padecimentos, patologias, ataques, achaques, morbos.<br \/>\n\n\n\n\n<h2 class=\"wp-block-heading\">Qual o sin\u00f4nimo de patologia?<\/h2>\n\n\n<p><\/p>1 doen\u00e7a, anomalia, altera\u00e7\u00e3o, dist\u00farbio, disfun\u00e7\u00e3o, afec\u00e7\u00e3o, mal, problema, mazela.<br \/>\n\n\n\n\n<h2 class=\"wp-block-heading\">O que s\u00e3o afe\u00e7\u00f5es?<\/h2>\n\n1. Doen\u00e7a que tem frequentes manifesta\u00e7\u00f5es. 2. Como\u00e7\u00e3o.<br \/>\n\n\n\n\n<h2 class=\"wp-block-heading\">O que \u00e9 uma afec\u00e7\u00e3o?<\/h2>\n\n\n<p><\/p>Afec\u00e7\u00e3o prov\u00e9m do latim affectione, a\u00e7\u00e3o de afetar, influ\u00eancia; estado resultante da influ\u00eancia sofrida; modifica\u00e7\u00e3o (3). Doen\u00e7a, em latim, era designada por morbus, i, donde m\u00f3rbido, morbidade, morb\u00edfico, morb\u00edgeno etc.<br \/>\n\n\n\n\n<h2 class=\"wp-block-heading\">O que significa afei\u00e7\u00e3o?<\/h2>\n\n\n<p><\/p>Afei\u00e7\u00e3o (vinda de afeto), \u00e9 representado por um apego a algu\u00e9m ou a alguma coisa, gerando carinho, saudade (quando distantes), confian\u00e7a e intimidade, o termo perfeito para amor entre duas pessoas.<br \/>\n\n\n\n\n<h2 class=\"wp-block-heading\">O que \u00e9 o significado de algia?<\/h2>\n\n\n<p><\/p>\n\n<ul class=\"wp-block-list\">\n<li>Dicion\u00e1rio Brasileiro da L\u00edngua Portuguesa<\/li>\n<li> Med Dor em um \u00f3rg\u00e3o ou em uma regi\u00e3o do corpo, sem corresponder a les\u00e3o anat\u00f4mica.<\/li>\n<\/ul>\n\n\n\n\n<h2 class=\"wp-block-heading\">O que \u00e9 uma afec\u00e7\u00e3o cong\u00eanita?<\/h2>\n\n\n<p><\/p>As doen\u00e7as cong\u00eanitas, tamb\u00e9m conhecidas como defeitos ou anomalias cong\u00eanitas, representam um grupo de condi\u00e7\u00f5es que causam altera\u00e7\u00f5es na estrutura ou na fun\u00e7\u00e3o dos \u00f3rg\u00e3os ou partes do corpo.<br \/>\n\n\n\n\n<h2 class=\"wp-block-heading\">O que \u00e9 afec\u00e7\u00e3o ou infec\u00e7\u00e3o?<\/h2>\n\nA infec\u00e7\u00e3o \u00e9 o processo do corpo contra algum agente externo, como v\u00edrus e bact\u00e9rias. J\u00e1 as inflama\u00e7\u00f5es s\u00e3o um mecanismo de defesa do corpo, causados por pancadas, cortes ou pelo pr\u00f3prio organismo, podendo acompanhar uma infec\u00e7\u00e3o, ou n\u00e3o. \u201cOs quadros inflamat\u00f3rios mais comuns vemos no dia a dia.<br \/>\n\n\n\n\n<h2 class=\"wp-block-heading\">Qual a diferen\u00e7a entre infec\u00e7\u00e3o e afec\u00e7\u00e3o?<\/h2>\n\n\n<p><\/p>A infec\u00e7\u00e3o \u00e9 o processo do corpo contra algum agente externo, como v\u00edrus e bact\u00e9rias. J\u00e1 as inflama\u00e7\u00f5es s\u00e3o um mecanismo de defesa do corpo, causados por pancadas, cortes ou pelo pr\u00f3prio organismo, podendo acompanhar uma infec\u00e7\u00e3o, ou n\u00e3o. \u201cOs quadros inflamat\u00f3rios mais comuns vemos no dia a dia.<br \/>\n\n\n\n\n<h2 class=\"wp-block-heading\">O que \u00e9 afec\u00e7\u00e3o na enfermagem?<\/h2>\n\n\n<p><\/p>Afec\u00e7\u00e3o \u2013 processo m\u00f3rbido considerado em suas manifesta\u00e7\u00f5es atuais, com abstra\u00e7\u00e3o de sua causa primordial. Agente etiol\u00f3gico \u2013 fator cuja presen\u00e7a ou aus\u00eancia \u00e9 indispens\u00e1vel ao in\u00edcio ou manuten\u00e7\u00e3o de um processo m\u00f3rbido. Agente infeccioso \u2013 organismo capaz de produzir infec\u00e7\u00e3o ou doen\u00e7a infecciosa.<br \/>\n\n\n\n\n<h2 class=\"wp-block-heading\">Quais s\u00e3o os 4 tipos de infec\u00e7\u00e3o?<\/h2>\n\n\n<p><\/p>A infec\u00e7\u00e3o ocorre quando germes entram no corpo e se multiplicam, causando doen\u00e7as e enfermidades. Diferentes tipos de pat\u00f3genos, um termo sofisticado para germes, causam diferentes tipos de enfermidades. Eles se dividem em quatro tipos: v\u00edrus, bact\u00e9rias, fungos e parasitas.<br \/>\n\n\n\n\n<h2 class=\"wp-block-heading\">O que \u00e9 uma pessoa bem afei\u00e7oada?<\/h2>\n\n1. Que tem certa fei\u00e7\u00e3o ou a que se deu determinada forma (ex.: mon\u00f3lito afei\u00e7oado). 2. Inclinado a certas ideias ou sistemas.<br \/>\n\n\n\n\n<h2 class=\"wp-block-heading\">O que significa afei\u00e7oada?<\/h2>\n\n\n<p><\/p>Afei\u00e7oada \u00e9 o feminino de afei\u00e7oado. O mesmo que: adaptada, dedicada, desvelada, devotada.<br \/>\n\n\n\n\n<h2 class=\"wp-block-heading\">O que \u00e9 ter afei\u00e7\u00e3o por uma pessoa?<\/h2>\n\n\n<p><\/p>Afei\u00e7\u00e3o (vinda de afeto), \u00e9 representado por um apego a algu\u00e9m ou a alguma coisa, gerando carinho, saudade (quando distantes), confian\u00e7a e intimidade, o termo perfeito para amor entre duas pessoas.<br \/>\n\n\n\n\n<h2 class=\"wp-block-heading\">O que \u00e9 se afei\u00e7oar a algu\u00e9m?<\/h2>\n\n\n<p><\/p>1 Inspirar afei\u00e7\u00e3o a: Sempre meiga e gentil, ela afei\u00e7oava os colegas. 2 Ter ou tomar afei\u00e7\u00e3o : Afei\u00e7oar-se a algu\u00e9m, afei\u00e7oar-se com as coisas mundanas.<br \/>\n\n\n\n\n<h2 class=\"wp-block-heading\">O que \u00e9 afei\u00e7oado na B\u00edblia?<\/h2>\n\n\n<p><\/p>&#8216;Afei\u00e7oar&#8217; significa sentir afeto, amizade ou amor por algu\u00e9m ou algo, e a a\u00ed lendo esta passagem de Colossenses na tradu\u00e7\u00e3o da b\u00edblia @avemaria voc\u00ea pensa\ud83e\udd14: Tenho mais afeto, amizade e amor pelas coisas do alto, do C\u00e9u ou pelas coisas da Terra, pessoas, bens, cargos&#8230;?<br \/>\n\n\n\n\n<h2 class=\"wp-block-heading\">O que \u00e9 ser bem afei\u00e7oado?<\/h2>\n\n\n<p><\/p>1. Que tem certa fei\u00e7\u00e3o ou a que se deu determinada forma (ex.: mon\u00f3lito afei\u00e7oado). 2. Inclinado a certas ideias ou sistemas.<br \/>\n\n\n","protected":false},"excerpt":{"rendered":"<p>O que significa afec\u00e7\u00e3o? Afec\u00e7\u00e3o prov\u00e9m do latim affectione, a\u00e7\u00e3o de afetar, influ\u00eancia; estado resultante da influ\u00eancia sofrida; modifica\u00e7\u00e3o (3). Doen\u00e7a, em latim, era designada por morbus, i, donde m\u00f3rbido, morbidade, morb\u00edfico, morb\u00edgeno etc. O que \u00e9 afec\u00e7\u00e3o? Afec\u00e7\u00e3o prov\u00e9m do latim affectione, a\u00e7\u00e3o de afetar, influ\u00eancia; estado resultante da influ\u00eancia sofrida; modifica\u00e7\u00e3o (3). Doen\u00e7a, [&hellip;]<\/p>\n","protected":false},"author":2,"featured_media":0,"comment_status":"open","ping_status":"closed","sticky":false,"template":"","format":"standard","meta":{"footnotes":""},"categories":[1],"tags":[],"class_list":["post-23179","post","type-post","status-publish","format-standard","hentry","category-conteudo"],"_links":{"self":[{"href":"https:\/\/ammabarbacena.com.br\/perguntas-frequentes\/wp-json\/wp\/v2\/posts\/23179","targetHints":{"allow":["GET"]}}],"collection":[{"href":"https:\/\/ammabarbacena.com.br\/perguntas-frequentes\/wp-json\/wp\/v2\/posts"}],"about":[{"href":"https:\/\/ammabarbacena.com.br\/perguntas-frequentes\/wp-json\/wp\/v2\/types\/post"}],"author":[{"embeddable":true,"href":"https:\/\/ammabarbacena.com.br\/perguntas-frequentes\/wp-json\/wp\/v2\/users\/2"}],"replies":[{"embeddable":true,"href":"https:\/\/ammabarbacena.com.br\/perguntas-frequentes\/wp-json\/wp\/v2\/comments?post=23179"}],"version-history":[{"count":1,"href":"https:\/\/ammabarbacena.com.br\/perguntas-frequentes\/wp-json\/wp\/v2\/posts\/23179\/revisions"}],"predecessor-version":[{"id":23180,"href":"https:\/\/ammabarbacena.com.br\/perguntas-frequentes\/wp-json\/wp\/v2\/posts\/23179\/revisions\/23180"}],"wp:attachment":[{"href":"https:\/\/ammabarbacena.com.br\/perguntas-frequentes\/wp-json\/wp\/v2\/media?parent=23179"}],"wp:term":[{"taxonomy":"category","embeddable":true,"href":"https:\/\/ammabarbacena.com.br\/perguntas-frequentes\/wp-json\/wp\/v2\/categories?post=23179"},{"taxonomy":"post_tag","embeddable":true,"href":"https:\/\/ammabarbacena.com.br\/perguntas-frequentes\/wp-json\/wp\/v2\/tags?post=23179"}],"curies":[{"name":"wp","href":"https:\/\/api.w.org\/{rel}","templated":true}]}}