{"id":23169,"date":"2025-08-09T21:45:30","date_gmt":"2025-08-09T21:45:30","guid":{"rendered":"http:\/\/4bd165fb-17ae-402c-9cdd-89a0792a4425"},"modified":"2025-08-09T21:45:30","modified_gmt":"2025-08-09T21:45:30","slug":"o-pior-cego-e-aquele-que-nao-quer-enxergar","status":"publish","type":"post","link":"https:\/\/ammabarbacena.com.br\/perguntas-frequentes\/o-pior-cego-e-aquele-que-nao-quer-enxergar\/","title":{"rendered":"O pior cego \u00e9 aquele que n\u00e3o quer enxergar"},"content":{"rendered":"\n\n<h2 class=\"wp-block-heading\">De quem \u00e9 a frase &#8220;O pior cego \u00e9 aquele que n\u00e3o quer&#8221;?<\/h2>\n\n\u201cO pior cego \u00e9 aquele que n\u00e3o quer ver\u201d. A frase, atribu\u00edda ao pensador Helo\u00e1 Marques, faz refletir muito al\u00e9m de qualquer limita\u00e7\u00e3o visual que algu\u00e9m possa ter, antes, mira de maneira objetiva quem, por op\u00e7\u00e3o, prefere se omitir, negar, esconder e desconsiderar alguma situa\u00e7\u00e3o.<br \/>\n\n\n\n\n<h2 class=\"wp-block-heading\">O que significa o prov\u00e9rbio &#8220;O pior cego \u00e9 aquele que n\u00e3o quer ver&#8221;?<\/h2>\n\n\n<p><\/p>Cego que n\u00e3o quer ver e surdo que n\u00e3o quer ouvir andavam juntos na sabedoria popular, que ora falava de um, ora de outro, sempre com o mesmo sentido, o do sujeito que se nega a ver ou enxergar a verdade, ou seja, prefere ignorar a situa\u00e7\u00e3o. Esse \u00e9 um pensamento de origem b\u00edblica.<br \/>\n\n\n\n\n<h2 class=\"wp-block-heading\">Qual \u00e9 o ditado popular sobre o cego?<\/h2>\n\n\n<p><\/p>O pior cego \u00e9 aquele que n\u00e3o quer ver ! Tenho certeza que voc\u00ea j\u00e1 ouviu esse ditado popular, mas ser\u00e1 que ele \u00e9 problematico? \ud83e\udd14 O capacitismo \u00e9 estrutural e est\u00e1 presente de diversas formas na sociedade.<br \/>\n\n\n\n\n<h2 class=\"wp-block-heading\">O que significa o ditado &#8220;no cego&#8221;?<\/h2>\n\n\n<p><\/p>\n\n<ul class=\"wp-block-list\">\n<li>Dicion\u00e1rio Brasileiro da L\u00edngua Portuguesa<\/li>\n<li> pej Diz-se de ou indiv\u00edduo desagrad\u00e1vel, que aborrece, irrita, estorva.<\/li>\n<\/ul>\n\n\n\n\n<h2 class=\"wp-block-heading\">De quem \u00e9 a frase &#8220;fa\u00e7a o bem sem olhar a quem&#8221;?<\/h2>\n\n\n<p><\/p>Fa\u00e7a o bem sem olhar a quem e espere que Deus ir\u00e1 te recompensar. O vers\u00edculo de Tiago 4:17 diz: \u201cPortanto, aquele que sabe que deve fazer o bem e n\u00e3o o faz, comete pecado.\u201d Isso enfatiza a import\u00e2ncia de fazer o bem, independentemente de quem seja o destinat\u00e1rio.<br \/>\n\n\n\n\n<h2 class=\"wp-block-heading\">O que significa a frase &#8220;pior cego \u00e9 o que n\u00e3o quer ver&#8221;?<\/h2>\n\nSignificado: N\u00e3o saber nada sobre determinado assunto. Nada mesmo.<br \/>\n\n\n\n\n<h2 class=\"wp-block-heading\">Qual o significado da frase &#8220;o pior cego \u00e9 aquele que n\u00e3o quer ver&#8221;?<\/h2>\n\n\n<p><\/p>Significado: N\u00e3o saber nada sobre determinado assunto.<br \/>\n\n\n\n\n<h2 class=\"wp-block-heading\">Pior cego \u00e9 aquele que n\u00e3o v\u00ea?<\/h2>\n\n\n<p><\/p>O pior cego n\u00e3o \u00e9 aquele que n\u00e3o v\u00ea, e sim aquele que finge n\u00e3o enxergar, o pior surdo o que finge n\u00e3o ouvir, o pior mudo, o que n\u00e3o admite, e a pior mentira \u00e9 enganar \u00e0 si pr\u00f3prio.<br \/>\n\n\n\n\n<h2 class=\"wp-block-heading\">Como \u00e9 aquele ditado &#8220;o pior cego&#8221;?<\/h2>\n\n\n<p><\/p>O PIOR CEGO \u00c9 AQUELE QUE N\u00c3O QUER ESCUTAR : RELA\u00c7\u00d5ES ENTRE O OLHAR E A VOZ EM PSICAN\u00c1LISE \u2013 Instituto Vox.<br \/>\n\n\n\n\n<h2 class=\"wp-block-heading\">Quem \u00e9 o autor da frase &#8220;O pior cego \u00e9 aquele que n\u00e3o quer ver&#8221;?<\/h2>\n\n\n<p><\/p>No livro &#8220;Ensaio sobre a cegueira&#8221;, de Jos\u00e9 Saramago, o autor discute sobre a indigna\u00e7\u00e3o seletiva, afirmando que a sociedade atual incentiva a insensibilidade pelo pr\u00f3ximo ao fechar os olhos para problemas importantes, parafraseando o ditado &#8220;o pior cego \u00e9 aquele que n\u00e3o quer ver&#8221;.<br \/>\n\n\n\n\n<h2 class=\"wp-block-heading\">O que seria o nada que o cego enxerga?<\/h2>\n\n\n<p><\/p>Muitas pessoas pensam que quem \u00e9 cego v\u00ea tudo preto, mas essa ideia est\u00e1 longe da realidade. Para quem nasceu cego, o conceito de preto ou qualquer outra cor simplesmente n\u00e3o existe, pois nunca tiveram uma refer\u00eancia visual para comparar. \u00c9 como tentar enxergar usando a ponta do cotovelo: simplesmente n\u00e3o acontece.<br \/>\n\n\n\n\n<h2 class=\"wp-block-heading\">Qual \u00e9 o ditado do cego?<\/h2>\n\nO pior cego \u00e9 aquele que n\u00e3o quer ver ! Tenho certeza que voc\u00ea j\u00e1 ouviu esse ditado popular, mas ser\u00e1 que ele \u00e9 problematico? \ud83e\udd14 O capacitismo \u00e9 estrutural e est\u00e1 presente de diversas formas na sociedade.<br \/>\n\n\n\n\n<h2 class=\"wp-block-heading\">Qual \u00e9 o ditado popular sobre cego?<\/h2>\n\n\n<p><\/p>O PIOR CEGO \u00c9 AQUELE QUE N\u00c3O QUER ESCUTAR : RELA\u00c7\u00d5ES ENTRE O OLHAR E A VOZ EM PSICAN\u00c1LISE \u2013 Instituto Vox.<br \/>\n\n\n\n\n<h2 class=\"wp-block-heading\">Quais s\u00e3o os 5 ditados populares?<\/h2>\n\n\n<p><\/p>\n\n<ul class=\"wp-block-list\">\n<li>Simplicidade e sabedoria embarcada em uma frase s\u00e3o raz\u00f5es pelas quais os ditados populares s\u00e3o t\u00e3o usados. &#8230;<\/li>\n<li>\u201c\u00c1gua mole em pedra dura, tanto bate at\u00e9 que fura.\u201d &#8230;<\/li>\n<li>\u201cQuem com ferro fere, com ferro ser\u00e1 ferido.\u201d &#8230;<\/li>\n<li>\u201cC\u00e3o que ladra n\u00e3o morde.\u201d &#8230;<\/li>\n<li>\u201cA pressa \u00e9 inimiga da perfei\u00e7\u00e3o.\u201d &#8230;<\/li>\n<li>\u201cMais vale um p\u00e1ssaro na m\u00e3o do que dois voando.\u201d<\/li>\n<\/ul>\n\n\n\n\n<h2 class=\"wp-block-heading\">\u00c9 errado chamar cego?<\/h2>\n\n\n<p><\/p>Use o termo cego ou pessoa cega para aqueles que t\u00eam perda total da vis\u00e3o ou pouqu\u00edssima capacidade de enxergar. Nunca use ceguinho. Use o termo pessoa com baixa vis\u00e3o ou pessoa com vis\u00e3o subnormal para aqueles que t\u00eam comprometimento do funcionamento visual dos olhos, mesmo ap\u00f3s tratamento ou corre\u00e7\u00e3o.<br \/>\n\n\n\n\n<h2 class=\"wp-block-heading\">Onde fala do cego?<\/h2>\n\n\n<p><\/p>Jesus curando o cego perto Jeric\u00f3 \u00e9 um dos milagres de Jesus narrado nos tr\u00eas evangelhos sin\u00f3ticos. ( Marcos 10:46\u201352, Mateus 20:29\u201334 e Lucas 18:35\u201343 ) Segundo a tradi\u00e7\u00e3o crist\u00e3, o milagre teria ocorrido quando Jesus passava perto de Jeric\u00f3, antes da paix\u00e3o. Jesus curando o cego perto de Jeric\u00f3.<br \/>\n\n\n\n\n<h2 class=\"wp-block-heading\">Qual o ditado popular &#8220;mundo cego&#8221;?<\/h2>\n\nExiste um corol\u00e1rio desse ditado que me preocupa por suas conseq\u00fc\u00eancias. &#8220;Em terra de cego, quem tem um olho \u00e9 rei, e quem tem dois olhos \u00e9 muito malvisto.&#8221; Indiv\u00edduos inteligentes e capazes s\u00e3o encarados como uma enorme amea\u00e7a e precisam ser rapidamente eliminados pelos que est\u00e3o no poder.<br \/>\n\n\n\n\n<h2 class=\"wp-block-heading\">Qual o ditado do cego?<\/h2>\n\n\n<p><\/p>O pior cego \u00e9 aquele que n\u00e3o quer ver ! Tenho certeza que voc\u00ea j\u00e1 ouviu esse ditado popular, mas ser\u00e1 que ele \u00e9 problematico? \ud83e\udd14 O capacitismo \u00e9 estrutural e est\u00e1 presente de diversas formas na sociedade.<br \/>\n\n\n\n\n<h2 class=\"wp-block-heading\">Qual \u00e9 o ditado &#8220;em terra de cego&#8221;?<\/h2>\n\n\n<p><\/p>&#8220;Em terra de cego, quem tem um olho \u00e9 rei, e quem tem dois olhos \u00e9 muito malvisto.&#8221; Indiv\u00edduos inteligentes e capazes s\u00e3o encarados como uma enorme amea\u00e7a e precisam ser rapidamente eliminados pelos que est\u00e3o no poder. Por essa raz\u00e3o, pessoas com m\u00e9rito e compet\u00eancia dificilmente s\u00e3o promovidas no Brasil.<br \/>\n\n\n\n\n<h2 class=\"wp-block-heading\">Qual o significado do ditado popular &#8220;N\u00f3 Cego&#8221;?<\/h2>\n\n\n<p><\/p>N\u00f3 cego, \u00e9 uma express\u00e3o popular que indica algo que n\u00e3o \u00e9 sol\u00favel. No caso do n\u00f3, \u00e9 um que \u00e9 muito dif\u00edcil ou imposs\u00edvel desatar.<br \/>\n\n\n\n\n<h2 class=\"wp-block-heading\">O que significa o ditado popular &#8220;Em terra de cego quem tem um olho \u00e9 rei&#8221;?<\/h2>\n\n\n<p><\/p>Significado conotativo (\u00e9 o que decorre da interpreta\u00e7\u00e3o metaf\u00f3rica da frase): \u00ab entre um grupo de gente distra\u00edda ou negligente, aquele que consegue identificar uma boa oportunidade est\u00e1 sempre em vantagem \u00bb.<br \/>\n\n\n\n\n<h2 class=\"wp-block-heading\">Qual \u00e9 o significado do ditado &#8220;Pra cego ver&#8221;?<\/h2>\n\n\n<p><\/p>\u201c Pra cego Ver \u201d \u00e9 um projeto criado em 2012 pela professora baiana Patr\u00edcia Braille. #PraCegover \u00e9 um trocadilho. Como esta hashtag tem uma fun\u00e7\u00e3o educativa e inclusiva, ela se refere aos videntes que n\u00e3o enxergam o cego e nunca se d\u00e3o conta de que pessoas com defici\u00eancia visual usam redes sociais.<br \/>\n\n\n\n\n<h2 class=\"wp-block-heading\">De quem \u00e9 a frase &#8220;os olhos s\u00e3o in\u00fateis quando a mente \u00e9 cega&#8221;?<\/h2>\n\n\u2764\ufe0f\u2764\ufe0f &#8212; Oscar Wilde.<br \/>\n\n\n\n\n<h2 class=\"wp-block-heading\">O que significa a frase &#8220;Os olhos s\u00e3o in\u00fateis quando a mente \u00e9 cega&#8221;?<\/h2>\n\n\n<p><\/p>Essa frase \u00e9 atribu\u00edda a Oscar Wilde. Ela nos convida a refletir sobre a import\u00e2ncia de manter a mente aberta para buscar novos conhecimentos.<br \/>\n\n\n\n\n<h2 class=\"wp-block-heading\">O que quer dizer mente cega?<\/h2>\n\n\n<p><\/p>\n\n<ul class=\"wp-block-list\">\n<li>A mente cega<\/li>\n<li> &#8220;A afantasia \u00e9 a aus\u00eancia de vis\u00e3o mental ou a incapacidade de visualizar&#8221;. \u00c9 assim que o neurologista brit\u00e2nico Adam Zeman define a condi\u00e7\u00e3o, sobre a qual se come\u00e7ou a falar mais nas \u00faltimas duas d\u00e9cadas, em grande parte por causa das pesquisas dele sobre imagens mentais.<\/li>\n<\/ul>\n\n\n\n\n<h2 class=\"wp-block-heading\">O que significa o ditado &#8220;O que os olhos n\u00e3o veem, mas o cora\u00e7\u00e3o sente&#8221;?<\/h2>\n\n\n<p><\/p>S\u00e3o muitas as emo\u00e7\u00f5es que afligem o nosso cora\u00e7\u00e3o, mesmo aquelas que ele n\u00e3o v\u00ea. \u2764 O professor Cl\u00f3vis de Barros, com o aux\u00edlio da sabedoria popular, nos explica como sentimos o que vivemos e o que n\u00e3o vivemos.<br \/>\n\n\n\n\n<h2 class=\"wp-block-heading\">Quem \u00e9 cego na B\u00edblia?<\/h2>\n\nEm dois epis\u00f3dios distintos na Judeia, Jesus curou um cego na cidade de Jeric\u00f3, e outro em Jerusal\u00e9m. O cego em Jeric\u00f3, se chamava Bartimeu, conforme citado porMarcos (10:46-52), Lucas (18:35-43) e Mateus (20:29-34).<br \/>\n\n\n\n\n<h2 class=\"wp-block-heading\">Quem era o cego na B\u00edblia?<\/h2>\n\n\n<p><\/p>Dentre os relatos de milagres, no Evangelho de Marcos, est\u00e1 o da cura de Bartimeu (10,46-52), cego mendigo de Jeric\u00f3.<br \/>\n\n\n\n\n<h2 class=\"wp-block-heading\">Quais s\u00e3o os cegos da B\u00edblia?<\/h2>\n\n\n<p><\/p>Em dois epis\u00f3dios distintos na Judeia, Jesus curou um cego na cidade de Jeric\u00f3, e outro em Jerusal\u00e9m. O cego em Jeric\u00f3, se chamava Bartimeu, conforme citado porMarcos (10:46-52), Lucas (18:35-43) e Mateus (20:29-34).<br \/>\n\n\n\n\n<h2 class=\"wp-block-heading\">Quem era o profeta cego na B\u00edblia?<\/h2>\n\n\n<p><\/p>A\u00edas j\u00e1 estava cego por causa da velhice, 5 mas o Senhor tinha-o avisado de que a mulher de Jerobo\u00e3o iria consult\u00e1-lo acerca do seu filho, que estava doente. O Senhor disse-lhe tamb\u00e9m o que devia responder e avisou-o de que ela iria disfar\u00e7ada.<br \/>\n\n\n\n\n<h2 class=\"wp-block-heading\">O que a B\u00edblia fala sobre cego?<\/h2>\n\n\n<p><\/p>Jesus n\u00e3o quer apenas abrir os olhos do cego mas, sobretudo, chamar a aten\u00e7\u00e3o daqueles que o assistem e mostrar-lhes outra luz, a luz da f\u00e9 (Cf. Jo, 9, 5; Mateus 9, 29-30; Mt 20, 32-33; Atos dos Ap\u00f3stolos 26, 18). Diz ele: \u201cenquanto estiver no mundo, sou a luz do mundo\u201d (Jo 9, 5).<br \/>\n\n\n\n\n<h2 class=\"wp-block-heading\">Quem eram os dois cegos de Mateus 9:27?<\/h2>\n\n\n<p><\/p>Ao longo deste cap\u00edtulo, os fariseus s\u00e3o retratados como cegos por endurecerem seus cora\u00e7\u00f5es e se recusarem a ver a verdade sobre Jesus. Na conclus\u00e3o deste cap\u00edtulo, o povo da Galileia \u00e9 descrito como cego, sem rumo e angustiado. Eles estavam cegos em rela\u00e7\u00e3o a quem Jesus era. Eles estavam cegos para o Seu Reino.<br \/>\n\n\n\n\n<h2 class=\"wp-block-heading\">Qual vers\u00edculo da B\u00edblia fala sobre cegueira espiritual?<\/h2>\n\n\n<p><\/p>\u00c9 preciso buscar incessantemente a revela\u00e7\u00e3o da Palavra, Jesus em Mateus 13:13-15 explica que muitos olham, mas n\u00e3o veem; ouvem, mas n\u00e3o entendem. Esta \u00e9 a cegueira espiritual: estar rodeado pela verdade sem ser afetado por ela.<br \/>\n\n\n","protected":false},"excerpt":{"rendered":"<p>De quem \u00e9 a frase &#8220;O pior cego \u00e9 aquele que n\u00e3o quer&#8221;? \u201cO pior cego \u00e9 aquele que n\u00e3o quer ver\u201d. A frase, atribu\u00edda ao pensador Helo\u00e1 Marques, faz refletir muito al\u00e9m de qualquer limita\u00e7\u00e3o visual que algu\u00e9m possa ter, antes, mira de maneira objetiva quem, por op\u00e7\u00e3o, prefere se omitir, negar, esconder e [&hellip;]<\/p>\n","protected":false},"author":2,"featured_media":0,"comment_status":"open","ping_status":"closed","sticky":false,"template":"","format":"standard","meta":{"footnotes":""},"categories":[1],"tags":[],"class_list":["post-23169","post","type-post","status-publish","format-standard","hentry","category-conteudo"],"_links":{"self":[{"href":"https:\/\/ammabarbacena.com.br\/perguntas-frequentes\/wp-json\/wp\/v2\/posts\/23169","targetHints":{"allow":["GET"]}}],"collection":[{"href":"https:\/\/ammabarbacena.com.br\/perguntas-frequentes\/wp-json\/wp\/v2\/posts"}],"about":[{"href":"https:\/\/ammabarbacena.com.br\/perguntas-frequentes\/wp-json\/wp\/v2\/types\/post"}],"author":[{"embeddable":true,"href":"https:\/\/ammabarbacena.com.br\/perguntas-frequentes\/wp-json\/wp\/v2\/users\/2"}],"replies":[{"embeddable":true,"href":"https:\/\/ammabarbacena.com.br\/perguntas-frequentes\/wp-json\/wp\/v2\/comments?post=23169"}],"version-history":[{"count":1,"href":"https:\/\/ammabarbacena.com.br\/perguntas-frequentes\/wp-json\/wp\/v2\/posts\/23169\/revisions"}],"predecessor-version":[{"id":23170,"href":"https:\/\/ammabarbacena.com.br\/perguntas-frequentes\/wp-json\/wp\/v2\/posts\/23169\/revisions\/23170"}],"wp:attachment":[{"href":"https:\/\/ammabarbacena.com.br\/perguntas-frequentes\/wp-json\/wp\/v2\/media?parent=23169"}],"wp:term":[{"taxonomy":"category","embeddable":true,"href":"https:\/\/ammabarbacena.com.br\/perguntas-frequentes\/wp-json\/wp\/v2\/categories?post=23169"},{"taxonomy":"post_tag","embeddable":true,"href":"https:\/\/ammabarbacena.com.br\/perguntas-frequentes\/wp-json\/wp\/v2\/tags?post=23169"}],"curies":[{"name":"wp","href":"https:\/\/api.w.org\/{rel}","templated":true}]}}