{"id":23167,"date":"2025-08-09T21:44:05","date_gmt":"2025-08-09T21:44:05","guid":{"rendered":"http:\/\/66a92449-a99e-4d43-809d-680994bcf4c6"},"modified":"2025-08-09T21:44:05","modified_gmt":"2025-08-09T21:44:05","slug":"como-e-que-vai-estar-o-tempo-amanha","status":"publish","type":"post","link":"https:\/\/ammabarbacena.com.br\/perguntas-frequentes\/como-e-que-vai-estar-o-tempo-amanha\/","title":{"rendered":"Como \u00e9 que vai estar o tempo amanh\u00e3"},"content":{"rendered":"\n\n<h2 class=\"wp-block-heading\">Quando chega a frente fria em SP em 2025?<\/h2>\n\nAgosto de 2025 come\u00e7a com uma frente fria avan\u00e7ando sobre o centro-sul do Brasil. H\u00e1 risco de onda de calor no Centro-Oeste, em parte do Sudeste, do Norte e do Nordeste. Chuva de agosto pode surpreender em \u00e1reas do Sudeste, do Centro-Oeste e do Norte do Brasil.<br \/>\n\n\n\n\n<h2 class=\"wp-block-heading\">Quando come\u00e7a o frio em 2025?<\/h2>\n\n\n<p><\/p>\n\n<ul class=\"wp-block-list\">\n<li>\ud83c\udf27\ufe0f Previs\u00e3o geral para o inverno<\/li>\n<li> O inverno de 2025, que estende at\u00e9 \u00e0s 15h19 de 22 de setembro, deve ser mais frio do que nos \u00faltimos anos, se aproximando do que \u00e9 esperado para a esta\u00e7\u00e3o. O per\u00edodo \u00e9 caracterizado por uma menor intensidade de radia\u00e7\u00e3o solar, temperaturas mais baixas e dias mais curtos.<\/li>\n<\/ul>\n\n\n\n\n<h2 class=\"wp-block-heading\">S\u00e3o Paulo j\u00e1 chegou a 0 graus?<\/h2>\n\n\n<p><\/p>A \u00faltima vez que S\u00e3o Paulo registrou 0\u00b0C foi no \u00faltimo dia 25 de junho, tamb\u00e9m em Parelheiros, quando os term\u00f4metros marcaram -0,6\u00b0C. Enquanto no extremo da Zona Sul a m\u00ednima absoluta foi de 0\u00b0C em Parelheiros, o Centro da cidade registrou a temperatura m\u00ednima de 9,9\u00b0C.<br \/>\n\n\n\n\n<h2 class=\"wp-block-heading\">Qual \u00e9 o m\u00eas que faz mais frio em S\u00e3o Paulo?<\/h2>\n\n\n<p><\/p>No inverno, entre os meses de junho e agosto, as temperaturas caem. Os pr\u00e9dios, muito altos, facilitam as correntes de vento, impedem a entrada de sol e aumentam a sensa\u00e7\u00e3o de frio.<br \/>\n\n\n\n\n<h2 class=\"wp-block-heading\">Como ser\u00e1 o inverno de 2025 em SP?<\/h2>\n\n\n<p><\/p>Inverno 2025 : Como ser\u00e1 o clima no m\u00eas de agosto? A cidade de S\u00e3o Paulo deve registrar gradativa eleva\u00e7\u00e3o da temperatura neste fim de semana. N\u00e3o h\u00e1 previs\u00e3o de chuva e a expectativa \u00e9 de diminui\u00e7\u00e3o do ar polar, o que permite que os term\u00f4metros subam principalmente durante as tardes.<br \/>\n\n\n\n\n<h2 class=\"wp-block-heading\">Vai fazer frio em agosto de 2025?<\/h2>\n\n\n<p><\/p>\n\n<ul class=\"wp-block-list\">\n<li>Inverno 2025<\/li>\n<li> A previs\u00e3o para a esta\u00e7\u00e3o inclui aumento na probabilidade de geada em \u00e1reas do Sul, Sudeste e Centro-Oeste em rela\u00e7\u00e3o aos invernos passados. A chance de ocorr\u00eancia de neve na regi\u00e3o Sul do pa\u00eds durante julho e agosto tamb\u00e9m aumenta em compara\u00e7\u00e3o com os anos de 2023 e 2024.<\/li>\n<\/ul>\n\n\n\n\n<h2 class=\"wp-block-heading\">O que significa 70% de chuva?<\/h2>\n\n\n\n<h2 class=\"wp-block-heading\">O que significa 70% de chuva na previs\u00e3o do tempo?<\/h2>\n\n\n<p><\/p>&#8221; A porcentagem representa a probabilidade de chuva na cidade ou regi\u00e3o. Quando se fala em 40% [de possibilidade de chuva], quer dizer que, em uma escala de 0 a 100%, h\u00e1 40% de chance de chover e 60% de n\u00e3o chover naquele territ\u00f3rio&#8221;, afirma.<br \/>\n\n\n\n\n<h2 class=\"wp-block-heading\">O que quer dizer 70 por cento de chuva?<\/h2>\n\n\n<p><\/p>Por exemplo, uma chance de 70% significa uma chance de 7 em 10 de que a precipita\u00e7\u00e3o caia em algum momento durante esse per\u00edodo. Precipita\u00e7\u00e3o significa \u00e1gua caindo (chuva, granizo, neve, saraiva ou garoa). BBC: O que significa % de chance de precipita\u00e7\u00e3o (chuva, neve, granizo, etc)?<br \/>\n\n\n\n\n<h2 class=\"wp-block-heading\">O que significa 40% no clima?<\/h2>\n\n\n<p><\/p>O que significa 40% de chance de chuva? Se a previs\u00e3o para a sua regi\u00e3o indica 40% de chance de chuva, ent\u00e3o h\u00e1 40% de probabilidade de precipita\u00e7\u00e3o durante o per\u00edodo especificado. Em outras palavras, esta previs\u00e3o indica que a probabilidade de chuva \u00e9 maior do que no exemplo anterior.<br \/>\n\n\n\n\n<h2 class=\"wp-block-heading\">Como ler a porcentagem de chuva?<\/h2>\n\n\n<p><\/p>Essa porcentagem n\u00e3o indica quanta chuva cair\u00e1 ou quanto tempo durar\u00e1, nem indica exatamente onde chover\u00e1. Por exemplo, se voc\u00ea v\u00ea uma chance de 30% de chuva em Santiago (veja a imagem acima), isso significa que, com base nos dados atuais, h\u00e1 30% de chance de chuva em algum lugar da cidade, dentro do tempo esperado.<br \/>\n\n\n\n\n<h2 class=\"wp-block-heading\">O que significa 70 mil\u00edmetros de chuva?<\/h2>\n\n\n<p><\/p>A partir da\u00ed at\u00e9 25 mm, a chuva \u00e9 moderada. Dos 25 mm aos 50 mm \u00e9 considerada chuva forte e acima dos 50 mm \u00e9 considerada chuva extrema.<br \/>\n\n\n\n\n<h2 class=\"wp-block-heading\">Quantos mil\u00edmetros choveu em Bag\u00e9 nas \u00faltimas 24 horas?<\/h2>\n\nTempo: Bag\u00e9 acumulou 124 mil\u00edmetros de chuva em 24 horas.<br \/>\n\n\n\n\n<h2 class=\"wp-block-heading\">Qual \u00e9 a previs\u00e3o do tempo para Bag\u00e9?<\/h2>\n\n\n<p><\/p>Sol com muitas nuvens durante o dia e per\u00edodos de c\u00e9u nublado. Noite com muitas nuvens.<br \/>\n\n\n\n\n<h2 class=\"wp-block-heading\">Como saber quantos mil\u00edmetros choveu em uma cidade?<\/h2>\n\n\n<p><\/p>Para chegar a esse \u00edndice, as centenas de esta\u00e7\u00f5es meteorol\u00f3gicas espalhadas pelo pa\u00eds utilizam um aparelho conhecido como pluvi\u00f4metro.<br \/>\n\n\n\n\n<h2 class=\"wp-block-heading\">Quais foram os meses mais chuvosos em Bag\u00e9?<\/h2>\n\n\n<p><\/p>\n\n<ul class=\"wp-block-list\">\n<li>Gr\u00e1fico clim\u00e1tico \/\/ Clima por m\u00eas Bag\u00e9<\/li>\n<li> A menor quantidade de chuva ocorre em Maio. A m\u00e9dia nesse m\u00eas \u00e9 de 102 mm. A maior parte das chuvas ocorre durante o m\u00eas de maior precipita\u00e7\u00e3o, que \u00e9 Outubro, com uma m\u00e9dia de 155 mm.<\/li>\n<\/ul>\n\n\n\n\n<h2 class=\"wp-block-heading\">Tem chuva para esses pr\u00f3ximos 15 dias?<\/h2>\n\n\n<p><\/p>Sol com muitas nuvens e pancadas de chuva \u00e0 tarde. Muitas nuvens \u00e0 noite, sem chuva.<br \/>\n\n\n\n\n<h2 class=\"wp-block-heading\">Vai chover amanh\u00e3 no Maranh\u00e3o?<\/h2>\n\nSol e aumento de nuvens de manh\u00e3. Pancadas de chuva \u00e0 tarde. \u00c0 noite o tempo fica aberto.<br \/>\n\n\n\n\n<h2 class=\"wp-block-heading\">Qual \u00e9 a previs\u00e3o de chuva para o Maranh\u00e3o amanh\u00e3?<\/h2>\n\n\n<p><\/p>Sol com algumas nuvens e chuva passageira. \u00c0 noite, muitas nuvens mas com tempo firme.<br \/>\n\n\n\n\n<h2 class=\"wp-block-heading\">Quando come\u00e7am as chuvas no Maranh\u00e3o?<\/h2>\n\n\n<p><\/p>O Maranh\u00e3o apresenta um clima tropical, com esta\u00e7\u00f5es bem definidas: uma seca, que vai de maio a novembro, e uma chuvosa, que ocorre de dezembro a abril.<br \/>\n\n\n\n\n<h2 class=\"wp-block-heading\">Qual a previs\u00e3o de chuva para o sul do Maranh\u00e3o?<\/h2>\n\n\n<p><\/p>Sol com algumas nuvens. N\u00e3o chove. Sem probabilid. A previs\u00e3o do tempo para segunda-feira \u00e9 de Sol e muitas nuvens \u00e0 tarde.<br \/>\n\n\n\n\n<h2 class=\"wp-block-heading\">Quando vai chover em S\u00e3o Lu\u00eds do Maranh\u00e3o?<\/h2>\n\n\n<p><\/p>N\u00e3o chove. A previs\u00e3o do tempo para quinta-feira \u00e9 de Dia de sol com algumas nuvens e n\u00e9voa ao amanhecer.<br \/>\n\n\n\n\n<h2 class=\"wp-block-heading\">Qual m\u00eas chove no Maranh\u00e3o?<\/h2>\n\n\n<p><\/p>O Maranh\u00e3o tem um clima tropical, com duas esta\u00e7\u00f5es bem definidas: a esta\u00e7\u00e3o seca e a chuvosa. A temperatura m\u00e9dia anual gira em torno de 27\u00b0C, o que garante dias quentes durante todo o ano. No entanto, a \u00e9poca de chuvas, que ocorre de janeiro a junho, pode influenciar bastante sua experi\u00eancia.<br \/>\n\n\n\n\n<h2 class=\"wp-block-heading\">Junho de 2025 foi frio ou calor?<\/h2>\n\nJunho de 2025 foi o terceiro m\u00eas de junho mais quente j\u00e1 registrado no planeta, segundo dados divulgados nesta quarta-feira (09) pelo observat\u00f3rio europeu Copernicus. No per\u00edodo, a temperatura m\u00e9dia do ar no mundo foi de 16,46\u00b0C, 0,47\u00b0C acima da m\u00e9dia hist\u00f3rica para o m\u00eas (1991\u20132020).<br \/>\n\n\n\n\n<h2 class=\"wp-block-heading\">Junho \u00e9 frio ou calor 2025?<\/h2>\n\n\n<p><\/p>Uma pesquisa do Servi\u00e7o de Mudan\u00e7as Clim\u00e1ticas Copernicus apontou que o m\u00eas de junho de 2025 foi o terceiro mais quente do mundo, e o quinto mais quente de toda a Europa.<br \/>\n\n\n\n\n<h2 class=\"wp-block-heading\">Qual a previs\u00e3o de frio para 2025?<\/h2>\n\n\n<p><\/p>Na m\u00e9dia do m\u00eas, as m\u00ednimas podem ficar em torno de 15\u00b0C e as m\u00e1ximas entre 20\u00b0C e 24\u00b0C.<br \/>\n\n\n\n\n<h2 class=\"wp-block-heading\">Qual \u00e9 o m\u00eas mais quente em 2025?<\/h2>\n\n\n<p><\/p>O mundo vivenciou, neste ano, o terceiro m\u00eas de julho mais quente j\u00e1 registrado, segundo a ag\u00eancia de monitoramento do aquecimento global da Uni\u00e3o Europeia (UE) informou nesta quinta-feira (7), ap\u00f3s dois anos consecutivos em que as temperaturas superaram os recordes anteriores.<br \/>\n\n\n\n\n<h2 class=\"wp-block-heading\">Como ser\u00e1 o clima no Brasil em 2025?<\/h2>\n\n\n<p><\/p>\n\n<ul class=\"wp-block-list\">\n<li>Temperatura no Brasil no inverno de 2025<\/li>\n<li> S\u00e3o esperados per\u00edodos com temperaturas bastante elevadas no Centro-Oeste e no Tocantins, especialmente em agosto e em setembro, mas n\u00e3o teremos epis\u00f3dios de calor intenso t\u00e3o prolongados como no ano passado.<\/li>\n<\/ul>\n\n\n\n\n<h2 class=\"wp-block-heading\">Qual foi o dia mais quente de junho de 2025?<\/h2>\n\n\n<p><\/p>Junho de 2025 foi o terceiro m\u00eas de junho mais quente j\u00e1 registrado no planeta, segundo dados divulgados nesta quarta-feira (09) pelo observat\u00f3rio europeu Copernicus. No per\u00edodo, a temperatura m\u00e9dia do ar no mundo foi de 16,46\u00b0C, 0,47\u00b0C acima da m\u00e9dia hist\u00f3rica para o m\u00eas (1991\u20132020).<br \/>\n\n\n\n\n<h2 class=\"wp-block-heading\">Qual \u00e9 o m\u00eas mais frio do ano?<\/h2>\n\n\n<p><\/p>Inverno. Os meses mais frios do ano s\u00e3o os meses de junho julho e agosto, portanto est\u00e3o de acordo com a ideia de que ano o inverno que temos os meses mais frio do ano. O destaque fica para o m\u00eas de julho que normalmente \u00e9 o mesmo que apresenta as menores temperaturas por aqui.<br \/>\n\n\n\n\n<h2 class=\"wp-block-heading\">Quando come\u00e7a o frio?<\/h2>\n\nO inverno \u00e9 um das quatro esta\u00e7\u00f5es do ano, que se inicia no final do outono e termina com o in\u00edcio da primavera. No Brasil, ele come\u00e7a no dia 20 ou 21 de junho e acaba no dia 22 ou 23 de setembro. Em 2025, o inverno no Brasil se inicia em 20 de junho e termina em 22 de setembro.<br \/>\n\n\n\n\n<h2 class=\"wp-block-heading\">Quando come\u00e7a o tempo de frio?<\/h2>\n\n\n<p><\/p>O inverno \u00e9 um das quatro esta\u00e7\u00f5es do ano, que se inicia no final do outono e termina com o in\u00edcio da primavera. No Brasil, ele come\u00e7a no dia 20 ou 21 de junho e acaba no dia 22 ou 23 de setembro.<br \/>\n\n\n\n\n<h2 class=\"wp-block-heading\">Quando ser\u00e1 a primeira onda de frio em 2025?<\/h2>\n\n\n<p><\/p>A primeira onda de frio do inverno de 2025 pode ocorrer a partir desta segunda-feira (23\/6), conforme a Climatempo. Ser\u00e1 a terceira onda de baixas temperaturas registrada neste ano. A transi\u00e7\u00e3o do outono para o inverno ocorreu na sexta-feira (20\/6).<br \/>\n\n\n\n\n<h2 class=\"wp-block-heading\">Qual m\u00eas come\u00e7a a esfriar no Brasil?<\/h2>\n\n\n<p><\/p>\u00daltima modifica\u00e7\u00e3o 18\/06\/2025 13h53 . O Inverno no Hemisf\u00e9rio Sul inicia-se no dia 20 de junho de 2025 \u00e0s 23h42 e termina no dia 22 de setembro \u00e0s 15h19 (hor\u00e1rio de Bras\u00edlia).<br \/>\n\n\n\n\n<h2 class=\"wp-block-heading\">Quando vir\u00e1 a pr\u00f3xima onda de frio?<\/h2>\n\n\n<p><\/p>Saiba quais \u00e1reas do pa\u00eds sentir\u00e3o o frio intenso. Uma nova onda de frio avan\u00e7a sobre o centro-sul do Brasil nos primeiros dias de julho de 2025. \u00c9 a quarta onda de frio de 2025 e a segunda do inverno que oficialmente teve in\u00edcio no dia 20 de junho.<br \/>\n\n\n\n\n<h2 class=\"wp-block-heading\">Agosto de 2025 ser\u00e1 frio ou calor no Brasil?<\/h2>\n\n\n<p><\/p>Agosto de 2025 come\u00e7a com uma frente fria avan\u00e7ando sobre o centro-sul do Brasil. H\u00e1 risco de onda de calor no Centro-Oeste, em parte do Sudeste, do Norte e do Nordeste. Chuva de agosto pode surpreender em \u00e1reas do Sudeste, do Centro-Oeste e do Norte do Brasil.<br \/>\n\n\n","protected":false},"excerpt":{"rendered":"<p>Quando chega a frente fria em SP em 2025? Agosto de 2025 come\u00e7a com uma frente fria avan\u00e7ando sobre o centro-sul do Brasil. H\u00e1 risco de onda de calor no Centro-Oeste, em parte do Sudeste, do Norte e do Nordeste. Chuva de agosto pode surpreender em \u00e1reas do Sudeste, do Centro-Oeste e do Norte do [&hellip;]<\/p>\n","protected":false},"author":2,"featured_media":0,"comment_status":"open","ping_status":"closed","sticky":false,"template":"","format":"standard","meta":{"footnotes":""},"categories":[1],"tags":[],"class_list":["post-23167","post","type-post","status-publish","format-standard","hentry","category-conteudo"],"_links":{"self":[{"href":"https:\/\/ammabarbacena.com.br\/perguntas-frequentes\/wp-json\/wp\/v2\/posts\/23167","targetHints":{"allow":["GET"]}}],"collection":[{"href":"https:\/\/ammabarbacena.com.br\/perguntas-frequentes\/wp-json\/wp\/v2\/posts"}],"about":[{"href":"https:\/\/ammabarbacena.com.br\/perguntas-frequentes\/wp-json\/wp\/v2\/types\/post"}],"author":[{"embeddable":true,"href":"https:\/\/ammabarbacena.com.br\/perguntas-frequentes\/wp-json\/wp\/v2\/users\/2"}],"replies":[{"embeddable":true,"href":"https:\/\/ammabarbacena.com.br\/perguntas-frequentes\/wp-json\/wp\/v2\/comments?post=23167"}],"version-history":[{"count":1,"href":"https:\/\/ammabarbacena.com.br\/perguntas-frequentes\/wp-json\/wp\/v2\/posts\/23167\/revisions"}],"predecessor-version":[{"id":23168,"href":"https:\/\/ammabarbacena.com.br\/perguntas-frequentes\/wp-json\/wp\/v2\/posts\/23167\/revisions\/23168"}],"wp:attachment":[{"href":"https:\/\/ammabarbacena.com.br\/perguntas-frequentes\/wp-json\/wp\/v2\/media?parent=23167"}],"wp:term":[{"taxonomy":"category","embeddable":true,"href":"https:\/\/ammabarbacena.com.br\/perguntas-frequentes\/wp-json\/wp\/v2\/categories?post=23167"},{"taxonomy":"post_tag","embeddable":true,"href":"https:\/\/ammabarbacena.com.br\/perguntas-frequentes\/wp-json\/wp\/v2\/tags?post=23167"}],"curies":[{"name":"wp","href":"https:\/\/api.w.org\/{rel}","templated":true}]}}