{"id":2314,"date":"2025-07-17T10:45:50","date_gmt":"2025-07-17T10:45:50","guid":{"rendered":"http:\/\/acb0a9fc-d9c2-4af4-94fe-750f38e6b983"},"modified":"2025-07-17T10:45:50","modified_gmt":"2025-07-17T10:45:50","slug":"o-que-e-revitimizacao-e-como-ela-pode-ser-evitada","status":"publish","type":"post","link":"https:\/\/ammabarbacena.com.br\/perguntas-frequentes\/o-que-e-revitimizacao-e-como-ela-pode-ser-evitada\/","title":{"rendered":"O que \u00e9 revitimiza\u00e7\u00e3o e como ela pode ser evitada"},"content":{"rendered":"\n\n<h2 class=\"wp-block-heading\">Que \u00e9 revitimiza\u00e7\u00e3o e como ela pode ser evitada?<\/h2>\n\nRESUMO: Revitimiza\u00e7\u00e3o \u00e9 o fen\u00f4meno que compreende a sistematiza\u00e7\u00e3o da viol\u00eancia. Fen\u00f4meno por meio do qual a v\u00edtima experimenta um sofrimento continuado e repetitivo, mesmo ap\u00f3s cessada a viol\u00eancia originalmente sofrida.<br \/>\n\n\n\n\n<h2 class=\"wp-block-heading\">O que \u00e9 e como ocorre o processo de revitimiza\u00e7\u00e3o institucional?<\/h2>\n\n\n<p><\/p>A revitimiza\u00e7\u00e3o constitui o processo de vitimiza\u00e7\u00e3o sofrida pela mulher, ao procurar ajuda institucional em servi\u00e7os nas \u00e1reas de seguran\u00e7a p\u00fablica, justi\u00e7a, sa\u00fade e assist\u00eancia social, por causa da viv\u00eancia de viol\u00eancia baseada em g\u00eanero.<br \/>\n\n\n\n\n<h2 class=\"wp-block-heading\">O que \u00e9 revitimiza\u00e7\u00e3o?<\/h2>\n\nA revitimiza\u00e7\u00e3o constitui o processo de vitimiza\u00e7\u00e3o sofrida pela mulher, ao procurar ajuda institucional em servi\u00e7os nas \u00e1reas de seguran\u00e7a p\u00fablica, justi\u00e7a, sa\u00fade e assist\u00eancia social, por causa da viv\u00eancia de viol\u00eancia baseada em g\u00eanero.<br \/>\n\n\n\n\n<h2 class=\"wp-block-heading\">O que \u00e9 revitimiza\u00e7\u00e3o e como ela pode ser evitada?<\/h2>\n\n\n<p><\/p>RESUMO: Revitimiza\u00e7\u00e3o \u00e9 o fen\u00f4meno que compreende a sistematiza\u00e7\u00e3o da viol\u00eancia. Fen\u00f4meno por meio do qual a v\u00edtima experimenta um sofrimento continuado e repetitivo, mesmo ap\u00f3s cessada a viol\u00eancia originalmente sofrida.<br \/>\n\n\n\n\n<h2 class=\"wp-block-heading\">O que significa revitimiza\u00e7\u00e3o?<\/h2>\n\n\n<p><\/p>Tamb\u00e9m chamada de \u201cRevitimiza\u00e7\u00e3o\u201d ou de \u201cSobrevitimiza\u00e7\u00e3o\u201d, \u00e9 aquela causada pelas inst\u00e2ncias formais que det\u00eam o controle sobre o \u00e2mbito social (isto \u00e9, em delegacias, no Minist\u00e9rio P\u00fablico etc.). Abrange os custos pessoais derivados da interven\u00e7\u00e3o do sistema legal que podem aumentar o sofrimento da v\u00edtima.<br \/>\n\n\n\n\n<h2 class=\"wp-block-heading\">Como a pol\u00edcia civil pode diminuir a revitimiza\u00e7\u00e3o?<\/h2>\n\nNestes casos a colheita de provas materiais (coleta de s\u00eamen, D.N.A, ou qualquer vest\u00edgio ou les\u00e3o f\u00edsica sofrida) deve ser analisada atentamente, bem como acompanhada de um profissional psic\u00f3logo capacitado a acolher a v\u00edtima e analisar seu perfil psicol\u00f3gico naquele instante, com isso diminuindo as chances da &#8230;<br \/>\n\n\n\n\n<h2 class=\"wp-block-heading\">O que \u00e9 revitimiza\u00e7\u00e3o da v\u00edtima?<\/h2>\n\n\n<p><\/p>A revitimiza\u00e7\u00e3o \u00e9 um fen\u00f4meno decorrente do sofrimento continuado ou repetido da v\u00edtima de um ato violento, ap\u00f3s o encerramento deste, que pode ocorrer instantaneamente, dias, meses ou at\u00e9 anos depois.<br \/>\n\n\n\n\n<h2 class=\"wp-block-heading\">Como a vitimologia contribui para a preven\u00e7\u00e3o do crime?<\/h2>\n\n\n<p><\/p>Podemos sintetizar, concluindo, que os objetivos finais da Vitimologia s\u00e3o: evidenciar a import\u00e2ncia da v\u00edtima; explicar a conduta da v\u00edtima; medidas para reduzir a ocorr\u00eancia do dano (no \u00e2mbito de pol\u00edticas p\u00fablicas e de comportamento individual); assist\u00eancia \u00e0s v\u00edtimas.<br \/>\n\n\n\n\n<h2 class=\"wp-block-heading\">O que \u00e9 crime de revitimiza\u00e7\u00e3o?<\/h2>\n\nA revitimiza\u00e7\u00e3o \u00e9 o discurso ou pr\u00e1tica institucional que submete a v\u00edtima ou a testemunha a procedimento desnecess\u00e1rio que a leve a reviver a situa\u00e7\u00e3o de viol\u00eancia.<br \/>\n\n\n\n\n<h2 class=\"wp-block-heading\">O que \u00e9 crime de descriminaliza\u00e7\u00e3o?<\/h2>\n\n\n<p><\/p>Descriminaliza\u00e7\u00e3o significa que o ato ou conduta deixou de ser crime, ou seja, n\u00e3o h\u00e1 mais puni\u00e7\u00e3o no \u00e2mbito penal, mas ainda pode ser considerada como il\u00edcito civil ou administrativo, e pode sofrer san\u00e7\u00f5es como multas, presta\u00e7\u00e3o de servi\u00e7os ou frequ\u00eancia em cursos de reeduca\u00e7\u00e3o. Por exemplo, a Lei n.<br \/>\n\n\n\n\n<h2 class=\"wp-block-heading\">Qual a lei da revitimiza\u00e7\u00e3o?<\/h2>\n\n\n<p><\/p>Lei n\u00ba 14.321\/2022, que tipifica o crime de viol\u00eancia institucional e previne a revitimiza\u00e7\u00e3o de v\u00edtimas e testemunhas nas a\u00e7\u00f5es penais, \u00e9 sancionada | MPPR.<br \/>\n\n\n\n\n<h2 class=\"wp-block-heading\">O que \u00e9 n\u00e3o revitimiza\u00e7\u00e3o?<\/h2>\n\n\n<p><\/p>Revitimiza\u00e7\u00e3o ou vitimiza\u00e7\u00e3o secund\u00e1ria \u00e9 uma express\u00e3o que tem se tornado mais recorrente na Justi\u00e7a brasileira. Est\u00e1 ligada mais \u00e0 esfera institucional, mas tamb\u00e9m pode ser associada ao comportamento de algu\u00e9m que julga ou discrimina uma v\u00edtima de um crime nas redes sociais ou em conversas com amigos.<br \/>\n\n\n\n\n<h2 class=\"wp-block-heading\">O que \u00e9 revitimiza\u00e7\u00e3o em psicologia?<\/h2>\n\nA revitimiza\u00e7\u00e3o \u00e9 um processo por meio do qual a v\u00edtima de viol\u00eancia experimenta um sofrimento adicional, mesmo ap\u00f3s cessada a agress\u00e3o originalmente sofrida. Isso ocorre quando ela \u00e9 submetida a situa\u00e7\u00f5es ou procedimentos que a levam a reviver a experi\u00eancia de viol\u00eancia ou a exp\u00f5em a constrangimentos desnecess\u00e1rios.<br \/>\n\n\n\n\n<h2 class=\"wp-block-heading\">O que significa a revitimiza\u00e7\u00e3o?<\/h2>\n\n\n<p><\/p>Tamb\u00e9m chamada de \u201cRevitimiza\u00e7\u00e3o\u201d ou de \u201cSobrevitimiza\u00e7\u00e3o\u201d, \u00e9 aquela causada pelas inst\u00e2ncias formais que det\u00eam o controle sobre o \u00e2mbito social (isto \u00e9, em delegacias, no Minist\u00e9rio P\u00fablico etc.). Abrange os custos pessoais derivados da interven\u00e7\u00e3o do sistema legal que podem aumentar o sofrimento da v\u00edtima.<br \/>\n\n\n\n\n<h2 class=\"wp-block-heading\">Quais s\u00e3o as 4 formas de vitimiza\u00e7\u00e3o?<\/h2>\n\n\n<p><\/p>De acordo com tal disposi\u00e7\u00e3o, a sociedade est\u00e1 suscet\u00edvel \u00e0 ocorr\u00eancia de quatro danos distintos, chamados respectivamente de: vitimiza\u00e7\u00e3o prim\u00e1ria, secund\u00e1ria, terci\u00e1ria e, como parte dos estudos atuais da vitimologia, a quatern\u00e1ria.<br \/>\n\n\n\n\n<h2 class=\"wp-block-heading\">O que \u00e9 sobrevitimiza\u00e7\u00e3o?<\/h2>\n\nTamb\u00e9m chamada de \u201cRevitimiza\u00e7\u00e3o\u201d ou de \u201cSobrevitimiza\u00e7\u00e3o\u201d, \u00e9 aquela causada pelas inst\u00e2ncias formais que det\u00eam o controle sobre o \u00e2mbito social (isto \u00e9, em delegacias, no Minist\u00e9rio P\u00fablico etc.). Abrange os custos pessoais derivados da interven\u00e7\u00e3o do sistema legal que podem aumentar o sofrimento da v\u00edtima.<br \/>\n\n\n\n\n<h2 class=\"wp-block-heading\">O que significa autovitimiza\u00e7\u00e3o?<\/h2>\n\n\n<p><\/p>Trata-se de um auto-julgamento que provavelmente j\u00e1 faz com que ela se coloque frente \u00e0s outras pessoas de um modo t\u00edmido e receoso \u2013 atitude que, naturalmente, n\u00e3o favorece ningu\u00e9m nas rela\u00e7\u00f5es interpessoais.<br \/>\n\n\n\n\n<h2 class=\"wp-block-heading\">O que \u00e9 a chamada autovitimiza\u00e7\u00e3o?<\/h2>\n\n\n<p><\/p>A autovitimiza\u00e7\u00e3o, por outro lado, \u00e9 o processo em que a v\u00edtima passa a se culpar pelo acontecido, considerando-se respons\u00e1vel pelo crime. A v\u00edtima, nesses casos, atribui para si a responsabili- dade do acontecimento. Isso ocorre ao considerar que, de alguma forma, esta facilitou para que o crime tivesse ocorrido.<br \/>\n\n\n\n\n<h2 class=\"wp-block-heading\">O que significa heterovitimiza\u00e7\u00e3o?<\/h2>\n\n\n<p><\/p>b) sobrevitimiza\u00e7\u00e3o, quando a v\u00edtima sobrevive ao crime contra ela praticado. c) heterovitimiza\u00e7\u00e3o, quando ocorre a autorrecrimina\u00e7\u00e3o da v\u00edtima, pela ocorr\u00eancia do delito.<br \/>\n\n\n\n\n<h2 class=\"wp-block-heading\">O que \u00e9 neutraliza\u00e7\u00e3o da v\u00edtima?<\/h2>\n\n\n<p><\/p>Neutraliza\u00e7\u00e3o \u2013 Na neutraliza\u00e7\u00e3o da v\u00edtima, a resposta ao crime deve ser imparcial e despersonalizando a rivalidade. A puni\u00e7\u00e3o serviria como preven\u00e7\u00e3o geral e com pouca preocupa\u00e7\u00e3o com a repara\u00e7\u00e3o. Redescobrimento \u2013 O redescobrimento da v\u00edtima aconteceu p\u00f3s segunda guerra mundial.<br \/>\n\n\n","protected":false},"excerpt":{"rendered":"<p>Que \u00e9 revitimiza\u00e7\u00e3o e como ela pode ser evitada? RESUMO: Revitimiza\u00e7\u00e3o \u00e9 o fen\u00f4meno que compreende a sistematiza\u00e7\u00e3o da viol\u00eancia. Fen\u00f4meno por meio do qual a v\u00edtima experimenta um sofrimento continuado e repetitivo, mesmo ap\u00f3s cessada a viol\u00eancia originalmente sofrida. O que \u00e9 e como ocorre o processo de revitimiza\u00e7\u00e3o institucional? A revitimiza\u00e7\u00e3o constitui o [&hellip;]<\/p>\n","protected":false},"author":2,"featured_media":0,"comment_status":"open","ping_status":"closed","sticky":false,"template":"","format":"standard","meta":{"footnotes":""},"categories":[1],"tags":[],"class_list":["post-2314","post","type-post","status-publish","format-standard","hentry","category-conteudo"],"_links":{"self":[{"href":"https:\/\/ammabarbacena.com.br\/perguntas-frequentes\/wp-json\/wp\/v2\/posts\/2314","targetHints":{"allow":["GET"]}}],"collection":[{"href":"https:\/\/ammabarbacena.com.br\/perguntas-frequentes\/wp-json\/wp\/v2\/posts"}],"about":[{"href":"https:\/\/ammabarbacena.com.br\/perguntas-frequentes\/wp-json\/wp\/v2\/types\/post"}],"author":[{"embeddable":true,"href":"https:\/\/ammabarbacena.com.br\/perguntas-frequentes\/wp-json\/wp\/v2\/users\/2"}],"replies":[{"embeddable":true,"href":"https:\/\/ammabarbacena.com.br\/perguntas-frequentes\/wp-json\/wp\/v2\/comments?post=2314"}],"version-history":[{"count":1,"href":"https:\/\/ammabarbacena.com.br\/perguntas-frequentes\/wp-json\/wp\/v2\/posts\/2314\/revisions"}],"predecessor-version":[{"id":2315,"href":"https:\/\/ammabarbacena.com.br\/perguntas-frequentes\/wp-json\/wp\/v2\/posts\/2314\/revisions\/2315"}],"wp:attachment":[{"href":"https:\/\/ammabarbacena.com.br\/perguntas-frequentes\/wp-json\/wp\/v2\/media?parent=2314"}],"wp:term":[{"taxonomy":"category","embeddable":true,"href":"https:\/\/ammabarbacena.com.br\/perguntas-frequentes\/wp-json\/wp\/v2\/categories?post=2314"},{"taxonomy":"post_tag","embeddable":true,"href":"https:\/\/ammabarbacena.com.br\/perguntas-frequentes\/wp-json\/wp\/v2\/tags?post=2314"}],"curies":[{"name":"wp","href":"https:\/\/api.w.org\/{rel}","templated":true}]}}