{"id":23025,"date":"2025-08-09T19:55:17","date_gmt":"2025-08-09T19:55:17","guid":{"rendered":"http:\/\/74ba195d-4ffd-49a4-b95e-7310abeeb169"},"modified":"2025-08-09T19:55:17","modified_gmt":"2025-08-09T19:55:17","slug":"o-que-e-protelar","status":"publish","type":"post","link":"https:\/\/ammabarbacena.com.br\/perguntas-frequentes\/o-que-e-protelar\/","title":{"rendered":"O que \u00e9 protelar"},"content":{"rendered":"\n\n<h2 class=\"wp-block-heading\">O que significa protelar algo?<\/h2>\n\n\n\n<h2 class=\"wp-block-heading\">O que \u00e9 protelar algo?<\/h2>\n\n\n<p><\/p>Procrastinar, prolongar abusivamente, adiar propositadamente.<br \/>\n\n\n\n\n<h2 class=\"wp-block-heading\">Qual o significado da palavra prop\u00ednquos na B\u00edblia?<\/h2>\n\n\n<p><\/p>\n\n<ul class=\"wp-block-list\">\n<li>Significado de Prop\u00ednquo<\/li>\n<li> adjetivo Pr\u00f3ximo, vizinho.<\/li>\n<\/ul>\n\n\n\n\n<h2 class=\"wp-block-heading\">O que significa se flagelar?<\/h2>\n\n\n<p><\/p>A palavra flagela\u00e7\u00e3o (do termo latino flagellatione), tamb\u00e9m chamado de chicoteamento ou de a\u00e7oitamento, refere-se \u00e0 pr\u00e1tica de atos punitivos, mortificantes ou de sacrif\u00edcio, por diversos motivos (jur\u00eddicos ou religiosos), podendo ter origem em escolha volunt\u00e1ria ou n\u00e3o.<br \/>\n\n\n\n\n<h2 class=\"wp-block-heading\">Qual o significado da palavra protus\u00e3o?<\/h2>\n\n\n<p><\/p>1 Deslocamento de algo para a frente, adiante de sua posi\u00e7\u00e3o normal. 2 O efeito desse deslocamento. 3 Med Avan\u00e7o anormal de um \u00f3rg\u00e3o ou parte de um \u00f3rg\u00e3o, por circunst\u00e2ncias naturais ou patol\u00f3gicas, produzindo uma sali\u00eancia.<br \/>\n\n\n\n\n<h2 class=\"wp-block-heading\">O que \u00e9 um ato protelat\u00f3rio?<\/h2>\n\n\n<p><\/p>Que tem o objetivo de protelar retardar o andamento de um processo ou o cumprimento de uma obriga\u00e7\u00e3o. Ato processual considerado protelat\u00f3rio pode sujeitar a parte a multa por litig\u00e2ncia de m\u00e1-f\u00e9.<br \/>\n\n\n\n\n<h2 class=\"wp-block-heading\">Qual a diferen\u00e7a entre protelar e procrastinar?<\/h2>\n\n\n<p><\/p>\u201c Procrastinar significa adiar, demorar, delongar ou prolongar uma situa\u00e7\u00e3o, uma atividade, um trabalho, uma decis\u00e3o. \u00c9 protelar um ato, uma atitude. E por ser algo que acontece com praticamente todos n\u00f3s, \u00e9 dif\u00edcil dizer sobre a exist\u00eancia de um perfil espec\u00edfico de pessoas que procrastinam.<br \/>\n\n\n\n\n<h2 class=\"wp-block-heading\">O que \u00e9 ficar protelando?<\/h2>\n\n\n\n<ul class=\"wp-block-list\">\n<li>Significado de Protelando<\/li>\n<li> Protelando vem do verbo protelar. O mesmo que: procrastinando, prolongando, prorrogando, pospondo, protraindo, diferindo, adiando, delongando, retardando.<\/li>\n<\/ul>\n\n\n\n\n<h2 class=\"wp-block-heading\">O que significa ficar protelando?<\/h2>\n\n\n<p><\/p>Adiar a realiza\u00e7\u00e3o de alguma coisa; deixar o desenvolvimento de algo para depois, para outro momento; postergar, adiar : protelar um julgamento.<br \/>\n\n\n\n\n<h2 class=\"wp-block-heading\">O que significa uma pessoa proteladora?<\/h2>\n\n\n<p><\/p>adjetivo Que protela, que tem a tend\u00eancia ou o costume de adiar a realiza\u00e7\u00e3o de alguma coisa pendente; prorrogador, delongador.<br \/>\n\n\n\n\n<h2 class=\"wp-block-heading\">Qual a diferen\u00e7a entre procrastinar e protelar?<\/h2>\n\nNaturalmente \u00e9 de se supor que a maioria daqueles que est\u00e3o lendo esse conte\u00fado, saibam que procrastina\u00e7\u00e3o \u00e9 o ato de deixar para depois e que pode ser amanh\u00e3, depois de amanh\u00e3 ou at\u00e9 quando for poss\u00edvel, a tarefa ou a\u00e7\u00e3o que poderia ser feita hoje. \u00c9 adiar, \u00e9 protelar, \u00e9 deixar para depois.<br \/>\n\n\n\n\n<h2 class=\"wp-block-heading\">O que significa ser procrastinar?<\/h2>\n\n\n<p><\/p>Nesta dica vamos conversar sobre a procrastina\u00e7\u00e3o, seus limites e formas de evit\u00e1-la. Procrastinar \u00e9 o h\u00e1bito de atrasar ou adiar as tarefas que precisam ser executadas, seja realizando outras mais comuns ou menos importantes, ou distraindo-se com atividades n\u00e3o relacionadas.<br \/>\n\n\n\n\n<h2 class=\"wp-block-heading\">O que \u00e9 uma pessoa proteladora?<\/h2>\n\nadjetivo Que protela, que tem a tend\u00eancia ou o costume de adiar a realiza\u00e7\u00e3o de alguma coisa pendente; prorrogador, delongador. substantivo masculino Aquele que protela, que adia, procastina; procrastinador.<br \/>\n\n\n\n\n<h2 class=\"wp-block-heading\">O que \u00e9 ser uma pessoa protecionista?<\/h2>\n\n\n<p><\/p>Protecionismo \u00e9 uma doutrina, uma teoria que prega um conjunto de medidas a serem tomadas no sentido de favorecer as atividades econ\u00f4micas internas, reduzindo e dificultando ao m\u00e1ximo, a importa\u00e7\u00e3o de produtos e a concorr\u00eancia estrangeira.<br \/>\n\n\n\n\n<h2 class=\"wp-block-heading\">O que s\u00e3o proteladores?<\/h2>\n\n\n<p><\/p>Procrastinar, prolongar abusivamente, adiar propositadamente.<br \/>\n\n\n\n\n<h2 class=\"wp-block-heading\">O que significa protelat\u00f3ria?<\/h2>\n\n\n<p><\/p>Que tem o objetivo de protelar retardar o andamento de um processo ou o cumprimento de uma obriga\u00e7\u00e3o. Ato processual considerado protelat\u00f3rio pode sujeitar a parte a multa por litig\u00e2ncia de m\u00e1-f\u00e9.<br \/>\n\n\n\n\n<h2 class=\"wp-block-heading\">O que n\u00e3o pode ser protelado?<\/h2>\n\n\n\n<ul class=\"wp-block-list\">\n<li>Significado de Improtel\u00e1vel<\/li>\n<li> adjetivo Que n\u00e3o se consegue protelar; que n\u00e3o pode ser protelado (adiado ou postergado).<\/li>\n<\/ul>\n\n\n\n\n<h2 class=\"wp-block-heading\">O que significa protra\u00eddo?<\/h2>\n\n\n<p><\/p>1. Tirar para fora. 2. Prolongar; procrastinar; espa\u00e7ar.<br \/>\n\n\n\n\n<h2 class=\"wp-block-heading\">O que \u00e9 protelada?<\/h2>\n\n\n<p><\/p>Que se protelou. Origem: partic\u00edpio de protelar.<br \/>\n\n\n\n\n<h2 class=\"wp-block-heading\">O que significa ato protelat\u00f3rio?<\/h2>\n\nQue tem o objetivo de protelar retardar o andamento de um processo ou o cumprimento de uma obriga\u00e7\u00e3o. Ato processual considerado protelat\u00f3rio pode sujeitar a parte a multa por litig\u00e2ncia de m\u00e1-f\u00e9.<br \/>\n\n\n\n\n<h2 class=\"wp-block-heading\">Qual \u00e9 a multa por ato protelat\u00f3rio?<\/h2>\n\n\n<p><\/p>O art. 1.206, \u00a7 2\u00ba, do CPC , disp\u00f5e que &#8220;Quando manifestamente protelat\u00f3rios os embargos de declara\u00e7\u00e3o, o juiz ou o tribunal, em decis\u00e3o fundamentada, condenar\u00e1 o embargante a pagar ao embargado multa n\u00e3o excedente a dois por cento sobre o valor atualizado da causa &#8220;.<br \/>\n\n\n\n\n<h2 class=\"wp-block-heading\">O que \u00e9 manifesta\u00e7\u00e3o protelat\u00f3ria?<\/h2>\n\n\n<p><\/p>O recurso protelat\u00f3rio \u00e9 uma pr\u00e1tica que tem sido amplamente discutida no contexto processual civil e trabalhista, especialmente no Brasil. Esse tipo de recurso \u00e9 utilizado com a inten\u00e7\u00e3o de atrasar o andamento de um processo judicial, sem apresentar fundamentos jur\u00eddicos substanciais que o justifiquem.<br \/>\n\n\n\n\n<h2 class=\"wp-block-heading\">O que \u00e9 manifestamente protelat\u00f3rio?<\/h2>\n\n\n<p><\/p>Caracterizam-se como manifestamente protelat\u00f3rios os embargos de declara\u00e7\u00e3o em que a parte n\u00e3o pretende integrar o julgado, mas, sim, postergar o tr\u00e2nsito em julgado, com a articula\u00e7\u00e3o de contradi\u00e7\u00e3o de todo infundada, a evidenciar provoca\u00e7\u00e3o indevida da jurisdi\u00e7\u00e3o.<br \/>\n\n\n\n\n<h2 class=\"wp-block-heading\">O que \u00e9 protelar uma decis\u00e3o?<\/h2>\n\n\n<p><\/p>Procrastinar, prolongar abusivamente, adiar propositadamente.<br \/>\n\n\n\n\n<h2 class=\"wp-block-heading\">Qual \u00e9 a multa para um deposit\u00e1rio infiel?<\/h2>\n\n\n<p><\/p>Aplica\u00e7\u00e3o de multa de 10% sobre o valor atualizado da execu\u00e7\u00e3o, nos termos do artigo 77 , \u00a7 2\u00ba e do artigo 161 , par\u00e1grafo \u00fanico , ambos do CPC , por ato atentat\u00f3rio \u00e0 dignidade da justi\u00e7a, em favor do exequente, dentre outras determina\u00e7\u00f5es.<br \/>\n\n\n","protected":false},"excerpt":{"rendered":"<p>O que significa protelar algo? O que \u00e9 protelar algo? Procrastinar, prolongar abusivamente, adiar propositadamente. Qual o significado da palavra prop\u00ednquos na B\u00edblia? O que significa se flagelar? A palavra flagela\u00e7\u00e3o (do termo latino flagellatione), tamb\u00e9m chamado de chicoteamento ou de a\u00e7oitamento, refere-se \u00e0 pr\u00e1tica de atos punitivos, mortificantes ou de sacrif\u00edcio, por diversos motivos [&hellip;]<\/p>\n","protected":false},"author":2,"featured_media":0,"comment_status":"open","ping_status":"closed","sticky":false,"template":"","format":"standard","meta":{"footnotes":""},"categories":[1],"tags":[],"class_list":["post-23025","post","type-post","status-publish","format-standard","hentry","category-conteudo"],"_links":{"self":[{"href":"https:\/\/ammabarbacena.com.br\/perguntas-frequentes\/wp-json\/wp\/v2\/posts\/23025","targetHints":{"allow":["GET"]}}],"collection":[{"href":"https:\/\/ammabarbacena.com.br\/perguntas-frequentes\/wp-json\/wp\/v2\/posts"}],"about":[{"href":"https:\/\/ammabarbacena.com.br\/perguntas-frequentes\/wp-json\/wp\/v2\/types\/post"}],"author":[{"embeddable":true,"href":"https:\/\/ammabarbacena.com.br\/perguntas-frequentes\/wp-json\/wp\/v2\/users\/2"}],"replies":[{"embeddable":true,"href":"https:\/\/ammabarbacena.com.br\/perguntas-frequentes\/wp-json\/wp\/v2\/comments?post=23025"}],"version-history":[{"count":1,"href":"https:\/\/ammabarbacena.com.br\/perguntas-frequentes\/wp-json\/wp\/v2\/posts\/23025\/revisions"}],"predecessor-version":[{"id":23026,"href":"https:\/\/ammabarbacena.com.br\/perguntas-frequentes\/wp-json\/wp\/v2\/posts\/23025\/revisions\/23026"}],"wp:attachment":[{"href":"https:\/\/ammabarbacena.com.br\/perguntas-frequentes\/wp-json\/wp\/v2\/media?parent=23025"}],"wp:term":[{"taxonomy":"category","embeddable":true,"href":"https:\/\/ammabarbacena.com.br\/perguntas-frequentes\/wp-json\/wp\/v2\/categories?post=23025"},{"taxonomy":"post_tag","embeddable":true,"href":"https:\/\/ammabarbacena.com.br\/perguntas-frequentes\/wp-json\/wp\/v2\/tags?post=23025"}],"curies":[{"name":"wp","href":"https:\/\/api.w.org\/{rel}","templated":true}]}}