{"id":23001,"date":"2025-08-09T19:35:50","date_gmt":"2025-08-09T19:35:50","guid":{"rendered":"http:\/\/aba71d2e-69b6-4c46-bf36-fcc98ed2590c"},"modified":"2025-08-09T19:35:50","modified_gmt":"2025-08-09T19:35:50","slug":"o-que-e-o-ipod","status":"publish","type":"post","link":"https:\/\/ammabarbacena.com.br\/perguntas-frequentes\/o-que-e-o-ipod\/","title":{"rendered":"O que \u00e9 o ipod"},"content":{"rendered":"Aparelho da Apple mudou a forma como as pessoas escutavam m\u00fasica, mas acabou sendo descontinuado em 2022. O lan\u00e7amento da primeira vers\u00e3o do iPod completa 23 anos nesta quarta-feira (23). Antecessor ao iPhone, o aparelho foi uma sensa\u00e7\u00e3o nos anos 2000 e ajudou a mudar a forma como as pessoas escutavam m\u00fasica.<br \/>\n\n\n\n\n<h2 class=\"wp-block-heading\">Qual \u00e9 a fun\u00e7\u00e3o de um iPod?<\/h2>\n\nCom esse aparelho fica f\u00e1cil baixar m\u00fasicas na iTunes Store, Apple Music ou qualquer outro aplicativo de streaming !<br \/>\n\n\n\n\n<h2 class=\"wp-block-heading\">Para que serve um iPod?<\/h2>\n\n\n<p><\/p>Gente, o iPod Touch \u00e9 o aparelho multim\u00eddia ideal pra quem gosta de ouvir m\u00fasica em qualquer hora e lugar, viu? Al\u00e9m de salvar todas as suas can\u00e7\u00f5es favoritas, os modelos mais modernos rodam at\u00e9 aplicativos e jogos!<br \/>\n\n\n\n\n<h2 class=\"wp-block-heading\">Qual aparelho substitui o iPod?<\/h2>\n\n\n<p><\/p>O iPad meio que sucedeu o iPod touch que sucedeu o iPod.<br \/>\n\n\n\n\n<h2 class=\"wp-block-heading\">Qual \u00e9 o valor de um iPod?<\/h2>\n\n\n<p><\/p>iPod touch (32 GB): R$ 1.699. iPod touch (128 GB): R$ 2.499. iPod touch (256 GB): R$ 3.299.<br \/>\n\n\n\n\n<h2 class=\"wp-block-heading\">Qual a diferen\u00e7a de iPod para iPhone?<\/h2>\n\n\n<p><\/p>A interface do iPod Touch \u00e9 id\u00eantica \u00e0 do iPhone . As diferen\u00e7as incluem a aus\u00eancia de um aplicativo para celular e a aus\u00eancia de um cart\u00e3o SIM para conex\u00e3o com dados m\u00f3veis. Ambos os dispositivos utilizam o iOS .<br \/>\n\n\n\n\n<h2 class=\"wp-block-heading\">O que posso fazer com meu iPod antigo?<\/h2>\n\n\n<p><\/p>Para reciclar gratuitamente seu dispositivo antigo, obter uma etiqueta de envio pr\u00e9-paga e instru\u00e7\u00f5es, consulte o site Apple Trade In (em ingl\u00eas).<br \/>\n\n\n\n\n<h2 class=\"wp-block-heading\">O que substituiu o iPod?<\/h2>\n\nO iPad meio que sucedeu o iPod touch que sucedeu o iPod.<br \/>\n\n\n\n\n<h2 class=\"wp-block-heading\">Porque o iPod foi descontinuado?<\/h2>\n\n\n<p><\/p>Em maio de 2022, quase 21 anos depois, a Apple &#8220;aposentou&#8221; o iPod Touch, o \u00faltimo modelo da linha, lan\u00e7ado em 2019. A linha foi descontinuada porque praticamente todos os consumidores da marca j\u00e1 utilizavam o seu smartphone como um tocador de m\u00fasica, dispensando a utiliza\u00e7\u00e3o de um iPod.<br \/>\n\n\n\n\n<h2 class=\"wp-block-heading\">Qual \u00e9 o concorrente do iPod Touch?<\/h2>\n\n\n<p><\/p>Chamado de Galaxy Player, o novo aparelho chegar\u00e1 para competir com o iPod Touch, da Apple, e ter\u00e1 especifica\u00e7\u00f5es similares \u00e0s do smartphone Galaxy S.<br \/>\n\n\n\n\n<h2 class=\"wp-block-heading\">O que fazer com um iPod antigo?<\/h2>\n\n\n<p><\/p>Para reciclar gratuitamente seu dispositivo antigo, obter uma etiqueta de envio pr\u00e9-paga e instru\u00e7\u00f5es, consulte o site Apple Trade In (em ingl\u00eas).<br \/>\n\n\n\n\n<h2 class=\"wp-block-heading\">O iPod ainda funciona?<\/h2>\n\n\n<p><\/p>Descontinua\u00e7\u00e3o. No dia 10 de Maio de 2022, a Apple descontinuou o iPod Touch e aposentou de vez o iPod depois de 20 anos sendo fabricado.<br \/>\n\n\n\n\n<h2 class=\"wp-block-heading\">Quanto custa um iPod?<\/h2>\n\n\n<p><\/p>iPod touch (32 GB): R$ 1.699. iPod touch (128 GB): R$ 2.499. iPod touch (256 GB): R$ 3.299.<br \/>\n\n\n\n\n<h2 class=\"wp-block-heading\">O iPod \u00e9 um celular?<\/h2>\n\niPod foi uma linha de reprodutores de m\u00eddia port\u00e1teis e computadores pessoais port\u00e1teis projetados e comercializados pela Apple Inc. O primeiro modelo foi lan\u00e7ado em 23 de outubro de 2001, cerca de 8 meses depois do lan\u00e7amento do iTunes nos computadores Macintosh.<br \/>\n\n\n\n\n<h2 class=\"wp-block-heading\">O que seria um iPod?<\/h2>\n\n\n<p><\/p>Gente, o iPod Touch \u00e9 o aparelho multim\u00eddia ideal pra quem gosta de ouvir m\u00fasica em qualquer hora e lugar, viu? Al\u00e9m de salvar todas as suas can\u00e7\u00f5es favoritas, os modelos mais modernos rodam at\u00e9 aplicativos e jogos!<br \/>\n\n\n\n\n<h2 class=\"wp-block-heading\">O que significa iPod?<\/h2>\n\nO iPod \u00e9 um dispositivo de reprodu\u00e7\u00e3o de m\u00fasica port\u00e1til produzido pela Apple Inc e lan\u00e7ado em 2001. Tornou-se extremamente popular devido ao seu design, armazenamento de m\u00fasica em flash e capacidade de reprodu\u00e7\u00e3o de m\u00fasica digital. A linha de iPods inclui o iPod Shuffle, o iPod Nano, o iPod Classic e o iPod Touch.<br \/>\n\n\n\n\n<h2 class=\"wp-block-heading\">Qual \u00e9 o significado de iPod?<\/h2>\n\n\n<p><\/p>iPod foi uma linha de reprodutores de m\u00eddia port\u00e1teis e computadores pessoais port\u00e1teis projetados e comercializados pela Apple Inc. O primeiro modelo foi lan\u00e7ado em 23 de outubro de 2001, cerca de 8 meses depois do lan\u00e7amento do iTunes nos computadores Macintosh.<br \/>\n\n\n\n\n<h2 class=\"wp-block-heading\">O que era um iPod?<\/h2>\n\n\n<p><\/p>O iPod original, lan\u00e7ado em 23 de outubro de 2001, foi o primeiro tocador de MP3 a conter incr\u00edveis 1.000 m\u00fasicas e uma bateria com dura\u00e7\u00e3o de 10 horas em um impressionante pacote de 6,5 on\u00e7as.<br \/>\n\n\n\n\n<h2 class=\"wp-block-heading\">Como \u00e9 o iPod?<\/h2>\n\n\n<p><\/p>O iPod \u00e9 um dispositivo de reprodu\u00e7\u00e3o de m\u00fasica port\u00e1til produzido pela Apple Inc e lan\u00e7ado em 2001. Tornou-se extremamente popular devido ao seu design, armazenamento de m\u00fasica em flash e capacidade de reprodu\u00e7\u00e3o de m\u00fasica digital. A linha de iPods inclui o iPod Shuffle, o iPod Nano, o iPod Classic e o iPod Touch.<br \/>\n\n\n\n\n<h2 class=\"wp-block-heading\">Quais s\u00e3o os tipos de iPod?<\/h2>\n\n\n<p><\/p>\n\n<ul class=\"wp-block-list\">\n<li>iPod touch (7\u00aa gera\u00e7\u00e3o)<\/li>\n<li>iPod touch (6\u00aa gera\u00e7\u00e3o)<\/li>\n<li>iPod touch 16 GB (5\u00aa gera\u00e7\u00e3o, meados de 2013)<\/li>\n<li>iPod touch (5\u00aa gera\u00e7\u00e3o)<\/li>\n<li>iPod nano (7\u00aa gera\u00e7\u00e3o)<\/li>\n<li>iPod touch (4\u00aa gera\u00e7\u00e3o)<\/li>\n<li>iPod shuffle (4\u00aa gera\u00e7\u00e3o)<\/li>\n<li>iPod touch (4\u00aa gera\u00e7\u00e3o)<\/li>\n<\/ul>\n\n\n\n\n<h2 class=\"wp-block-heading\">Como se fala iPod?<\/h2>\n\n\n<p><\/p>Qual a pron\u00fancia correcta da palavra &#8220;ipod&#8221; em portugu\u00eas? Antecipadamente agrade\u00e7o a vossa resposta. A pron\u00fancia portuguesa de &#8220;ipod&#8221; tenta imitar a inglesa: &#8220;aipode&#8221;.<br \/>\n\n\n\n\n<h2 class=\"wp-block-heading\">O iPod ainda existe?<\/h2>\n\nAntecessor ao iPhone, o aparelho foi uma sensa\u00e7\u00e3o nos anos 2000 e ajudou a mudar a forma como as pessoas escutavam m\u00fasica. Em maio de 2022, quase 21 anos depois, a Apple &#8220;aposentou&#8221; o iPod Touch, o \u00faltimo modelo da linha, lan\u00e7ado em 2019.<br \/>\n\n\n\n\n<h2 class=\"wp-block-heading\">Qual \u00e9 o iPod mais atual?<\/h2>\n\n\n<p><\/p>A \u00faltima gera\u00e7\u00e3o do dispositivo, o iPod Touch 7\u00aa gera\u00e7\u00e3o, lan\u00e7ado em 28 de maio de 2019, parece muito um telefone, pois conta com um processador A10, permitindo experi\u00eancias imersivas de realidade aumentada, FaceTime e 256 GB (gigabytes) de mem\u00f3ria. Ser\u00e1 o \u00faltimo iPod \u00e0 venda.<br \/>\n\n\n\n\n<h2 class=\"wp-block-heading\">Que fim levou o iPod?<\/h2>\n\n\n<p><\/p>Depois de mais um hiato, a Ma\u00e7\u00e3 anunciou o fim do iPod em um simples comunicado para a imprensa em 10 de maio de 2022. O texto confirmava que o iPod Touch deixaria de existir nas lojas em definitivo ap\u00f3s o fim do estoque restante, o que significou o fim da linha de toda a fam\u00edlia apenas um dia depois.<br \/>\n\n\n\n\n<h2 class=\"wp-block-heading\">Qual a vantagem de ter um iPod?<\/h2>\n\nO engenheiro de Montes Claros (MG) afirma que uma das vantagens de ter o aparelho, que o acompanhou durante viagens, foi a elimina\u00e7\u00e3o da m\u00eddia f\u00edsica e a praticidade que isso gerou. Al\u00e9m dele, outros adeptos do iPod j\u00e1 n\u00e3o sentiam mais sua falta, o que ajuda a explicar a decis\u00e3o da Apple.<br \/>\n\n\n\n\n<h2 class=\"wp-block-heading\">Qual a finalidade do iPod?<\/h2>\n\n\n<p><\/p>Apple Inc. O iPod podia ser utilizado para reprodu\u00e7\u00e3o de m\u00fasica digital, fotos, v\u00eddeos, jogos, informa\u00e7\u00f5es de contato, configura\u00e7\u00f5es de e-mail, marcadores web e calend\u00e1rios. Os primeiros modelos ofereciam uma interface simples para o usu\u00e1rio, centrada no uso da Click Wheel.<br \/>\n\n\n","protected":false},"excerpt":{"rendered":"<p>Aparelho da Apple mudou a forma como as pessoas escutavam m\u00fasica, mas acabou sendo descontinuado em 2022. O lan\u00e7amento da primeira vers\u00e3o do iPod completa 23 anos nesta quarta-feira (23). Antecessor ao iPhone, o aparelho foi uma sensa\u00e7\u00e3o nos anos 2000 e ajudou a mudar a forma como as pessoas escutavam m\u00fasica. Qual \u00e9 a [&hellip;]<\/p>\n","protected":false},"author":2,"featured_media":0,"comment_status":"open","ping_status":"closed","sticky":false,"template":"","format":"standard","meta":{"footnotes":""},"categories":[1],"tags":[],"class_list":["post-23001","post","type-post","status-publish","format-standard","hentry","category-conteudo"],"_links":{"self":[{"href":"https:\/\/ammabarbacena.com.br\/perguntas-frequentes\/wp-json\/wp\/v2\/posts\/23001","targetHints":{"allow":["GET"]}}],"collection":[{"href":"https:\/\/ammabarbacena.com.br\/perguntas-frequentes\/wp-json\/wp\/v2\/posts"}],"about":[{"href":"https:\/\/ammabarbacena.com.br\/perguntas-frequentes\/wp-json\/wp\/v2\/types\/post"}],"author":[{"embeddable":true,"href":"https:\/\/ammabarbacena.com.br\/perguntas-frequentes\/wp-json\/wp\/v2\/users\/2"}],"replies":[{"embeddable":true,"href":"https:\/\/ammabarbacena.com.br\/perguntas-frequentes\/wp-json\/wp\/v2\/comments?post=23001"}],"version-history":[{"count":1,"href":"https:\/\/ammabarbacena.com.br\/perguntas-frequentes\/wp-json\/wp\/v2\/posts\/23001\/revisions"}],"predecessor-version":[{"id":23002,"href":"https:\/\/ammabarbacena.com.br\/perguntas-frequentes\/wp-json\/wp\/v2\/posts\/23001\/revisions\/23002"}],"wp:attachment":[{"href":"https:\/\/ammabarbacena.com.br\/perguntas-frequentes\/wp-json\/wp\/v2\/media?parent=23001"}],"wp:term":[{"taxonomy":"category","embeddable":true,"href":"https:\/\/ammabarbacena.com.br\/perguntas-frequentes\/wp-json\/wp\/v2\/categories?post=23001"},{"taxonomy":"post_tag","embeddable":true,"href":"https:\/\/ammabarbacena.com.br\/perguntas-frequentes\/wp-json\/wp\/v2\/tags?post=23001"}],"curies":[{"name":"wp","href":"https:\/\/api.w.org\/{rel}","templated":true}]}}