{"id":22977,"date":"2025-08-09T19:18:29","date_gmt":"2025-08-09T19:18:29","guid":{"rendered":"http:\/\/1573e28b-2fd0-458e-b47b-c9500679460d"},"modified":"2025-08-09T19:18:29","modified_gmt":"2025-08-09T19:18:29","slug":"o-que-e-macrocefalia-urbana","status":"publish","type":"post","link":"https:\/\/ammabarbacena.com.br\/perguntas-frequentes\/o-que-e-macrocefalia-urbana\/","title":{"rendered":"O que \u00e9 macrocefalia urbana"},"content":{"rendered":"\n\n<h2 class=\"wp-block-heading\">O que significa macrocefalia urbana?<\/h2>\n\nA macrocefalia urbana se refere a um crescimento desigual de alguns polos urbanos em rela\u00e7\u00e3o aos seus entornos. O caso de S\u00e3o Paulo \u00e9 um exemplo: a ocupa\u00e7\u00e3o do solo na maior cidade da Am\u00e9rica Latina \u00e9 bastante at\u00edpica em rela\u00e7\u00e3o \u00e0 regi\u00e3o pr\u00f3xima a ela e a outras capitais.<br \/>\n\n\n\n\n<h2 class=\"wp-block-heading\">Qual \u00e9 o significado de macrocefalia urbana?<\/h2>\n\n\n<p><\/p>A macrocefalia urbana se refere a um crescimento desigual de alguns polos urbanos em rela\u00e7\u00e3o aos seus entornos. O caso de S\u00e3o Paulo \u00e9 um exemplo: a ocupa\u00e7\u00e3o do solo na maior cidade da Am\u00e9rica Latina \u00e9 bastante at\u00edpica em rela\u00e7\u00e3o \u00e0 regi\u00e3o pr\u00f3xima a ela e a outras capitais.<br \/>\n\n\n\n\n<h2 class=\"wp-block-heading\">O que significa macrocefalismo?<\/h2>\n\n\n<p><\/p>MACROCEFALISMO &#8211; Crescimento ca\u00f3tico ou desordenado da cidade em face do crescimento exagerado de sua popula\u00e7\u00e3o. urbaniza\u00e7\u00e3o concentradora, isto \u00e9, que forma grandes cidades e metr\u00f3poles.<br \/>\n\n\n\n\n<h2 class=\"wp-block-heading\">O que \u00e9 macrocefalia urbana?<\/h2>\n\n\n<p><\/p>Macrocefalia urbana pode ser entendida como a massiva concentra\u00e7\u00e3o das atividades econ\u00f4micas em algumas metr\u00f3poles que propicia o desencadeamento de processos descompassados : redirecionamento e converg\u00eancia de fluxos migrat\u00f3rios, d\u00e9ficit no numero de empregos, ocupa\u00e7\u00e3o desordenada em determinadas regi\u00f5es da cidade e &#8230;<br \/>\n\n\n\n\n<h2 class=\"wp-block-heading\">O que \u00e9 macrocefalismo?<\/h2>\n\nMACROCEFALISMO &#8211; Crescimento ca\u00f3tico ou desordenado da cidade em face do crescimento exagerado de sua popula\u00e7\u00e3o. urbaniza\u00e7\u00e3o concentradora, isto \u00e9, que forma grandes cidades e metr\u00f3poles.<br \/>\n\n\n\n\n<h2 class=\"wp-block-heading\">O que significa &#8220;cidade macrocefala&#8221;?<\/h2>\n\n\n<p><\/p>O que \u00e9 macrocefalia urbana? A macrocefalia urbana \u00e9 um fen\u00f4meno que acontece em grandes cidades, sobretudo de pa\u00edses ou regi\u00f5es subdesenvolvidas do mundo, e que pode ser descrito como a concentra\u00e7\u00e3o espacial desigual de pessoas e de servi\u00e7os dos mais variados tipos em uma determinada cidade ou aglomera\u00e7\u00e3o urbana.<br \/>\n\n\n\n\n<h2 class=\"wp-block-heading\">O que significa o termo macrocefalia?<\/h2>\n\n\n<p><\/p>Macrocefalia designa tamanho de cabe\u00e7a muito acima do normal para idade e sexo. A macrocefalia geralmente \u00e9 diagnosticada em rec\u00e9m-nascidos ou durante a inf\u00e2ncia. Nem sempre \u00e9 considerada doen\u00e7a ou requer tratamento ou acompanhamento m\u00e9dico.<br \/>\n\n\n\n\n<h2 class=\"wp-block-heading\">O que \u00e9 macrocefalia urbana e quais s\u00e3o suas consequ\u00eancias?<\/h2>\n\n\n<p><\/p>A macrocefalia urbana se refere a um crescimento desigual de alguns polos urbanos em rela\u00e7\u00e3o aos seus entornos. O caso de S\u00e3o Paulo \u00e9 um exemplo: a ocupa\u00e7\u00e3o do solo na maior cidade da Am\u00e9rica Latina \u00e9 bastante at\u00edpica em rela\u00e7\u00e3o \u00e0 regi\u00e3o pr\u00f3xima a ela e a outras capitais.<br \/>\n\n\n\n\n<h2 class=\"wp-block-heading\">O que \u00e9 faveliza\u00e7\u00e3o no Brasil?<\/h2>\n\n\n<p><\/p>A faveliza\u00e7\u00e3o \u00e9 um processo espacial de amplia\u00e7\u00e3o das \u00e1reas de ocupa\u00e7\u00f5es irregulares nos centros urbanos. Ela \u00e9 desencadeada por meio da necessidade de moradia de parte da popula\u00e7\u00e3o, que, na inexist\u00eancia de condi\u00e7\u00f5es econ\u00f4micas favor\u00e1veis, habita zonas naturais consideradas impr\u00f3prias para a constru\u00e7\u00e3o de moradias.<br \/>\n\n\n\n\n<h2 class=\"wp-block-heading\">O que caracteriza um incha\u00e7o urbano?<\/h2>\n\nO incha\u00e7o urbano \u00e9 o crescimento desordenado das cidades, que ocorre em pequenos centros de determinadas regi\u00f5es urbanas. A falta de planejamento durante a expans\u00e3o da cidade faz com que haja uma \u00e1rea que concentra as atividades e os servi\u00e7os locais. Isto atrai uma quantidade de pessoas que n\u00e3o cabe no espa\u00e7o dado.<br \/>\n\n\n\n\n<h2 class=\"wp-block-heading\">O que \u00e9 considerado incha\u00e7o urbano?<\/h2>\n\n\n<p><\/p>O incha\u00e7o urbano \u00e9 o crescimento desordenado das cidades, que ocorre em pequenos centros de determinadas regi\u00f5es urbanas. A falta de planejamento durante a expans\u00e3o da cidade faz com que haja uma \u00e1rea que concentra as atividades e os servi\u00e7os locais. Isto atrai uma quantidade de pessoas que n\u00e3o cabe no espa\u00e7o dado.<br \/>\n\n\n\n\n<h2 class=\"wp-block-heading\">O que caracteriza o crescimento urbano?<\/h2>\n\n\n<p><\/p>J\u00e1 o crescimento urbano se refere ao crescimento de uma cidade do ponto de vista da infraestrutura. Esse crescimento tem o sentido de amplia\u00e7\u00e3o, como a constru\u00e7\u00e3o de moradias, escolas e estruturas b\u00e1sicas para a sobreviv\u00eancia.<br \/>\n\n\n\n\n<h2 class=\"wp-block-heading\">O que \u00e9 uma cidade inchada?<\/h2>\n\n\n<p><\/p>\u201cAglomera\u00e7\u00e3o urbana inchada, fen\u00f4meno t\u00edpico dos pa\u00edses subdesenvolvidos. N\u00e3o oferece adequadas condi\u00e7\u00f5es de vida aos seus moradores no tocante a servi\u00e7os b\u00e1sicos e de infraestrutura, como sa\u00fade, educa\u00e7\u00e3o, saneamento, ilumina\u00e7\u00e3o, emprego [&#8230;]\u201d.<br \/>\n\n\n\n\n<h2 class=\"wp-block-heading\">O que significa hipertrofia urbana?<\/h2>\n\n\n<p><\/p>A macrocefalia urbana \u00e9 um fen\u00f4meno que acontece em grandes cidades, sobretudo de pa\u00edses ou regi\u00f5es subdesenvolvidas do mundo, e que pode ser descrito como a concentra\u00e7\u00e3o espacial desigual de pessoas e de servi\u00e7os dos mais variados tipos em uma determinada cidade ou aglomera\u00e7\u00e3o urbana.<br \/>\n\n\n\n\n<h2 class=\"wp-block-heading\">O que \u00e9 satura\u00e7\u00e3o urbana?<\/h2>\n\n\n<p><\/p>\n\n<ul class=\"wp-block-list\">\n<li>Satura\u00e7\u00e3o urbana<\/li>\n<li> Essa tipologia \u00e9 constitu\u00edda, predominante, por grupos que possuem alta renda e que buscam melhores condi\u00e7\u00f5es ambientais, seguran\u00e7a e transporte, ou seja, mais \u201cqualidade de vida\u201d.<\/li>\n<\/ul>\n\n\n\n\n<h2 class=\"wp-block-heading\">Como resolver a macrocefalia urbana?<\/h2>\n\nA descentraliza\u00e7\u00e3o econ\u00f4mica \u00e9 fundamental para combater a macrocefalia urbana, pois diminui o fluxo migrat\u00f3rio excessivo para os grandes centros, equilibrando o desenvolvimento do pa\u00eds.<br \/>\n\n\n\n\n<h2 class=\"wp-block-heading\">Qual o motivo que leva \u00e0 macrocefalia urbana?<\/h2>\n\n\n<p><\/p>Suas causas est\u00e3o atreladas a um r\u00e1pido processo de urbaniza\u00e7\u00e3o e intensifica\u00e7\u00e3o dos deslocamentos populacionais do campo para a cidade e \u00e0 forma\u00e7\u00e3o dos grandes centros urbanos. Entre as consequ\u00eancias do incha\u00e7o das cidades est\u00e3o a faveliza\u00e7\u00e3o e o aprofundamento da segrega\u00e7\u00e3o socioespacial.<br \/>\n\n\n\n\n<h2 class=\"wp-block-heading\">Como resolver o crescimento desordenado das cidades?<\/h2>\n\n\n<p><\/p>Isso envolve considerar a distribui\u00e7\u00e3o equitativa de servi\u00e7os, como sa\u00fade, educa\u00e7\u00e3o e transporte, bem como o uso adequado do espa\u00e7o p\u00fablico. Al\u00e9m disso, a promo\u00e7\u00e3o de tecnologias verdes, energias renov\u00e1veis e gest\u00e3o eficaz dos recursos naturais contribui para cidades mais equilibradas e habit\u00e1veis.<br \/>\n\n\n\n\n<h2 class=\"wp-block-heading\">Como resolver a desigualdade urbana?<\/h2>\n\n\n<p><\/p>\n\n<ul class=\"wp-block-list\">\n<li>COP26.<\/li>\n<li>desenho urbano.<\/li>\n<li>desenvolvimento urbano.<\/li>\n<li>equidade.<\/li>\n<li>financiamento.<\/li>\n<li>infraestrutura sustent\u00e1vel.<\/li>\n<li>infraestrutura urbana.<\/li>\n<\/ul>\n\n\n\n\n<h2 class=\"wp-block-heading\">O que o governo deve fazer para diminuir os problemas urbanos?<\/h2>\n\n\n<p><\/p>ampliar \u00e1reas atendidas pelos transportes p\u00fablicos coletivos (\u00f4nibus, metr\u00f4 e trem); diversificar o uso dos meios de transportes (carros, bicicletas, \u00f4nibus, motocicletas);<br \/>\n\n\n\n\n<h2 class=\"wp-block-heading\">O que significa macrocefalia?<\/h2>\n\n\n\n<h2 class=\"wp-block-heading\">O que a macrocefalia pode causar?<\/h2>\n\n\n<p><\/p>atrasos no desenvolvimento psicomotor; altera\u00e7\u00f5es psicol\u00f3gicas; incapacidade f\u00edsica; fraqueza muscular.<br \/>\n\n\n\n\n<h2 class=\"wp-block-heading\">O que acontece quando o beb\u00ea tem a cabe\u00e7a maior que o normal?<\/h2>\n\n\n<p><\/p>Macrocefalia significa que a cabe\u00e7a do seu beb\u00ea \u00e9 maior do que a de outros beb\u00eas da mesma idade e sexo. Ter uma cabe\u00e7a maior pode ser inofensivo, se for uma caracter\u00edstica familiar, ou pode ser sinal de uma condi\u00e7\u00e3o m\u00e9dica grave.<br \/>\n\n\n\n\n<h2 class=\"wp-block-heading\">Quantos anos vive uma crian\u00e7a com macrocefalia?<\/h2>\n\n\n<p><\/p>As crian\u00e7as com macrocefalia familiar benigna geralmente crescem conforme o esperado e vivem uma vida normal. Em muitos outros casos, a evolu\u00e7\u00e3o da macrocefalia depende de suas causas.<br \/>\n\n\n\n\n<h2 class=\"wp-block-heading\">Tem cura a macrocefalia?<\/h2>\n\n\n<p><\/p>\n\n<ul class=\"wp-block-list\">\n<li>Tratamento de macrocefalia<\/li>\n<li> Em crian\u00e7as com macrocefalia familiar, o tratamento n\u00e3o \u00e9 poss\u00edvel ou necess\u00e1rio. Da mesma forma, alguns dist\u00farbios gen\u00e9ticos que est\u00e3o associados a um tamanho de cabe\u00e7a maior que o normal tamb\u00e9m n\u00e3o s\u00e3o trat\u00e1veis e o tamanho da cabe\u00e7a em si s\u00f3 n\u00e3o \u00e9 uma causa de doen\u00e7a.<\/li>\n<\/ul>\n\n\n\n\n<h2 class=\"wp-block-heading\">Qual a diferen\u00e7a entre hidrocefalia e macrocefalia?<\/h2>\n\n\n<p><\/p>Em alguns casos, pode corresponder a macrocefalia benigna, quando existe outros membros da fam\u00edlia com a cabe\u00e7a grande e portanto considerada uma caracter\u00edstica familiar. J\u00e1 a hidrocefalia caracteriza-se pelo ac\u00famulo de l\u00edquido cefalorraquiano nos ventr\u00edculos cerebrais.<br \/>\n\n\n\n\n<h2 class=\"wp-block-heading\">Quais s\u00e3o as consequ\u00eancias do incha\u00e7o urbano?<\/h2>\n\nO incha\u00e7o das cidades associado \u00e0 incapacidade de abrigar toda a popula\u00e7\u00e3o, \u00e0s condi\u00e7\u00f5es insalubres de moradia e \u00e0 falta de pol\u00edticas p\u00fablicas que atendam essa parcela da popula\u00e7\u00e3o tem como consequ\u00eancia direta o aumento da criminalidade.<br \/>\n\n\n\n\n<h2 class=\"wp-block-heading\">Quais as consequ\u00eancias do incha\u00e7o urbano?<\/h2>\n\n\n<p><\/p>O incha\u00e7o das cidades associado \u00e0 incapacidade de abrigar toda a popula\u00e7\u00e3o, \u00e0s condi\u00e7\u00f5es insalubres de moradia e \u00e0 falta de pol\u00edticas p\u00fablicas que atendam essa parcela da popula\u00e7\u00e3o tem como consequ\u00eancia direta o aumento da criminalidade.<br \/>\n\n\n\n\n<h2 class=\"wp-block-heading\">Quais foram as consequ\u00eancias da Revolu\u00e7\u00e3o urbana?<\/h2>\n\n\n<p><\/p>As consequ\u00eancias foram o aumento da quantidade de indiv\u00edduos no grupo e a mudan\u00e7a do comportamento social. At\u00e9 o dom\u00ednio da agricultura e pecu\u00e1ria, as sociedades eram essencialmente coletoras, ca\u00e7adoras e n\u00f4mades. A necessidade de migrar em busca de alimentos era um obst\u00e1culo importante na autopreserva\u00e7\u00e3o dos grupos.<br \/>\n\n\n\n\n<h2 class=\"wp-block-heading\">Quais s\u00e3o as consequ\u00eancias do crescimento urbano?<\/h2>\n\n\n<p><\/p>Como resultado da macrocefalia urbana, al\u00e9m da amplia\u00e7\u00e3o das desigualdades sociais, h\u00e1 o agravamento de problemas ambientais no meio urbano, como polui\u00e7\u00e3o dos solos e da \u00e1gua, enchentes, deslizamentos de terra, entre outros.<br \/>\n\n\n\n\n<h2 class=\"wp-block-heading\">Quais s\u00e3o as causas e consequ\u00eancias do incha\u00e7o urbano no Brasil?<\/h2>\n\n\n<p><\/p>O incha\u00e7o urbano \u00e9 o crescimento desordenado das cidades, que ocorre em pequenos centros de determinadas regi\u00f5es urbanas. A falta de planejamento durante a expans\u00e3o da cidade faz com que haja uma \u00e1rea que concentra as atividades e os servi\u00e7os locais. Isto atrai uma quantidade de pessoas que n\u00e3o cabe no espa\u00e7o dado.<br \/>\n\n\n\n\n<h2 class=\"wp-block-heading\">Quais s\u00e3o as causas do incha\u00e7o?<\/h2>\n\n\n<p><\/p>O incha\u00e7o no corpo pode ter diversas causas, desde a falta de circula\u00e7\u00e3o sangu\u00ednea que causam o ac\u00famulo de l\u00edquido entre os tecidos, at\u00e9 mesmo problemas em outros \u00f3rg\u00e3os do corpo, como os rins e f\u00edgado. Portanto \u00e9 necess\u00e1rio investigar as causas atrav\u00e9s de exames cl\u00ednicos e orienta\u00e7\u00e3o de um m\u00e9dico especialista.<br \/>\n\n\n","protected":false},"excerpt":{"rendered":"<p>O que significa macrocefalia urbana? A macrocefalia urbana se refere a um crescimento desigual de alguns polos urbanos em rela\u00e7\u00e3o aos seus entornos. O caso de S\u00e3o Paulo \u00e9 um exemplo: a ocupa\u00e7\u00e3o do solo na maior cidade da Am\u00e9rica Latina \u00e9 bastante at\u00edpica em rela\u00e7\u00e3o \u00e0 regi\u00e3o pr\u00f3xima a ela e a outras capitais. [&hellip;]<\/p>\n","protected":false},"author":2,"featured_media":0,"comment_status":"open","ping_status":"closed","sticky":false,"template":"","format":"standard","meta":{"footnotes":""},"categories":[1],"tags":[],"class_list":["post-22977","post","type-post","status-publish","format-standard","hentry","category-conteudo"],"_links":{"self":[{"href":"https:\/\/ammabarbacena.com.br\/perguntas-frequentes\/wp-json\/wp\/v2\/posts\/22977","targetHints":{"allow":["GET"]}}],"collection":[{"href":"https:\/\/ammabarbacena.com.br\/perguntas-frequentes\/wp-json\/wp\/v2\/posts"}],"about":[{"href":"https:\/\/ammabarbacena.com.br\/perguntas-frequentes\/wp-json\/wp\/v2\/types\/post"}],"author":[{"embeddable":true,"href":"https:\/\/ammabarbacena.com.br\/perguntas-frequentes\/wp-json\/wp\/v2\/users\/2"}],"replies":[{"embeddable":true,"href":"https:\/\/ammabarbacena.com.br\/perguntas-frequentes\/wp-json\/wp\/v2\/comments?post=22977"}],"version-history":[{"count":1,"href":"https:\/\/ammabarbacena.com.br\/perguntas-frequentes\/wp-json\/wp\/v2\/posts\/22977\/revisions"}],"predecessor-version":[{"id":22978,"href":"https:\/\/ammabarbacena.com.br\/perguntas-frequentes\/wp-json\/wp\/v2\/posts\/22977\/revisions\/22978"}],"wp:attachment":[{"href":"https:\/\/ammabarbacena.com.br\/perguntas-frequentes\/wp-json\/wp\/v2\/media?parent=22977"}],"wp:term":[{"taxonomy":"category","embeddable":true,"href":"https:\/\/ammabarbacena.com.br\/perguntas-frequentes\/wp-json\/wp\/v2\/categories?post=22977"},{"taxonomy":"post_tag","embeddable":true,"href":"https:\/\/ammabarbacena.com.br\/perguntas-frequentes\/wp-json\/wp\/v2\/tags?post=22977"}],"curies":[{"name":"wp","href":"https:\/\/api.w.org\/{rel}","templated":true}]}}