{"id":22929,"date":"2025-08-09T18:47:03","date_gmt":"2025-08-09T18:47:03","guid":{"rendered":"http:\/\/5142c8fd-e1bd-4fb1-a061-ea6fdd36224d"},"modified":"2025-08-09T18:47:03","modified_gmt":"2025-08-09T18:47:03","slug":"o-que-e-esfacelo","status":"publish","type":"post","link":"https:\/\/ammabarbacena.com.br\/perguntas-frequentes\/o-que-e-esfacelo\/","title":{"rendered":"O que \u00e9 esfacelo"},"content":{"rendered":"Fibrina ou esfacelo: \u00e9 uma prote\u00edna insol\u00favel formada a partir do fibrinog\u00eanio pela a\u00e7\u00e3o proteol\u00edtica da trombina durante a coagula\u00e7\u00e3o normal do sangue. Na les\u00e3o, a fibrina \u00e9 aderente aos tecidos e tem colora\u00e7\u00e3o esbranqui\u00e7ada ou amarelada, podendo ser confundida com p\u00fas (UNICAMP, 2000).<br \/>\n\n\n\n\n<h2 class=\"wp-block-heading\">O que \u00e9 esfacelo em uma ferida?<\/h2>\n\n\n\n<h2 class=\"wp-block-heading\">Qual a diferen\u00e7a entre esfacelo e necrose?<\/h2>\n\n\n<p><\/p>Necrose \u00famida: tamb\u00e9m conhecida como esfacelo ou necrose de liquefa\u00e7\u00e3o. Tecido desvitalizado, colora\u00e7\u00e3o amarronzada ou amarelada, cont\u00e9m umidade, pode estar aderida ou solta no leito. Epiteliza\u00e7\u00e3o: tecido rec\u00e9m formado, cicatrizado com colora\u00e7\u00e3o rosada.<br \/>\n\n\n\n\n<h2 class=\"wp-block-heading\">O que \u00e9 bom para tirar esfacelo da ferida?<\/h2>\n\n\n<p><\/p>O desbridamento mec\u00e2nico, por sua vez, envolve o uso de instrumentos para remover fisicamente o esfacelo da ferida. Isso pode ser feito por meio de curetagem ou irriga\u00e7\u00e3o com press\u00e3o controlada. Essa t\u00e9cnica \u00e9 geralmente utilizada em feridas com esfacelo duro ou espesso.<br \/>\n\n\n\n\n<h2 class=\"wp-block-heading\">Qual a diferen\u00e7a entre necrose e esfacelo?<\/h2>\n\nEscara (tecido invi\u00e1vel): necrose preta ou marrom. Tecido desvitalizado que pode estar solto, aderido, duro, macio ou com flutua\u00e7\u00e3o (Figura 5). Fonte: Acervo pessoal. Esfacelo (tecido invi\u00e1vel): \u00e9 um tecido suave, \u00famido e n\u00e3o vascularizado.<br \/>\n\n\n\n\n<h2 class=\"wp-block-heading\">O que \u00e9 o esfacelo?<\/h2>\n\n\n<p><\/p>Fibrina ou esfacelo: \u00e9 uma prote\u00edna insol\u00favel formada a partir do fibrinog\u00eanio pela a\u00e7\u00e3o proteol\u00edtica da trombina durante a coagula\u00e7\u00e3o normal do sangue. Na les\u00e3o, a fibrina \u00e9 aderente aos tecidos e tem colora\u00e7\u00e3o esbranqui\u00e7ada ou amarelada, podendo ser confundida com p\u00fas (UNICAMP, 2000).<br \/>\n\n\n\n\n<h2 class=\"wp-block-heading\">Que cor \u00e9 o esfacelo?<\/h2>\n\n\n<p><\/p>Em seguida o tecido se desfaz, formando esfacelo, um tecido de caracter\u00edstica fibroso e \u00famido que adere ao leito da ferida. Esfacelo pode ser verde ou acinzentado na presen\u00e7a de infec\u00e7\u00e3o (Fig 4).<br \/>\n\n\n\n\n<h2 class=\"wp-block-heading\">Qual pomada usar para esfacelo?<\/h2>\n\nDERSANI\u00ae HIDROGEL COM ALGINATO \u00e9 indicado para promover o desbridamento autol\u00edtico e auxiliar a cicatriza\u00e7\u00e3o em feridas secas e exsudativas, com necrose ou esfacelo, causadas por \u00falceras venosas, arteriais e por press\u00e3o, queimaduras de primeiro e segundo graus com perda parcial ou total de tecidos, abras\u00f5es e &#8230;<br \/>\n\n\n\n\n<h2 class=\"wp-block-heading\">O que posso usar para remover o esfacelo?<\/h2>\n\n\n<p><\/p>O tratamento de feridas com esfacelo normalmente envolve o uso de curativos adequados que ajudam a remover o tecido necr\u00f3tico e promover a cicatriza\u00e7\u00e3o. Curativos que mant\u00eam um ambiente \u00famido da ferida, como hidrog\u00e9is ou hidrocoloides, podem promover o desbridamento autol\u00edtico e auxiliar no processo de cicatriza\u00e7\u00e3o.<br \/>\n\n\n\n\n<h2 class=\"wp-block-heading\">Colagenase tira Esfacelo?<\/h2>\n\n\n<p><\/p>\u00c9 especialmente \u00fatil em feridas cr\u00f4nicas que apresentam uma quantidade significativa de col\u00e1geno endurecido, como \u00falceras de press\u00e3o, \u00falceras venosas de perna e feridas com esfacelo ou crostas fibrinosas.<br \/>\n\n\n\n\n<h2 class=\"wp-block-heading\">O hidrogel tira esfacelo?<\/h2>\n\n\n<p><\/p>O Gel Cicatrizante Dersani Hidrogel \u00e9 indicado para feridas secas, perif\u00e9ricas ou profundas, com ou sem infec\u00e7\u00e3o, com necrose ou esfacelo, causadas por: \u00dalceras venosas e arteriais.<br \/>\n\n\n\n\n<h2 class=\"wp-block-heading\">Qual pomada usar para fissura no per\u00edneo?<\/h2>\n\n\n<p><\/p>PROCTOFARMA HEMO \u00e9 uma pomada de fissuras de per\u00edneo que atrav\u00e9s de seus ativos proporciona um al\u00edvio imediato da dor e trata sua inflama\u00e7\u00e3o.<br \/>\n\n\n\n\n<h2 class=\"wp-block-heading\">Qual pomada tira esfacelo?<\/h2>\n\n\n<p><\/p>DERSANI\u00ae HIDROGEL COM ALGINATO \u00e9 indicado para promover o desbridamento autol\u00edtico e auxiliar a cicatriza\u00e7\u00e3o em feridas secas e exsudativas, com necrose ou esfacelo, causadas por \u00falceras venosas, arteriais e por press\u00e3o, queimaduras de primeiro e segundo graus com perda parcial ou total de tecidos, abras\u00f5es e &#8230;<br \/>\n\n\n\n\n<h2 class=\"wp-block-heading\">Para que serve a sulfadiazina de prata?<\/h2>\n\n\n<p><\/p>A sulfadiazina de prata trata de feridas principalmente aquelas com grande potencial de infec\u00e7\u00e3o e risco de evolu\u00e7\u00e3o para infec\u00e7\u00e3o generalizada: queimaduras, \u00falceras de perna, escaras de dec\u00fabito e feridas cir\u00fargicas.<br \/>\n\n\n\n\n<h2 class=\"wp-block-heading\">Qual a diferen\u00e7a entre esfacelo e fibrina?<\/h2>\n\nFIBRINA : N\u00e3o \u00e9 vis\u00edvel a olho nu, ela \u00e9 uma prote\u00edna insol\u00favel que \u00e9 produzida pelo pr\u00f3prio corpo na fase de coagula\u00e7\u00e3o no processo de cicatriza\u00e7\u00e3o. ESFACELO : Podendo ser branco, amarelo, marrom ou verde ele \u00e9 um tecido \u00famido e n\u00e3o vascularizado. Podendo estar solto ou aderido \u00e0 feridas.<br \/>\n\n\n\n\n<h2 class=\"wp-block-heading\">O que \u00e9 fibrina e esfacelo?<\/h2>\n\n\n<p><\/p>Fibrina ou esfacelo: \u00e9 uma prote\u00edna insol\u00favel formada a partir do fibrinog\u00eanio pela a\u00e7\u00e3o proteol\u00edtica da trombina durante a coagula\u00e7\u00e3o normal do sangue. Na les\u00e3o, a fibrina \u00e9 aderente aos tecidos e tem colora\u00e7\u00e3o esbranqui\u00e7ada ou amarelada, podendo ser confundida com p\u00fas (UNICAMP, 2000).<br \/>\n\n\n\n\n<h2 class=\"wp-block-heading\">O que significa fibrina?<\/h2>\n\n\n<p><\/p>A fibrina \u00e9 uma prote\u00edna que atua como uma primeira resposta sempre que seu corpo est\u00e1 ferido, com o fim de desempenhar um papel importante no processo de coagula\u00e7\u00e3o do sangue.<br \/>\n\n\n\n\n<h2 class=\"wp-block-heading\">O que \u00e9 uma ferida esfacelo?<\/h2>\n\n\n<p><\/p>Esfacelo \u00e9 um tecido necr\u00f3tico que se acumula na superf\u00edcie de uma ferida, dificultando o processo de cicatriza\u00e7\u00e3o. Este tecido \u00e9 tipicamente amarelado, branco ou at\u00e9 acinzentado e \u00e9 um sinal de que a ferida est\u00e1 em um processo inflamat\u00f3rio.<br \/>\n\n\n\n\n<h2 class=\"wp-block-heading\">O que \u00e9 fibrina na postectomia?<\/h2>\n\n\n<p><\/p>\u2013 Secre\u00e7\u00e3o no p\u00eanis (que \u00e9 chamada fibrina e n\u00e3o \u00e9 um sinal de infec\u00e7\u00e3o ou pus e sim uma fase da cicatriza\u00e7\u00e3o). O curativo da cirurgia fica enrolado em torno do p\u00eanis. \u00c9 um curativo frouxo, que sai com facilidade, e tem como objetivo diminuir o incha\u00e7o e o hematoma que pode se formar.<br \/>\n\n\n\n\n<h2 class=\"wp-block-heading\">Como retirar esfacelo de uma ferida?<\/h2>\n\nO desbridamento mec\u00e2nico, por sua vez, envolve o uso de instrumentos para remover fisicamente o esfacelo da ferida. Isso pode ser feito por meio de curetagem ou irriga\u00e7\u00e3o com press\u00e3o controlada. Essa t\u00e9cnica \u00e9 geralmente utilizada em feridas com esfacelo duro ou espesso.<br \/>\n\n\n\n\n<h2 class=\"wp-block-heading\">Como saber se a ferida est\u00e1 cicatrizando?<\/h2>\n\n\n\n<h2 class=\"wp-block-heading\">Qual a cor da ferida quando est\u00e1 sarando?<\/h2>\n\n\n<p><\/p>\n\n<ul class=\"wp-block-list\">\n<li>A ferida vermelha: sinal de cicatriza\u00e7\u00e3o<\/li>\n<li> Esse tecido \u00e9 rico em col\u00e1geno e \u00e9 respons\u00e1vel por preencher a les\u00e3o. A cor vermelha mais clara pode indicar que a cicatriza\u00e7\u00e3o est\u00e1 quase no fim.<\/li>\n<\/ul>\n\n\n\n\n<h2 class=\"wp-block-heading\">Quais s\u00e3o as 4 fases da cicatriza\u00e7\u00e3o?<\/h2>\n\n\n<p><\/p>\n\n<ul class=\"wp-block-list\">\n<li>HEMOSTASIA. A hemostasia \u00e9 a primeira resposta do corpo ap\u00f3s uma les\u00e3o. &#8230;<\/li>\n<li>INFLAMA\u00c7\u00c3O. A fase inflamat\u00f3ria ocorre em at\u00e9 24 horas ap\u00f3s a les\u00e3o. &#8230;<\/li>\n<li>PROLIFERA\u00c7\u00c3O. A etapa de prolifera\u00e7\u00e3o \u00e9 marcada pela reconstru\u00e7\u00e3o ativa dos tecidos. &#8230;<\/li>\n<li>REMODELA\u00c7\u00c3O.<\/li>\n<\/ul>\n\n\n\n\n<h2 class=\"wp-block-heading\">Qual o tempo normal para uma ferida cicatrizar?<\/h2>\n\n\n<p><\/p>Se uma pessoa \u00e9 saud\u00e1vel, uma ferida aguda deve cicatrizar em at\u00e9 tr\u00eas semanas. Em tais casos, a remodela\u00e7\u00e3o normalmente ocorre ap\u00f3s a cicatriza\u00e7\u00e3o completa da ferida. No entanto, se uma ferida fica estagnada em um dos quatro est\u00e1gios de cicatriza\u00e7\u00e3o, ela pode se tornar dif\u00edcil de cicatrizar ou cr\u00f4nica.<br \/>\n\n\n\n\n<h2 class=\"wp-block-heading\">\u00c9 melhor deixar a ferida coberta ou descoberta?<\/h2>\n\n\n<p><\/p>Na verdade, a ferida precisa ficar coberta, para proteger da invas\u00e3o de bact\u00e9rias que podem levar \u00e0 infec\u00e7\u00e3o da les\u00e3o.<br \/>\n\n\n\n\n<h2 class=\"wp-block-heading\">Como saber se minha ferida est\u00e1 melhorando?<\/h2>\n\n\n<p><\/p>\u00c0 medida que a cicatriza\u00e7\u00e3o continua a acontecer, o tecido que antes era vermelho vai come\u00e7ar a ficar mais claro, chegando quase ao cor-de-rosa. Esse tecido rosado \u00e9 chamado de epitelial. Quando ele se forma, \u00e9 sinal de que o processo de cicatriza\u00e7\u00e3o est\u00e1 quase terminando.<br \/>\n\n\n\n\n<h2 class=\"wp-block-heading\">Como acelerar o processo de cicatriza\u00e7\u00e3o?<\/h2>\n\n\n<p><\/p>Uma dieta equilibrada, composta por carboidratos, prote\u00ednas, gorduras boas, vitaminas e minerais, \u00e9 fundamental para acelerar esse processo. Alimentos ricos em carboidratos como aveia, batata, mandioca e inhame oferecem energia para as c\u00e9lulas envolvidas na cicatriza\u00e7\u00e3o.<br \/>\n\n\n","protected":false},"excerpt":{"rendered":"<p>Fibrina ou esfacelo: \u00e9 uma prote\u00edna insol\u00favel formada a partir do fibrinog\u00eanio pela a\u00e7\u00e3o proteol\u00edtica da trombina durante a coagula\u00e7\u00e3o normal do sangue. Na les\u00e3o, a fibrina \u00e9 aderente aos tecidos e tem colora\u00e7\u00e3o esbranqui\u00e7ada ou amarelada, podendo ser confundida com p\u00fas (UNICAMP, 2000). O que \u00e9 esfacelo em uma ferida? Qual a diferen\u00e7a entre [&hellip;]<\/p>\n","protected":false},"author":2,"featured_media":0,"comment_status":"open","ping_status":"closed","sticky":false,"template":"","format":"standard","meta":{"footnotes":""},"categories":[1],"tags":[],"class_list":["post-22929","post","type-post","status-publish","format-standard","hentry","category-conteudo"],"_links":{"self":[{"href":"https:\/\/ammabarbacena.com.br\/perguntas-frequentes\/wp-json\/wp\/v2\/posts\/22929","targetHints":{"allow":["GET"]}}],"collection":[{"href":"https:\/\/ammabarbacena.com.br\/perguntas-frequentes\/wp-json\/wp\/v2\/posts"}],"about":[{"href":"https:\/\/ammabarbacena.com.br\/perguntas-frequentes\/wp-json\/wp\/v2\/types\/post"}],"author":[{"embeddable":true,"href":"https:\/\/ammabarbacena.com.br\/perguntas-frequentes\/wp-json\/wp\/v2\/users\/2"}],"replies":[{"embeddable":true,"href":"https:\/\/ammabarbacena.com.br\/perguntas-frequentes\/wp-json\/wp\/v2\/comments?post=22929"}],"version-history":[{"count":1,"href":"https:\/\/ammabarbacena.com.br\/perguntas-frequentes\/wp-json\/wp\/v2\/posts\/22929\/revisions"}],"predecessor-version":[{"id":22930,"href":"https:\/\/ammabarbacena.com.br\/perguntas-frequentes\/wp-json\/wp\/v2\/posts\/22929\/revisions\/22930"}],"wp:attachment":[{"href":"https:\/\/ammabarbacena.com.br\/perguntas-frequentes\/wp-json\/wp\/v2\/media?parent=22929"}],"wp:term":[{"taxonomy":"category","embeddable":true,"href":"https:\/\/ammabarbacena.com.br\/perguntas-frequentes\/wp-json\/wp\/v2\/categories?post=22929"},{"taxonomy":"post_tag","embeddable":true,"href":"https:\/\/ammabarbacena.com.br\/perguntas-frequentes\/wp-json\/wp\/v2\/tags?post=22929"}],"curies":[{"name":"wp","href":"https:\/\/api.w.org\/{rel}","templated":true}]}}