{"id":22919,"date":"2025-08-09T18:40:37","date_gmt":"2025-08-09T18:40:37","guid":{"rendered":"http:\/\/8e443727-bebf-4f96-93f8-b4be615008b6"},"modified":"2025-08-09T18:40:37","modified_gmt":"2025-08-09T18:40:37","slug":"o-que-e-eletrosfera","status":"publish","type":"post","link":"https:\/\/ammabarbacena.com.br\/perguntas-frequentes\/o-que-e-eletrosfera\/","title":{"rendered":"O que \u00e9 eletrosfera"},"content":{"rendered":"\n\n<h2 class=\"wp-block-heading\">O que e eletrosfera resposta?<\/h2>\n\nA eletrosfera \u00e9 a regi\u00e3o do \u00e1tomo em que os el\u00e9trons est\u00e3o localizados. A eletrosfera, de forma mais precisa, \u00e9 composta por orbitais at\u00f4micos, determinados pela resolu\u00e7\u00e3o da equa\u00e7\u00e3o de Schr\u00f6dinger.<br \/>\n<h3>ESTUDO DA ELETROSFERA<\/h3><iframe src=\"https:\/\/www.youtube.com\/embed\/KZxTi9vGLs8\" width=\"560\" height=\"315\" frameborder=\"0\" allowfullscreen><\/iframe>\n\n\n\n\n\n\n<h2 class=\"wp-block-heading\">O que \u00e9 eletrosfera e quem a descobriu?<\/h2>\n\n\n<p><\/p>Rutherford concluiu que haviam muitos espa\u00e7os vazios e que o centro do \u00e1tomo era muito menor considerando todo o seu di\u00e2metro. Assim, ele descobriu a eletrosfera. Ou seja, o \u00e1tomo era formado por um n\u00facleo, onde havia carga positiva concentrada, e por uma eletrosfera, onde se concentra a carga negativa.<br \/>\n\n\n\n\n<h2 class=\"wp-block-heading\">O que e a eletrosfera?<\/h2>\n\nA eletrosfera faz refer\u00eancia \u00e0 regi\u00e3o externa do n\u00facleo de um \u00e1tomo na qual se localizam os el\u00e9trons (parte do \u00e1tomo que apresenta carga negativa). Eles giram em torno do n\u00facleo, que \u00e9 composto por pr\u00f3tons (parte do \u00e1tomo que apresenta carga positiva) e n\u00eautrons.<br \/>\n\n\n\n\n<h2 class=\"wp-block-heading\">Quem definiu a eletrosfera?<\/h2>\n\n\n<p><\/p>Rutherford concluiu que haviam muitos espa\u00e7os vazios e que o centro do \u00e1tomo era muito menor considerando todo o seu di\u00e2metro. Assim, ele descobriu a eletrosfera.<br \/>\n\n\n\n\n<h2 class=\"wp-block-heading\">O que e o n\u00facleo e a eletrosfera?<\/h2>\n\n\n<p><\/p>Duas regi\u00f5es constituem o \u00e1tomo : n\u00facleo e eletrosfera. O n\u00facleo \u00e9 denso e possui massa, concentrando pr\u00f3tons e n\u00eautrons. A eletrosfera \u00e9 um amplo espa\u00e7o vazio em que habitam os el\u00e9trons. O \u00e1tomo \u00e9 formado por outras part\u00edculas subat\u00f4micas, al\u00e9m de pr\u00f3tons, el\u00e9trons e n\u00eautrons.<br \/>\n\n\n\n\n<h2 class=\"wp-block-heading\">Qual e a principal fun\u00e7\u00e3o dos el\u00e9trons na eletrosfera?<\/h2>\n\n\n<p><\/p>Os el\u00e9trons de val\u00eancia dos \u00e1tomos desempenham um papel crucial na forma\u00e7\u00e3o de liga\u00e7\u00f5es qu\u00edmicas, pois pelo fato de estarem na camada mais externa da eletrosfera, eles podem ser compartilhados entre \u00e1tomos, resultando em liga\u00e7\u00f5es covalentes, ou transferidos de um \u00e1tomo para outro, formando liga\u00e7\u00f5es i\u00f4nicas, o que d\u00e1 &#8230;<br \/>\n\n\n\n\n<h2 class=\"wp-block-heading\">Quais s\u00e3o as 7 camadas da eletrosfera?<\/h2>\n\nK,L,M,N,O,P e Q. \u00c0 medida que as camadas se afastam do n\u00facleo, aumenta a energia dos el\u00e9trons nelas localizados. As camadas da eletrosfera representam os n\u00edveis de energia da eletrosfera.<br \/>\n\n\n\n\n<h2 class=\"wp-block-heading\">Quais s\u00e3o as 7 camadas de eletrosfera?<\/h2>\n\n\n<p><\/p>K,L,M,N,O,P e Q. \u00c0 medida que as camadas se afastam do n\u00facleo, aumenta a energia dos el\u00e9trons nelas localizados. As camadas da eletrosfera representam os n\u00edveis de energia da eletrosfera.<br \/>\n\n\n\n\n<h2 class=\"wp-block-heading\">Quantos el\u00e9trons cabem na camada 7?<\/h2>\n\n\n<p><\/p><p>N\u00edvel | Camada | N\u00famero m\u00e1ximo de el\u00e9trons do \u00e1tomo<\/p><table border=\"1\"><tr><td>4<\/td><td>N<\/td><td>32<\/td><\/tr><tr><td>5<\/td><td>O<\/td><td>32<\/td><\/tr><tr><td>6<\/td><td>P<\/td><td>18<\/td><\/tr><tr><td>7<\/td><td>Q<\/td><td>8<\/td><\/tr><\/table><br \/>\n\n\n\n\n<h2 class=\"wp-block-heading\">Qual O elemento a seguir tem 7 el\u00e9trons em sua \u00faltima camada?<\/h2>\n\n\n<p><\/p>S\u00e3o eles: fl\u00faor, cloro, bromo, iodo, astato e ununs\u00e9ptio. Todos os elementos desse grupo apresentam 7 el\u00e9trons na sua \u00faltima camada de energia, terminando a sua configura\u00e7\u00e3o eletr\u00f4nica em subn\u00edvel p com 5 el\u00e9trons.<br \/>\n\n\n\n\n<h2 class=\"wp-block-heading\">Quais s\u00e3o as 7 camadas eletr\u00f4nicas de um \u00e1tomo?<\/h2>\n\n\n<p><\/p>O \u00e1tomo apresenta 7 camadas eletr\u00f4nicas: K, L, M, N, O, P e Q. A camada de val\u00eancia \u00e9 a camada ou n\u00edvel eletr\u00f4nico mais externo do \u00e1tomo. Cada camada eletr\u00f4nica apresenta um n\u00famero m\u00e1ximo de el\u00e9trons que consegue comportar.<br \/>\n\n\n\n\n<h2 class=\"wp-block-heading\">Quem fica na eletrosfera?<\/h2>\n\nOs el\u00e9trons t\u00eam carga negativa e ficam na eletrosfera.<br \/>\n\n\n\n\n<h2 class=\"wp-block-heading\">Quem est\u00e1 localizado na eletrosfera?<\/h2>\n\n\n<p><\/p>Eletrosfera, tamb\u00e9m chamada de nuvem eletr\u00f4nica, \u00e9 a regi\u00e3o externa do \u00e1tomo onde se localizam os el\u00e9trons.<br \/>\n\n\n\n\n<h2 class=\"wp-block-heading\">Qual part\u00edcula fica na eletrosfera?<\/h2>\n\n\n<p><\/p>Os el\u00e9trons s\u00e3o part\u00edculas de carga negativa que est\u00e3o localizadas na eletrosfera.<br \/>\n\n\n\n\n<h2 class=\"wp-block-heading\">O que a eletrosfera cont\u00e9m?<\/h2>\n\n\n<p><\/p>A eletrosfera \u00e9 a regi\u00e3o do \u00e1tomo que comporta os el\u00e9trons, que orbitam ao redor do n\u00facleo. Esses el\u00e9trons apresentam carga negativa, oposta aos pr\u00f3tons, de carga positiva, que est\u00e3o no n\u00facleo junto com os n\u00eautrons.<br \/>\n\n\n\n\n<h2 class=\"wp-block-heading\">Qual a principal propriedade que caracteriza um elemento qu\u00edmico?<\/h2>\n\n\n\n<h2 class=\"wp-block-heading\">Qual a principal caracter\u00edstica que caracteriza um elemento qu\u00edmico?<\/h2>\n\n\n<p><\/p>Os elementos qu\u00edmicos s\u00e3o um conjunto de \u00e1tomos com o mesmo n\u00famero at\u00f4mico, ou seja, possuem igual quantidade de pr\u00f3tons no n\u00facleo. Essa caracter\u00edstica define um elemento qu\u00edmico, o diferencia dos demais e determina suas propriedades f\u00edsico-qu\u00edmicas.<br \/>\n\n\n\n\n<h2 class=\"wp-block-heading\">Qual \u00e9 a principal propriedade que define um elemento qu\u00edmico?<\/h2>\n\n\n<p><\/p>O n\u00famero at\u00f4mico caracteriza um elemento qu\u00edmico, sendo uma propriedade importante dos \u00e1tomos, al\u00e9m de permitir a obten\u00e7\u00e3o de outras informa\u00e7\u00f5es sobre ele. Essa propriedade define a posi\u00e7\u00e3o de um elemento na Tabela Peri\u00f3dica.<br \/>\n\n\n\n\n<h2 class=\"wp-block-heading\">Qual \u00e9 a principal propriedade que caracteriza um elemento qu\u00edmico?<\/h2>\n\n\n<p><\/p>A principal propriedade que caracteriza um elemento qu\u00edmico \u00e9: b) N\u00famero de pr\u00f3tons. O n\u00famero de pr\u00f3tons (P) de um elemento tamb\u00e9m \u00e9 igual a seu n\u00famero at\u00f4mico (z).<br \/>\n\n\n\n\n<h2 class=\"wp-block-heading\">Quais s\u00e3o as propriedades de um elemento qu\u00edmico?<\/h2>\n\n\n<p><\/p>As principais propriedades peri\u00f3dicas qu\u00edmicas dos elementos s\u00e3o: raio at\u00f4mico, energia de ioniza\u00e7\u00e3o, eletronegatividade, eletropositividade e eletroafinidade.<br \/>\n\n\n\n\n<h2 class=\"wp-block-heading\">Quais s\u00e3o as principais caracter\u00edsticas da qu\u00edmica?<\/h2>\n\n\n<p><\/p>A Qu\u00edmica estuda a mat\u00e9ria e as suas transforma\u00e7\u00f5es. A Qu\u00edmica \u00e9 um ramo da ci\u00eancia e, junto da Biologia e da F\u00edsica, comp\u00f5e o grupo das Ci\u00eancias da Natureza. A Qu\u00edmica analisa a estrutura e as propriedades das diferentes subst\u00e2ncias qu\u00edmicas, a fim de explicar e prever as mudan\u00e7as observadas em uma rea\u00e7\u00e3o qu\u00edmica.<br \/>\n\n\n\n\n<h2 class=\"wp-block-heading\">Qual \u00e9 a principal propriedade que caracteriza um elemento qu\u00edmico e um is\u00f3topo, respectivamente?<\/h2>\n\n\n<p><\/p>Resposta. A op\u00e7\u00e3o b) n\u00famero de pr\u00f3tons \u00e9 a principal propriedade que caracteriza um elemento qu\u00edmico.<br \/>\n\n\n","protected":false},"excerpt":{"rendered":"<p>O que e eletrosfera resposta? A eletrosfera \u00e9 a regi\u00e3o do \u00e1tomo em que os el\u00e9trons est\u00e3o localizados. A eletrosfera, de forma mais precisa, \u00e9 composta por orbitais at\u00f4micos, determinados pela resolu\u00e7\u00e3o da equa\u00e7\u00e3o de Schr\u00f6dinger. O que \u00e9 eletrosfera e quem a descobriu? Rutherford concluiu que haviam muitos espa\u00e7os vazios e que o centro [&hellip;]<\/p>\n","protected":false},"author":2,"featured_media":0,"comment_status":"open","ping_status":"closed","sticky":false,"template":"","format":"standard","meta":{"footnotes":""},"categories":[1],"tags":[],"class_list":["post-22919","post","type-post","status-publish","format-standard","hentry","category-conteudo"],"_links":{"self":[{"href":"https:\/\/ammabarbacena.com.br\/perguntas-frequentes\/wp-json\/wp\/v2\/posts\/22919","targetHints":{"allow":["GET"]}}],"collection":[{"href":"https:\/\/ammabarbacena.com.br\/perguntas-frequentes\/wp-json\/wp\/v2\/posts"}],"about":[{"href":"https:\/\/ammabarbacena.com.br\/perguntas-frequentes\/wp-json\/wp\/v2\/types\/post"}],"author":[{"embeddable":true,"href":"https:\/\/ammabarbacena.com.br\/perguntas-frequentes\/wp-json\/wp\/v2\/users\/2"}],"replies":[{"embeddable":true,"href":"https:\/\/ammabarbacena.com.br\/perguntas-frequentes\/wp-json\/wp\/v2\/comments?post=22919"}],"version-history":[{"count":1,"href":"https:\/\/ammabarbacena.com.br\/perguntas-frequentes\/wp-json\/wp\/v2\/posts\/22919\/revisions"}],"predecessor-version":[{"id":22920,"href":"https:\/\/ammabarbacena.com.br\/perguntas-frequentes\/wp-json\/wp\/v2\/posts\/22919\/revisions\/22920"}],"wp:attachment":[{"href":"https:\/\/ammabarbacena.com.br\/perguntas-frequentes\/wp-json\/wp\/v2\/media?parent=22919"}],"wp:term":[{"taxonomy":"category","embeddable":true,"href":"https:\/\/ammabarbacena.com.br\/perguntas-frequentes\/wp-json\/wp\/v2\/categories?post=22919"},{"taxonomy":"post_tag","embeddable":true,"href":"https:\/\/ammabarbacena.com.br\/perguntas-frequentes\/wp-json\/wp\/v2\/tags?post=22919"}],"curies":[{"name":"wp","href":"https:\/\/api.w.org\/{rel}","templated":true}]}}