{"id":22917,"date":"2025-08-09T18:39:30","date_gmt":"2025-08-09T18:39:30","guid":{"rendered":"http:\/\/0a1022dc-3e89-4bcb-a7a1-c454146b7895"},"modified":"2025-08-09T18:39:30","modified_gmt":"2025-08-09T18:39:30","slug":"o-que-e-efeminado","status":"publish","type":"post","link":"https:\/\/ammabarbacena.com.br\/perguntas-frequentes\/o-que-e-efeminado\/","title":{"rendered":"O que \u00e9 efeminado"},"content":{"rendered":"\n\n<h2 class=\"wp-block-heading\">O que \u00e9 ser uma pessoa efeminado?<\/h2>\n\nEfemina\u00e7\u00e3o ou feminilidade masculina \u00e9 a personifica\u00e7\u00e3o de tra\u00e7os femininos em meninos ou homens , particularmente aqueles considerados at\u00edpicos de homens ou masculinidade .<br \/>\n\n\n\n\n<h2 class=\"wp-block-heading\">Qual \u00e9 a origem da palavra efeminado?<\/h2>\n\nEfeminado vem do latim `effeminatu-\u00b4 ; e, assim, digamos que \u00e9 um termo vern\u00e1culo. Mas afeminado \u00e9 o partic\u00edpio de afeminar, composto na l\u00edngua de a- + femin- + -ar, uma deriva\u00e7\u00e3o paralela, que tamb\u00e9m \u00e9 considerada vern\u00e1cula (Houaiss).<br \/>\n\n\n","protected":false},"excerpt":{"rendered":"<p>O que \u00e9 ser uma pessoa efeminado? Efemina\u00e7\u00e3o ou feminilidade masculina \u00e9 a personifica\u00e7\u00e3o de tra\u00e7os femininos em meninos ou homens , particularmente aqueles considerados at\u00edpicos de homens ou masculinidade . Qual \u00e9 a origem da palavra efeminado? Efeminado vem do latim `effeminatu-\u00b4 ; e, assim, digamos que \u00e9 um termo vern\u00e1culo. Mas afeminado \u00e9 [&hellip;]<\/p>\n","protected":false},"author":2,"featured_media":0,"comment_status":"open","ping_status":"closed","sticky":false,"template":"","format":"standard","meta":{"footnotes":""},"categories":[1],"tags":[],"class_list":["post-22917","post","type-post","status-publish","format-standard","hentry","category-conteudo"],"_links":{"self":[{"href":"https:\/\/ammabarbacena.com.br\/perguntas-frequentes\/wp-json\/wp\/v2\/posts\/22917","targetHints":{"allow":["GET"]}}],"collection":[{"href":"https:\/\/ammabarbacena.com.br\/perguntas-frequentes\/wp-json\/wp\/v2\/posts"}],"about":[{"href":"https:\/\/ammabarbacena.com.br\/perguntas-frequentes\/wp-json\/wp\/v2\/types\/post"}],"author":[{"embeddable":true,"href":"https:\/\/ammabarbacena.com.br\/perguntas-frequentes\/wp-json\/wp\/v2\/users\/2"}],"replies":[{"embeddable":true,"href":"https:\/\/ammabarbacena.com.br\/perguntas-frequentes\/wp-json\/wp\/v2\/comments?post=22917"}],"version-history":[{"count":1,"href":"https:\/\/ammabarbacena.com.br\/perguntas-frequentes\/wp-json\/wp\/v2\/posts\/22917\/revisions"}],"predecessor-version":[{"id":22918,"href":"https:\/\/ammabarbacena.com.br\/perguntas-frequentes\/wp-json\/wp\/v2\/posts\/22917\/revisions\/22918"}],"wp:attachment":[{"href":"https:\/\/ammabarbacena.com.br\/perguntas-frequentes\/wp-json\/wp\/v2\/media?parent=22917"}],"wp:term":[{"taxonomy":"category","embeddable":true,"href":"https:\/\/ammabarbacena.com.br\/perguntas-frequentes\/wp-json\/wp\/v2\/categories?post=22917"},{"taxonomy":"post_tag","embeddable":true,"href":"https:\/\/ammabarbacena.com.br\/perguntas-frequentes\/wp-json\/wp\/v2\/tags?post=22917"}],"curies":[{"name":"wp","href":"https:\/\/api.w.org\/{rel}","templated":true}]}}