{"id":22909,"date":"2025-08-09T18:35:06","date_gmt":"2025-08-09T18:35:06","guid":{"rendered":"http:\/\/67c432ea-e7c1-4590-bf48-2916db660fff"},"modified":"2025-08-09T18:35:06","modified_gmt":"2025-08-09T18:35:06","slug":"o-que-e-desemprego-conjuntural","status":"publish","type":"post","link":"https:\/\/ammabarbacena.com.br\/perguntas-frequentes\/o-que-e-desemprego-conjuntural\/","title":{"rendered":"O que \u00e9 desemprego conjuntural"},"content":{"rendered":"\n\n<h2 class=\"wp-block-heading\">O que \u00e9 desemprego estrutural?<\/h2>\n\n\n\n<ul class=\"wp-block-list\">\n<li>O que significa desemprego estrutural<\/li>\n<li> Ele \u00e9 involunt\u00e1rio, ou seja, n\u00e3o parte do desejo do trabalhador. Quando a m\u00e3o de obra humana \u00e9 substitu\u00edda por m\u00e1quinas, rob\u00f4s ou pelo uso de intelig\u00eancia artificial, isso tem um impacto em todo o mercado laboral e por essa raz\u00e3o \u00e9 chamado de estrutural.<\/li>\n<\/ul>\n\n\n\n\n<h2 class=\"wp-block-heading\">O que significa o desemprego estrutural?<\/h2>\n\n\n<p><\/p>O desemprego estrutural \u00e9 a perda de postos de trabalho por consequ\u00eancia da tecnologia. Ele \u00e9 involunt\u00e1rio, ou seja, n\u00e3o parte do desejo do trabalhador.<br \/>\n\n\n\n\n<h2 class=\"wp-block-heading\">Quais s\u00e3o os 3 tipos de desemprego?<\/h2>\n\n\n<p><\/p>\n\n<ul class=\"wp-block-list\">\n<li>Defini\u00e7\u00e3o de desemprego<\/li>\n<li> &#8211; PIA \u2013 popula\u00e7\u00e3o em idade ativa dividida em &#8211; Inativos (n\u00e3o est\u00e3o ocupados, nem procurando emprego) &#8211; PEA \u2013 popula\u00e7\u00e3o economicamente ativa dividida em &#8211; Ocupados (est\u00e3o trabalhando no per\u00edodo de refer\u00eancia). &#8211; Desocupados (n\u00e3o est\u00e3o ocupados e est\u00e3o procurando emprego no per\u00edodo de refer\u00eancia).<\/li>\n<\/ul>\n\n\n\n\n<h2 class=\"wp-block-heading\">Quando o emprego \u00e9 estrutural?<\/h2>\n\n\n<p><\/p>De forma simples, podemos dizer que o desemprego estrutural \u00e9 um fen\u00f4meno que ocorre quando as habilidades profissionais de um grupo de trabalhadores n\u00e3o atendem mais \u00e0s necessidades do mercado. Normalmente, isso ocorre quando tecnologias avan\u00e7adas ou novas modalidades de trabalho tomam o lugar de fun\u00e7\u00f5es tradicionais.<br \/>\n\n\n\n\n<h2 class=\"wp-block-heading\">Quando o desemprego \u00e9 conjuntural?<\/h2>\n\n\n<p><\/p>O Desemprego conjuntural, ou desemprego c\u00edclico, \u00e9 o desemprego causado por uma crise econ\u00f4mica. Essa forma de desemprego \u00e9 involunt\u00e1ria, As pessoas desejam trabalhar mas n\u00e3o encontram emprego devido ao ciclo econ\u00f4mico em fase depressiva.<br \/>\n\n\n\n\n<h2 class=\"wp-block-heading\">O que \u00e9 uma causa conjuntural?<\/h2>\n\nQuais s\u00e3o as causas do desemprego conjuntural? Basicamente, as causas do desemprego conjuntural s\u00e3o as mesmas que as causas que levam um pa\u00eds a uma crise econ\u00f4mica. Afinal, as crises econ\u00f4micas s\u00e3o condi\u00e7\u00f5es necess\u00e1rias e suficientes para justificar esse tipo de desemprego.<br \/>\n<h3>Sociologia - Aula 03 - As diferentes causas do desemprego ...<\/h3><iframe src=\"https:\/\/www.youtube.com\/embed\/ILy0h8i3CMw\" width=\"560\" height=\"315\" frameborder=\"0\" allowfullscreen><\/iframe>\n\n\n\n\n\n\n<h2 class=\"wp-block-heading\">O que \u00e9 problema conjuntural?<\/h2>\n\n\n<p><\/p>Que depende da conjuntura em que se insere.<br \/>\n\n\n\n\n<h2 class=\"wp-block-heading\">O que causa o desemprego conjuntural?<\/h2>\n\n\n<p><\/p>O Desemprego conjuntural, ou desemprego c\u00edclico, \u00e9 o desemprego causado por uma crise econ\u00f4mica. Essa forma de desemprego \u00e9 involunt\u00e1ria, As pessoas desejam trabalhar mas n\u00e3o encontram emprego devido ao ciclo econ\u00f4mico em fase depressiva.<br \/>\n\n\n\n\n<h2 class=\"wp-block-heading\">Qual a diferen\u00e7a entre conjuntural e estrutural?<\/h2>\n\n\n<p><\/p>A conjuntura est\u00e1 relacionada com os ciclos de curto prazo da economia e da pol\u00edtica, enquanto a estrutura est\u00e1 relacionada aos ciclos de longo prazo. Uma mudan\u00e7a estrutural geralmente requer v\u00e1rias mudan\u00e7as conjunturais, enquanto estas \u00faltimas podem ocorrer sobre a mesma base estrutural.<br \/>\n\n\n\n\n<h2 class=\"wp-block-heading\">O que \u00e9 aspecto conjuntural?<\/h2>\n\n\n<p><\/p>Combina\u00e7\u00e3o de fatores e circunst\u00e2ncias que, para a decis\u00e3o de um assunto importante, apresentam-se num momento e\/ou lugar determinado.<br \/>\n\n\n\n\n<h2 class=\"wp-block-heading\">Qual \u00e9 o sin\u00f4nimo de &#8220;conjuntural&#8221;?<\/h2>\n\n\n<p><\/p>1 situa\u00e7\u00e3o, circunst\u00e2ncia, conjun\u00e7\u00e3o, momento, cen\u00e1rio, quadro, estado, contexto, condi\u00e7\u00e3o, ambiente.<br \/>\n\n\n\n\n<h2 class=\"wp-block-heading\">O que \u00e9 risco conjuntural?<\/h2>\n\n\n<p><\/p>\u00c9 importante ressaltar que o risco conjuntural \u00e9 tanto maior quanto maiores s\u00e3o as possibilidades de varia\u00e7\u00e3o da conjuntura, em geral facilitadas pelas regras mal definidas ou mal aplicadas, pelos desmandos, pelos esc\u00e2ndalos, enfim, por todo um processo que passa pela credibilidade do sistema como um todo.<br \/>\n\n\n\n\n<h2 class=\"wp-block-heading\">Quais s\u00e3o os 4 tipos de desemprego?<\/h2>\n\nOs principais tipos de desemprego s\u00e3o: o sazonal, c\u00edclico, friccional e estrutural.<br \/>\n\n\n\n\n<h2 class=\"wp-block-heading\">Quais s\u00e3o 3 exemplos de desemprego conjuntural?<\/h2>\n\n\n<p><\/p>\n\n<ul class=\"wp-block-list\">\n<li>crises.<\/li>\n<li>pandemias.<\/li>\n<li>epidemias.<\/li>\n<li>desastres naturais, entre outros.<\/li>\n<\/ul>\n\n\n\n\n<h2 class=\"wp-block-heading\">Qual o tipo de desemprego mais temido?<\/h2>\n\n\n<p><\/p>Um dos mais temidos, e que tem assolado a Europa e os Estados Unidos nestas \u00faltimas crises econ\u00f4micas, ocorre quando se tem uma recess\u00e3o da economia, o que significa retra\u00e7\u00e3o na produ\u00e7\u00e3o. As empresas s\u00e3o obrigadas a dispensar seus funcion\u00e1rios para cortar despesas.<br \/>\n\n\n\n\n<h2 class=\"wp-block-heading\">O que \u00e9 desemprego informal?<\/h2>\n\n\n<p><\/p>J\u00e1 o trabalho informal \u00e9 aquele em que o trabalhador n\u00e3o tem carteira assinada e tamb\u00e9m n\u00e3o conta com os direitos trabalhistas e prerrogativas da lei.<br \/>\n\n\n\n\n<h2 class=\"wp-block-heading\">O que \u00e9 desemprego sazonal?<\/h2>\n\n\n\n<h2 class=\"wp-block-heading\">O que significa desemprego sazonal?<\/h2>\n\n\n<p><\/p>Quando ocorre o desemprego sazonal, os funcion\u00e1rios que trabalham em cargos diretamente relacionados a uma \u00e9poca espec\u00edfica do ano ou evento s\u00e3o dispensados de seus empregos e precisam encontrar novas oportunidades de emprego.<br \/>\n\n\n\n\n<h2 class=\"wp-block-heading\">O que \u00e9 um emprego sazonal?<\/h2>\n\n\n<p><\/p>Empresas que t\u00eam mais clientes principalmente em per\u00edodos espec\u00edficos contratam funcion\u00e1rios sazonais para ajudar extra durante os per\u00edodos de maior movimento. Embora o trabalho sazonal frequentemente decorra de tend\u00eancias de compras dentro de um setor, ele tamb\u00e9m pode estar dispon\u00edvel devido \u00e0s condi\u00e7\u00f5es clim\u00e1ticas.<br \/>\n\n\n\n\n<h2 class=\"wp-block-heading\">Como combater o desemprego sazonal?<\/h2>\n\n\n<p><\/p>\n\n<ul class=\"wp-block-list\">\n<li>Medidas para Reduzir o Desemprego Sazonal<\/li>\n<li> Uma delas \u00e9 a diversifica\u00e7\u00e3o da economia. Ao desenvolver setores que n\u00e3o s\u00e3o afetados por flutua\u00e7\u00f5es sazonais, \u00e9 poss\u00edvel criar mais oportunidades de emprego est\u00e1veis e reduzir a depend\u00eancia de setores sazonais. Outra medida \u00e9 o treinamento e a capacita\u00e7\u00e3o dos trabalhadores.<\/li>\n<\/ul>\n\n\n\n\n<h2 class=\"wp-block-heading\">Que exemplo de desemprego sazonal \u00e9 dado no texto?<\/h2>\n\n\n<p><\/p>\n\n<ul class=\"wp-block-list\">\n<li>Desemprego sazonal<\/li>\n<li> Um bom exemplo s\u00e3o os trabalhadores rurais da cana-de-a\u00e7\u00facar, que migram de uma regi\u00e3o (como o nordeste do Brasil) para outra (como o sudeste) durante a colheita e voltam na entressafra.<\/li>\n<\/ul>\n\n\n\n\n<h2 class=\"wp-block-heading\">O que \u00e9 um caso sazonal?<\/h2>\n\n\n<p><\/p>Sazonal \u00e9 algo que acontece em per\u00edodos espec\u00edficos. No com\u00e9rcio, a sazonalidade aproveita datas comemorativas para impulsionar determinados produtos. Mas sazonalidade pode tamb\u00e9m se referir \u00e0s flutua\u00e7\u00f5es do mercado, temporadas agr\u00edcolas ou \u00e9pocas de maior incid\u00eancia de doen\u00e7as.<br \/>\n\n\n\n\n<h2 class=\"wp-block-heading\">O que significa desemprego conjuntural?<\/h2>\n\n\n\n<h2 class=\"wp-block-heading\">O que significa o desemprego conjuntural?<\/h2>\n\n\n<p><\/p>O Desemprego conjuntural, ou desemprego c\u00edclico, \u00e9 o desemprego causado por uma crise econ\u00f4mica. Essa forma de desemprego \u00e9 involunt\u00e1ria, As pessoas desejam trabalhar mas n\u00e3o encontram emprego devido ao ciclo econ\u00f4mico em fase depressiva.<br \/>\n\n\n\n\n<h2 class=\"wp-block-heading\">O que \u00e9 desemprego conjuntural?<\/h2>\n\n\n<p><\/p>O desemprego conjuntural \u00e9 um tipo de desemprego causado por fatores externos \u00e0 vontade dos trabalhadores, como crises econ\u00f4micas e mudan\u00e7as na demanda. Ele pode ter diversos impactos na economia e na sociedade, como a redu\u00e7\u00e3o do consumo e o aumento da pobreza.<br \/>\n\n\n\n\n<h2 class=\"wp-block-heading\">Como se explica o desemprego estrutural?<\/h2>\n\n\n<p><\/p>O desemprego estrutural acontece quando mudan\u00e7as na economia tornam certas habilidades ou profiss\u00f5es menos relevantes. Diferentemente do desemprego conjuntural \u2014 que est\u00e1 ligado a crises tempor\u00e1rias \u2014, ele \u00e9 resultado de transforma\u00e7\u00f5es duradouras, como globaliza\u00e7\u00e3o, altera\u00e7\u00f5es no consumo e automa\u00e7\u00e3o.<br \/>\n\n\n\n\n<h2 class=\"wp-block-heading\">Qual a diferen\u00e7a entre conjuntura e estrutura?<\/h2>\n\nA conjuntura est\u00e1 relacionada com os ciclos de curto prazo da economia e da pol\u00edtica, enquanto a estrutura est\u00e1 relacionada aos ciclos de longo prazo. Uma mudan\u00e7a estrutural geralmente requer v\u00e1rias mudan\u00e7as conjunturais, enquanto estas \u00faltimas podem ocorrer sobre a mesma base estrutural.<br \/>\n\n\n\n\n<h2 class=\"wp-block-heading\">Qual a diferen\u00e7a entre estrutura e conjuntura?<\/h2>\n\n\n<p><\/p>Conjuntura e estrutura s\u00e3o defini\u00e7\u00f5es muito importantes para uma correta leitura do ambiente econ\u00f4mico e financeiro. Qual a diferen\u00e7a entre eles? De forma bem simples, estrutura \u00e9 aquilo que permanente, duradouro, atemporal \u2026 E conjuntura define o que \u00e9 relativamente transit\u00f3rio.<br \/>\n\n\n\n\n<h2 class=\"wp-block-heading\">Qual \u00e9 a diferen\u00e7a entre emprego estrutural e conjuntural?<\/h2>\n\n\n<p><\/p>O desemprego conjuntural costuma ser causado por alguma quest\u00e3o pontual e espec\u00edfica na economia, como uma crise que leva empresas a buscarem redu\u00e7\u00f5es de custo. J\u00e1 o desemprego estrutural est\u00e1 relacionado a situa\u00e7\u00f5es de longo prazo, como uma evolu\u00e7\u00e3o tecnol\u00f3gica ou uma mudan\u00e7a no consumo.<br \/>\n\n\n\n\n<h2 class=\"wp-block-heading\">Qual \u00e9 a diferen\u00e7a entre movimento conjuntural e estrutural?<\/h2>\n\n\n<p><\/p>Os movimentos sociais podem ser divididos em dois tipos: Conjuntural : movimento que surge devido uma demanda espec\u00edfica e tem curto prazo (por exemplo as manifesta\u00e7\u00f5es sobre o pre\u00e7o da passagem); Estrutural : movimento que quer conquistar coisas a longo prazo (por exemplo os movimentos que lutam pelo fim do racismo).<br \/>\n\n\n\n\n<h2 class=\"wp-block-heading\">Qual a diferen\u00e7a entre conjuntura e conjectura?<\/h2>\n\n\n<p><\/p>Com a s\u00edlaba \u201cje\u201d, o termo \u201cconjetura\u201d (ou conjectura ) tem o sentido de \u201csuposi\u00e7\u00e3o, hip\u00f3tese\u201d (Exemplo: O diretor-geral fez conjeturas\/ conjecturas sobre o futuro da empresa.). Com a s\u00edlaba \u201cjun\u201d, a palavra \u201c conjuntura \u201d indica \u201csitua\u00e7\u00e3o, circunst\u00e2ncia\u201d (Exemplo: A atual conjuntura econ\u00f4mica \u00e9 muito preocupante.).<br \/>\n\n\n\n\n<h2 class=\"wp-block-heading\">O que s\u00e3o fatores estruturais e conjunturais?<\/h2>\n\n\n<p><\/p>A conjuntura est\u00e1 relacionada com os ciclos de curto prazo da economia e da pol\u00edtica, enquanto a estrutura est\u00e1 relacionada aos ciclos de longo prazo. Uma mudan\u00e7a estrutural geralmente requer v\u00e1rias mudan\u00e7as conjunturais, enquanto estas \u00faltimas podem ocorrer sobre a mesma base estrutural.<br \/>\n\n\n\n\n<h2 class=\"wp-block-heading\">O que substitui conjuntura?<\/h2>\n\n\n<p><\/p>1 situa\u00e7\u00e3o, circunst\u00e2ncia, conjun\u00e7\u00e3o, momento, cen\u00e1rio, quadro, estado, contexto, condi\u00e7\u00e3o, ambiente.<br \/>\n\n\n","protected":false},"excerpt":{"rendered":"<p>O que \u00e9 desemprego estrutural? O que significa o desemprego estrutural? O desemprego estrutural \u00e9 a perda de postos de trabalho por consequ\u00eancia da tecnologia. Ele \u00e9 involunt\u00e1rio, ou seja, n\u00e3o parte do desejo do trabalhador. Quais s\u00e3o os 3 tipos de desemprego? Quando o emprego \u00e9 estrutural? De forma simples, podemos dizer que o [&hellip;]<\/p>\n","protected":false},"author":2,"featured_media":0,"comment_status":"open","ping_status":"closed","sticky":false,"template":"","format":"standard","meta":{"footnotes":""},"categories":[1],"tags":[],"class_list":["post-22909","post","type-post","status-publish","format-standard","hentry","category-conteudo"],"_links":{"self":[{"href":"https:\/\/ammabarbacena.com.br\/perguntas-frequentes\/wp-json\/wp\/v2\/posts\/22909","targetHints":{"allow":["GET"]}}],"collection":[{"href":"https:\/\/ammabarbacena.com.br\/perguntas-frequentes\/wp-json\/wp\/v2\/posts"}],"about":[{"href":"https:\/\/ammabarbacena.com.br\/perguntas-frequentes\/wp-json\/wp\/v2\/types\/post"}],"author":[{"embeddable":true,"href":"https:\/\/ammabarbacena.com.br\/perguntas-frequentes\/wp-json\/wp\/v2\/users\/2"}],"replies":[{"embeddable":true,"href":"https:\/\/ammabarbacena.com.br\/perguntas-frequentes\/wp-json\/wp\/v2\/comments?post=22909"}],"version-history":[{"count":1,"href":"https:\/\/ammabarbacena.com.br\/perguntas-frequentes\/wp-json\/wp\/v2\/posts\/22909\/revisions"}],"predecessor-version":[{"id":22910,"href":"https:\/\/ammabarbacena.com.br\/perguntas-frequentes\/wp-json\/wp\/v2\/posts\/22909\/revisions\/22910"}],"wp:attachment":[{"href":"https:\/\/ammabarbacena.com.br\/perguntas-frequentes\/wp-json\/wp\/v2\/media?parent=22909"}],"wp:term":[{"taxonomy":"category","embeddable":true,"href":"https:\/\/ammabarbacena.com.br\/perguntas-frequentes\/wp-json\/wp\/v2\/categories?post=22909"},{"taxonomy":"post_tag","embeddable":true,"href":"https:\/\/ammabarbacena.com.br\/perguntas-frequentes\/wp-json\/wp\/v2\/tags?post=22909"}],"curies":[{"name":"wp","href":"https:\/\/api.w.org\/{rel}","templated":true}]}}