{"id":22877,"date":"2025-08-09T18:12:19","date_gmt":"2025-08-09T18:12:19","guid":{"rendered":"http:\/\/ec6aff8a-8e5a-4445-bbb1-0cc263c9d79a"},"modified":"2025-08-09T18:12:19","modified_gmt":"2025-08-09T18:12:19","slug":"o-que-e-celoma","status":"publish","type":"post","link":"https:\/\/ammabarbacena.com.br\/perguntas-frequentes\/o-que-e-celoma\/","title":{"rendered":"O que \u00e9 celoma"},"content":{"rendered":"O celoma \u00e9 todo envolvido por um tecido mesod\u00e9rmico e preenchido por um l\u00edquido denominado de flu\u00eddo cel\u00f4mico. Ele surge atrav\u00e9s do desenvolvimento embrion\u00e1rio e a sua fun\u00e7\u00e3o principal \u00e9 propiciar o espa\u00e7o para armazenar as v\u00edsceras dos animais.<br \/>\n\n\n\n\n<h2 class=\"wp-block-heading\">O que \u00e9 um celoma?<\/h2>\n\n\n\n<h2 class=\"wp-block-heading\">O que \u00e9 o celoma e qual a sua fun\u00e7\u00e3o?<\/h2>\n\n\n<p><\/p>Celoma pode ser definido como uma cavidade revestida pela mesoderme. \u00c9 nessa cavidade que ser\u00e3o alojados os \u00f3rg\u00e3os internos do animal. Os animais que n\u00e3o possuem essa cavidade s\u00e3o chamados de acelomados. Um exemplo de acelomados s\u00e3o os platelmintos.<br \/>\n\n\n\n\n<h2 class=\"wp-block-heading\">O que \u00e9 um celoma verdadeiro?<\/h2>\n\n\n<p><\/p>Uma cavidade corporal cheia de fluido \u00e9 encontrada entre o ectoderme e o endoderme. Essa cavidade \u00e9 chamada de celoma, e o fluido nela \u00e9 chamado de fluido cel\u00f4mico . Portanto, o celoma pode ser definido como uma cavidade corporal cheia de fluido localizada entre a parede externa do corpo e o trato digestivo.<br \/>\n\n\n\n\n<h2 class=\"wp-block-heading\">O que \u00e9 o celoma?<\/h2>\n\n\n<p><\/p>Celoma \u00e9 uma cavidade corporal existente nos animais caracterizados como tribl\u00e1sticos, que fica localizado na parte interior da mesoderme.<br \/>\n\n\n\n\n<h2 class=\"wp-block-heading\">O que \u00e9 um celoma no corpo humano?<\/h2>\n\nOs humanos s\u00e3o celomados, ou seja, possuem um celoma verdadeiro. Durante o desenvolvimento, os humanos possuem um celoma que se segrega em v\u00e1rias cavidades desconexas do corpo. Trata-se de uma cavidade n\u00e3o encontrada no ser humano adulto, mas sim nas fases embrion\u00e1rias, que se divide em outras cavidades.<br \/>\n\n\n\n\n<h2 class=\"wp-block-heading\">Onde fica o celoma humano?<\/h2>\n\n\n<p><\/p>Uma cavidade corporal cheia de fluido \u00e9 encontrada entre o ectoderme e o endoderme. Essa cavidade \u00e9 chamada de celoma, e o fluido nela \u00e9 chamado de fluido cel\u00f4mico . Portanto, o celoma pode ser definido como uma cavidade corporal cheia de fluido localizada entre a parede externa do corpo e o trato digestivo.<br \/>\n\n\n\n\n<h2 class=\"wp-block-heading\">Como surge o celoma?<\/h2>\n\n\n<p><\/p>O celoma surge durante o desenvolvimento embrion\u00e1rio, como uma cavidade na mesoderme, por dois processos: processo esquizoc\u00e9lico e processo enteroc\u00e9lico.<br \/>\n\n\n\n\n<h2 class=\"wp-block-heading\">O que \u00e9 o celoma intraembrion\u00e1rio?<\/h2>\n\n\n<p><\/p>\n\n<ul class=\"wp-block-list\">\n<li>Celoma Intraembrion\u00e1rio<\/li>\n<li> Um celoma se refere a uma cavidade corporal. Dessa forma, o celoma intra-embrion\u00e1rio \u00e9 a cavidade corporal primitiva do embri\u00e3o. Inicialmente, ele aparece como espa\u00e7os cel\u00f4micos solit\u00e1rios nas camadas mesod\u00e9rmicas lateral e cardiog\u00eanica.<\/li>\n<\/ul>\n\n\n\n\n<h2 class=\"wp-block-heading\">O que \u00e9 cavidade celom\u00e1tica?<\/h2>\n\n\n<p><\/p>A cavidade celom\u00e1tica representa, nas aves, o t\u00f3rax e o abd\u00f4men dos mam\u00edferos dom\u00e9sticos, pois, nessa cavidade, todos os \u00f3rg\u00e3os est\u00e3o dispostos de forma uniforme. As aves n\u00e3o possuem o m\u00fasculo diafragma e nem a divis\u00e3o da cavidade tor\u00e1cica e abdominal. Nos mam\u00edferos, esse \u00f3rg\u00e3o separa o t\u00f3rax do abd\u00f4men.<br \/>\n\n\n\n\n<h2 class=\"wp-block-heading\">O que \u00e9 um celoma na embriologia?<\/h2>\n\n\n\n<h2 class=\"wp-block-heading\">O que \u00e9 celoma embrion\u00e1rio?<\/h2>\n\n\n<p><\/p>O Celoma (do latim cele, &#8220;cavidade&#8221;) \u00e9 uma cavidade embrion\u00e1ria preenchida por fluido cel\u00f4mico e revestida por mesoderme. Esta cavidade embrion\u00e1ria deve ser revestida completamente por mesoderme para ser caracterizada como celoma verdadeiro.<br \/>\n\n\n\n\n<h2 class=\"wp-block-heading\">O que d\u00e1 origem ao celoma?<\/h2>\n\n\n<p><\/p>A origem da mesoderme tamb\u00e9m foi fundamental para a forma\u00e7\u00e3o do celoma que se caracteriza no primeiro esqueleto hidrost\u00e1tico do corpo.<br \/>\n\n\n\n\n<h2 class=\"wp-block-heading\">Qual a diferen\u00e7a entre blastula e celoma?<\/h2>\n\n\n<p><\/p>Blastocele \u00e9 a cavidade da bl\u00e1stula ; Arqu\u00e9ntero \u00e9 a cavidade da g\u00e1strula quando suas membranas embrion\u00e1rias se dobram e formam um formato de x\u00edcara; E o celoma \u00e9 a cavidade que o mesoderma cria, que mais tarde funciona como o local onde os \u00f3rg\u00e3os internos ficam, exceto os tratos digestivo e respirat\u00f3rio.<br \/>\n\n\n\n\n<h2 class=\"wp-block-heading\">Qual a principal fun\u00e7\u00e3o do celoma?<\/h2>\n\nA vantagem de um celoma verdadeiro \u00e9 a capacidade da camada mesent\u00e9rica interna (principalmente tecido conjuntivo) de suspender o intestino central no meio do animal.<br \/>\n\n\n\n\n<h2 class=\"wp-block-heading\">Quais s\u00e3o as fun\u00e7\u00f5es do celoma em invertebrados?<\/h2>\n\n\n<p><\/p>O celoma substitui v\u00e1rias fun\u00e7\u00f5es e forma \u00f3rg\u00e3os que desempenham essas fun\u00e7\u00f5es. O celoma \u00e9 um espa\u00e7o interno que primariamente (1) fornece um suporte mec\u00e2nico para o tubo digestivo e outros \u00f3rg\u00e3os. Al\u00e9m disso, (2) permite o desenvolvimento de \u00f3rg\u00e3os e sistemas de \u00f3rg\u00e3os como excretor, circulat\u00f3rio, respirat\u00f3rio.<br \/>\n\n\n\n\n<h2 class=\"wp-block-heading\">Quais s\u00e3o as vantagens de um celoma?<\/h2>\n\n\n<p><\/p>A vantagem de um celoma verdadeiro \u00e9 a capacidade da camada mesent\u00e9rica interna (principalmente tecido conjuntivo) de suspender o intestino central no meio do animal.<br \/>\n\n\n\n\n<h2 class=\"wp-block-heading\">Quem s\u00e3o acelomados?<\/h2>\n\nOs animais que possuem a cavidade s\u00e3o conhecidos como celomados ou eucelomados, e aqueles que n\u00e3o possuem cavidade s\u00e3o conhecidos como acelomados.<br \/>\n\n\n\n\n<h2 class=\"wp-block-heading\">Quem s\u00e3o os acelomados?<\/h2>\n\n\n<p><\/p>Celoma pode ser definido como uma cavidade revestida pela mesoderme. \u00c9 nessa cavidade que ser\u00e3o alojados os \u00f3rg\u00e3os internos do animal. Os animais que n\u00e3o possuem essa cavidade s\u00e3o chamados de acelomados. Um exemplo de acelomados s\u00e3o os platelmintos.<br \/>\n\n\n\n\n<h2 class=\"wp-block-heading\">O que s\u00e3o vermes acelomados?<\/h2>\n\n\n<p><\/p>Os animais que n\u00e3o possuem o celoma, s\u00e3o chamados de acelomados, a exemplo dos vermes de corpo achatado, os platelmintos.<br \/>\n\n\n\n\n<h2 class=\"wp-block-heading\">Humanos s\u00e3o celomados?<\/h2>\n\n\n<p><\/p>Os humanos s\u00e3o celomados, ou seja, possuem um celoma verdadeiro. Durante o desenvolvimento, os humanos possuem um celoma que se segrega em v\u00e1rias cavidades desconexas do corpo.<br \/>\n\n\n\n\n<h2 class=\"wp-block-heading\">O que s\u00e3o tribl\u00e1sticos acelomados?<\/h2>\n\n\n<p><\/p>Animais tribl\u00e1sticos podem ser classificados em acelomados ( o mesoderma ocupa todo o espa\u00e7o interno do corpo animal ; ex.: plan\u00e1rias e t\u00eania \u2013 Platelmintos), pseudocelomados ou blastocelomados (ocorre presen\u00e7a de celoma entre o endoderma e o mesoderma; ex.: lombriga \u2013 Nematelmintos) ou celomados ou eucelomados, com &#8230;<br \/>\n\n\n\n\n<h2 class=\"wp-block-heading\">Quem tem celoma verdadeiro?<\/h2>\n\n\n<p><\/p>Animais que possuem celoma verdadeiro s\u00e3o chamados de celomados.<br \/>\n\n\n\n\n<h2 class=\"wp-block-heading\">Por que os por\u00edferos s\u00e3o chamados de acelomados?<\/h2>\n\n\n<p><\/p>\n\n<ul class=\"wp-block-list\">\n<li>Caracter\u00edsticas dos por\u00edferos<\/li>\n<li> Apesar dessas semelhan\u00e7as, os espongi\u00e1rios n\u00e3o possuem a capacidade de formar tecidos e \u00f3rg\u00e3os (devido a aus\u00eancia da l\u00e2mina basal). Por isso, n\u00e3o sendo necess\u00e1ria a forma\u00e7\u00e3o do celoma durante o desenvolvimento embrion\u00e1rio, esses indiv\u00edduos s\u00e3o chamados de acelomados.<\/li>\n<\/ul>\n\n\n\n\n<h2 class=\"wp-block-heading\">O que \u00e9 respira\u00e7\u00e3o cut\u00e2nea?<\/h2>\n\n\n\n<h2 class=\"wp-block-heading\">O que significa respira\u00e7\u00e3o cut\u00e2nea?<\/h2>\n\n\n<p><\/p>A respira\u00e7\u00e3o cut\u00e2nea, tamb\u00e9m chamada de tegumentar ou troca gasosa cut\u00e2nea, \u00e9 o processo pelo qual algumas esp\u00e9cies de animais realizam troca gasosa atrav\u00e9s da pele ou da sua superf\u00edcie corporal.<br \/>\n\n\n\n\n<h2 class=\"wp-block-heading\">Quais s\u00e3o os 4 tipos de respira\u00e7\u00e3o?<\/h2>\n\n\n<p><\/p>Taquipneia: eleva\u00e7\u00e3o da frequ\u00eancia respirat\u00f3ria normal. Bradipneia: redu\u00e7\u00e3o da frequ\u00eancia respirat\u00f3ria normal. Dispneia: desconforto respirat\u00f3rio, geralmente referido como falta de ar. Hiperpneia: respira\u00e7\u00e3o profunda.<br \/>\n\n\n\n\n<h2 class=\"wp-block-heading\">Qual \u00e9 a diferen\u00e7a entre respira\u00e7\u00e3o cut\u00e2nea e respira\u00e7\u00e3o pulmonar?<\/h2>\n\n\n<p><\/p>A respira\u00e7\u00e3o dos animais pode ser: branquial, no caso dos peixes, polvos e lulas; traqueal, no caso dos insetos; cut\u00e2nea, feita atrav\u00e9s da pele, no caso de moluscos, anf\u00edbios, anel\u00eddeos, cnid\u00e1rios, e nemat\u00f3deos; e a pulmonar, feita por alguns anf\u00edbios, mam\u00edferos, aves e r\u00e9pteis.<br \/>\n\n\n\n\n<h2 class=\"wp-block-heading\">O que \u00e9 respira\u00e7\u00e3o cut\u00e2nea direta?<\/h2>\n\n\n<p><\/p>\n\n<ul class=\"wp-block-list\">\n<li>Respira\u00e7\u00e3o cut\u00e2nea direta<\/li>\n<li> Tamb\u00e9m chamada de respira\u00e7\u00e3o cut\u00e2nea simples. \u00c9 o tipo mais primitivo de processo de trocas gasosas que ocorre por difus\u00e3o diretamente na pele do animal em dire\u00e7\u00e3o \u00e0s c\u00e9lulas. Est\u00e1 presente no filo dos Por\u00edferos, Cnid\u00e1rios, Platelmintos e Nematelmintos.<\/li>\n<\/ul>\n\n\n\n\n<h2 class=\"wp-block-heading\">Por que a respira\u00e7\u00e3o cut\u00e2nea obriga?<\/h2>\n\n\n<p><\/p>A respira\u00e7\u00e3o cut\u00e2nea \u00e9 basicamente um aux\u00edlio, pois o anf\u00edbio n\u00e3o da conta de obter todo o oxig\u00eanio com a respira\u00e7\u00e3o pulmonar, porque possui circula\u00e7\u00e3o dupla e incompleta, ou seja, o sangue que vai para seu corpo n\u00e3o est\u00e1 totalmente purificado.<br \/>\n\n\n\n\n<h2 class=\"wp-block-heading\">Quais s\u00e3o os tipos de sistema respirat\u00f3rio?<\/h2>\n\n\n<p><\/p>Podemos dividir o sistema respirat\u00f3rio em duas por\u00e7\u00f5es: a condutora e a respirat\u00f3ria. Por\u00e7\u00e3o condutora: \u00e9 formada pelas fossas nasais, nasofaringe, laringe, traqueia, br\u00f4nquios, bronqu\u00edolos e bronqu\u00edolos terminais.<br \/>\n\n\n","protected":false},"excerpt":{"rendered":"<p>O celoma \u00e9 todo envolvido por um tecido mesod\u00e9rmico e preenchido por um l\u00edquido denominado de flu\u00eddo cel\u00f4mico. Ele surge atrav\u00e9s do desenvolvimento embrion\u00e1rio e a sua fun\u00e7\u00e3o principal \u00e9 propiciar o espa\u00e7o para armazenar as v\u00edsceras dos animais. O que \u00e9 um celoma? O que \u00e9 o celoma e qual a sua fun\u00e7\u00e3o? Celoma [&hellip;]<\/p>\n","protected":false},"author":2,"featured_media":0,"comment_status":"open","ping_status":"closed","sticky":false,"template":"","format":"standard","meta":{"footnotes":""},"categories":[1],"tags":[],"class_list":["post-22877","post","type-post","status-publish","format-standard","hentry","category-conteudo"],"_links":{"self":[{"href":"https:\/\/ammabarbacena.com.br\/perguntas-frequentes\/wp-json\/wp\/v2\/posts\/22877","targetHints":{"allow":["GET"]}}],"collection":[{"href":"https:\/\/ammabarbacena.com.br\/perguntas-frequentes\/wp-json\/wp\/v2\/posts"}],"about":[{"href":"https:\/\/ammabarbacena.com.br\/perguntas-frequentes\/wp-json\/wp\/v2\/types\/post"}],"author":[{"embeddable":true,"href":"https:\/\/ammabarbacena.com.br\/perguntas-frequentes\/wp-json\/wp\/v2\/users\/2"}],"replies":[{"embeddable":true,"href":"https:\/\/ammabarbacena.com.br\/perguntas-frequentes\/wp-json\/wp\/v2\/comments?post=22877"}],"version-history":[{"count":1,"href":"https:\/\/ammabarbacena.com.br\/perguntas-frequentes\/wp-json\/wp\/v2\/posts\/22877\/revisions"}],"predecessor-version":[{"id":22878,"href":"https:\/\/ammabarbacena.com.br\/perguntas-frequentes\/wp-json\/wp\/v2\/posts\/22877\/revisions\/22878"}],"wp:attachment":[{"href":"https:\/\/ammabarbacena.com.br\/perguntas-frequentes\/wp-json\/wp\/v2\/media?parent=22877"}],"wp:term":[{"taxonomy":"category","embeddable":true,"href":"https:\/\/ammabarbacena.com.br\/perguntas-frequentes\/wp-json\/wp\/v2\/categories?post=22877"},{"taxonomy":"post_tag","embeddable":true,"href":"https:\/\/ammabarbacena.com.br\/perguntas-frequentes\/wp-json\/wp\/v2\/tags?post=22877"}],"curies":[{"name":"wp","href":"https:\/\/api.w.org\/{rel}","templated":true}]}}