{"id":22873,"date":"2025-08-09T18:09:17","date_gmt":"2025-08-09T18:09:17","guid":{"rendered":"http:\/\/e935ee86-4bc6-404a-be95-88194a2d7192"},"modified":"2025-08-09T18:09:17","modified_gmt":"2025-08-09T18:09:17","slug":"o-que-e-caracterize","status":"publish","type":"post","link":"https:\/\/ammabarbacena.com.br\/perguntas-frequentes\/o-que-e-caracterize\/","title":{"rendered":"O que \u00e9 caracterize"},"content":{"rendered":"Caracterize vem do verbo caracterizar. O mesmo que: qualifique, distinga, assinale, individualize.<br \/>\n\n\n\n\n<h2 class=\"wp-block-heading\">Qual \u00e9 o significado de caracterize?<\/h2>\n\nRealizar modifica\u00e7\u00f5es no rosto ou no corpo para corresponder \u00e0s caracter\u00edsticas ou necessidades de uma personagem ou de uma apari\u00e7\u00e3o em cinema, teatro ou televis\u00e3o; fazer a caracteriza\u00e7\u00e3o art\u00edstica ou est\u00e9tica de algu\u00e9m ou de si pr\u00f3prio (ex.: caracterizar os actores ; o palha\u00e7o caracteriza -se sozinho).<br \/>\n\n\n\n\n<h2 class=\"wp-block-heading\">O que significa caracterize?<\/h2>\n\n\n<p><\/p>\n\n<ul class=\"wp-block-list\">\n<li>Significado de Caracterize<\/li>\n<li> O mesmo que: qualifique, distinga, assinale, individualize.<\/li>\n<\/ul>\n\n\n\n\n<h2 class=\"wp-block-heading\">O que quer dizer &#8220;se caracteriza&#8221;?<\/h2>\n\n\n<p><\/p>\n\n<ul class=\"wp-block-list\">\n<li>Significado de Caracterizar<\/li>\n<li> Possuir algo como pr\u00f3prio, diferente e particular; tornar-se conhecido por : os protestos foram caracterizados como pol\u00edticos; Minas Gerais se caracteriza por sua excelente culin\u00e1ria.<\/li>\n<\/ul>\n\n\n\n\n<h2 class=\"wp-block-heading\">O que significa caracterize-os?<\/h2>\n\n\n<p><\/p>A forma caracterize-ospode ser [ primeira pessoa singular do presente do conjuntivo de caracterizar ] , [terceira pessoa singular do imperativo de caracterizar] ou [terceira pessoa singular do presente do conjuntivo de caracterizar] .<br \/>\n\n\n\n\n<h2 class=\"wp-block-heading\">O que \u00e9 caracterizar algu\u00e9m?<\/h2>\n\n\n<p><\/p>\n\n<ul class=\"wp-block-list\">\n<li>Dicion\u00e1rio Brasileiro da L\u00edngua Portuguesa<\/li>\n<li> 1 Apresentar ou determinar um conjunto de tra\u00e7os caracter\u00edsticos de (algu\u00e9m, algo ou si pr\u00f3prio); individualizar, particularizar, singularizar. 2 Descrever, notando as propriedades caracter\u00edsticas de (algu\u00e9m, algo ou si pr\u00f3prio); descrever, distinguir, salientar.<\/li>\n<\/ul>\n\n\n\n\n<h2 class=\"wp-block-heading\">O que significa &#8220;caracteriza&#8221;?<\/h2>\n\n\n\n<h2 class=\"wp-block-heading\">Qual \u00e9 o significado da palavra &#8220;caracteriza&#8221;?<\/h2>\n\n\n<p><\/p>\n\n<ul class=\"wp-block-list\">\n<li>Significado de Caracteriza<\/li>\n<li> O mesmo que: qualifica, distingue, assinala, individualiza.<\/li>\n<\/ul>\n\n\n\n\n<h2 class=\"wp-block-heading\">O que \u00e9 uma caracteriza?<\/h2>\n\n\n<p><\/p>A a\u00e7\u00e3o de caracterizar consiste em estabelecer as particularidades ou atributos de algo ou algu\u00e9m. Isto permite conseguir uma diferencia\u00e7\u00e3o entre o caracterizado e o resto.<br \/>\n\n\n\n\n<h2 class=\"wp-block-heading\">O que caracteriza algo?<\/h2>\n\n\n<p><\/p>Ter (algo) como tra\u00e7o marcante, distintivo ; ser identific\u00e1vel ou reconhec\u00edvel por (qualidade etc.)<br \/>\n\n\n\n\n<h2 class=\"wp-block-heading\">O que \u00e9 adjetivo que caracteriza?<\/h2>\n\n\n<p><\/p>Um adjetivo \u00e9 uma palavra que qualifica ou caracteriza um substantivo, atribuindo a ele uma qualidade, estado ou caracter\u00edstica. Sua fun\u00e7\u00e3o principal \u00e9 modificar o substantivo, detalhando-o e, assim, tornando a frase mais completa e expressiva.<br \/>\n\n\n\n\n<h2 class=\"wp-block-heading\">O que \u00e9 caracterizar algo?<\/h2>\n\n\n\n<ul class=\"wp-block-list\">\n<li>Dicion\u00e1rio Brasileiro da L\u00edngua Portuguesa<\/li>\n<li> 2 Descrever, notando as propriedades caracter\u00edsticas de (algu\u00e9m, algo ou si pr\u00f3prio); descrever, distinguir, salientar.<\/li>\n<\/ul>\n\n\n\n\n<h2 class=\"wp-block-heading\">O que \u00e9 a caracteriza\u00e7\u00e3o de algo?<\/h2>\n\n\n<p><\/p>\n\n<ul class=\"wp-block-list\">\n<li>Significado de Caracteriza\u00e7\u00e3o<\/li>\n<li> A\u00e7\u00e3o ou efeito de caracterizar, de destacar as caracter\u00edsticas e particularidades de algo ou de algu\u00e9m.<\/li>\n<\/ul>\n\n\n\n\n<h2 class=\"wp-block-heading\">Qual \u00e9 o significado de caracterizar?<\/h2>\n\n\n<p><\/p>1 Apresentar ou determinar um conjunto de tra\u00e7os caracter\u00edsticos de (algu\u00e9m, algo ou si pr\u00f3prio); individualizar, particularizar, singularizar. 2 Descrever, notando as propriedades caracter\u00edsticas de (algu\u00e9m, algo ou si pr\u00f3prio); descrever, distinguir, salientar.<br \/>\n\n\n\n\n<h2 class=\"wp-block-heading\">O que \u00e9 uma coisa caracterizada?<\/h2>\n\n\n<p><\/p>1. Que se caracterizou. 2. Que sofreu altera\u00e7\u00e3o no rosto e no corpo para se adequar a um papel ou a uma apari\u00e7\u00e3o em cinema, teatro e televis\u00e3o.<br \/>\n\n\n\n\n<h2 class=\"wp-block-heading\">Como \u00e9 feita a caracteriza\u00e7\u00e3o?<\/h2>\n\n\n<p><\/p>A caracteriza\u00e7\u00e3o \u00e9 a atribui\u00e7\u00e3o de tra\u00e7os f\u00edsicos, emocionais e de personalidade a um personagem fict\u00edcio em uma hist\u00f3ria. \u00c9 realizado de duas maneiras: direta e indiretamente. A caracteriza\u00e7\u00e3o direta ocorre quando o autor ou narrador descreve diretamente os tra\u00e7os de um personagem.<br \/>\n\n\n\n\n<h2 class=\"wp-block-heading\">O que s\u00e3o caracter\u00edsticas de algo?<\/h2>\n\n\n<p><\/p>Qualidade ou tra\u00e7o distintivo que define algo ou algu\u00e9m : Um aspecto que individualiza ou diferencia.<br \/>\n\n\n\n\n<h2 class=\"wp-block-heading\">O que s\u00e3o carater\u00edsticas?<\/h2>\n\n\n\n<ul class=\"wp-block-list\">\n<li>Palavras relacionadas<\/li>\n<li> Que caracteriza ou distingue. 2. Aquilo que caracteriza. 3.<\/li>\n<\/ul>\n\n\n\n\n<h2 class=\"wp-block-heading\">O que \u00e9 uma caracter\u00edstica?<\/h2>\n\n\n<p><\/p>Uma caracter\u00edstica \u00e9 uma qualidade (ou um atributo) que permite identificar algo ou algu\u00e9m, distinguindo-o dos seus semelhantes. Pode tratar-se de quest\u00f5es relacionadas com o car\u00e1cter, a personalidade ou o simb\u00f3lico, mas tamb\u00e9m o aspecto f\u00edsico (a apar\u00eancia).<br \/>\n\n\n\n\n<h2 class=\"wp-block-heading\">O que s\u00e3o as caracter\u00edsticas?<\/h2>\n\n\n<p><\/p>Caracter\u00edsticas. Caracter\u00edstica \u00e9 o elemento constitutivo, formador do conceito. Analisar um objeto, um referente, significa identificar nele suas propriedades. Num grau de abstra\u00e7\u00e3o, do referente para o conceito, dizemos que as propriedades dos referentes\/objetos correspondem \u00e0s caracter\u00edsticas do conceito.<br \/>\n\n\n\n\n<h2 class=\"wp-block-heading\">O que \u00e9 significado de caracter\u00edstica?<\/h2>\n\n\n<p><\/p>1 Qualidade que permite distinguir uma pessoa ou coisa de outras de sua esp\u00e9cie ; aquilo que caracteriza, que \u00e9 inerente \u00e0 natureza de uma pessoa ou coisa; marca, peculiaridade, tra\u00e7o.<br \/>\n\n\n\n\n<h2 class=\"wp-block-heading\">O que pode ser considerado caracter\u00edstica?<\/h2>\n\n\n<p><\/p>Caracter\u00edsticas s\u00e3o tra\u00e7os ou qualidades. Essas caracter\u00edsticas s\u00e3o organiza\u00e7\u00e3o celular , reprodu\u00e7\u00e3o , metabolismo , homeostase , hereditariedade , resposta a est\u00edmulos , crescimento e desenvolvimento e adapta\u00e7\u00e3o atrav\u00e9s da evolu\u00e7\u00e3o .<br \/>\n\n\n\n\n<h2 class=\"wp-block-heading\">O que \u00e9 uma caracterize?<\/h2>\n\nO mesmo que: qualifique, distinga, assinale, individualize.<br \/>\n\n\n\n\n<h2 class=\"wp-block-heading\">O que \u00e9 caracterizar exemplos?<\/h2>\n\n\n<p><\/p>\n\n<ul class=\"wp-block-list\">\n<li>verbo (usado com objeto)<\/li>\n<li> marcar ou distinguir como uma caracter\u00edstica ; ser uma caracter\u00edstica de. Met\u00e1foras ricas caracterizam sua poesia. para descrever o car\u00e1ter ou qualidade individual de. Ele a caracterizou em poucas palavras bem escolhidas.<\/li>\n<\/ul>\n\n\n\n\n<h2 class=\"wp-block-heading\">O que \u00e9 caracterize exemplos?<\/h2>\n\n\n<p><\/p>Destacar as caracter\u00edsticas de algo, de algu\u00e9m ou de si pr\u00f3prio; colocar em relevo : a intelig\u00eancia o caracterizava; caracterizava-se como inteligente.<br \/>\n\n\n\n\n<h2 class=\"wp-block-heading\">O que significa caracterizar uma pessoa?<\/h2>\n\nDefinir ou descrever o car\u00e1ter, as caracter\u00edsticas de (algu\u00e9m ou algo), para distingui(-lo) de outros.<br \/>\n\n\n\n\n<h2 class=\"wp-block-heading\">O que s\u00e3o caracter\u00edsticas numa pessoa?<\/h2>\n\n\n<p><\/p>As caracter\u00edsticas pessoais constituem o perfil de cada pessoa. Seu conceito \u00e9 amplo e pode envolver desde caracter\u00edsticas f\u00edsicas quanto intelectuais, morais, psicol\u00f3gicas, dependendo da fun\u00e7\u00e3o atual ou pretendida da pessoa.<br \/>\n\n\n","protected":false},"excerpt":{"rendered":"<p>Caracterize vem do verbo caracterizar. O mesmo que: qualifique, distinga, assinale, individualize. Qual \u00e9 o significado de caracterize? Realizar modifica\u00e7\u00f5es no rosto ou no corpo para corresponder \u00e0s caracter\u00edsticas ou necessidades de uma personagem ou de uma apari\u00e7\u00e3o em cinema, teatro ou televis\u00e3o; fazer a caracteriza\u00e7\u00e3o art\u00edstica ou est\u00e9tica de algu\u00e9m ou de si pr\u00f3prio [&hellip;]<\/p>\n","protected":false},"author":2,"featured_media":0,"comment_status":"open","ping_status":"closed","sticky":false,"template":"","format":"standard","meta":{"footnotes":""},"categories":[1],"tags":[],"class_list":["post-22873","post","type-post","status-publish","format-standard","hentry","category-conteudo"],"_links":{"self":[{"href":"https:\/\/ammabarbacena.com.br\/perguntas-frequentes\/wp-json\/wp\/v2\/posts\/22873","targetHints":{"allow":["GET"]}}],"collection":[{"href":"https:\/\/ammabarbacena.com.br\/perguntas-frequentes\/wp-json\/wp\/v2\/posts"}],"about":[{"href":"https:\/\/ammabarbacena.com.br\/perguntas-frequentes\/wp-json\/wp\/v2\/types\/post"}],"author":[{"embeddable":true,"href":"https:\/\/ammabarbacena.com.br\/perguntas-frequentes\/wp-json\/wp\/v2\/users\/2"}],"replies":[{"embeddable":true,"href":"https:\/\/ammabarbacena.com.br\/perguntas-frequentes\/wp-json\/wp\/v2\/comments?post=22873"}],"version-history":[{"count":1,"href":"https:\/\/ammabarbacena.com.br\/perguntas-frequentes\/wp-json\/wp\/v2\/posts\/22873\/revisions"}],"predecessor-version":[{"id":22874,"href":"https:\/\/ammabarbacena.com.br\/perguntas-frequentes\/wp-json\/wp\/v2\/posts\/22873\/revisions\/22874"}],"wp:attachment":[{"href":"https:\/\/ammabarbacena.com.br\/perguntas-frequentes\/wp-json\/wp\/v2\/media?parent=22873"}],"wp:term":[{"taxonomy":"category","embeddable":true,"href":"https:\/\/ammabarbacena.com.br\/perguntas-frequentes\/wp-json\/wp\/v2\/categories?post=22873"},{"taxonomy":"post_tag","embeddable":true,"href":"https:\/\/ammabarbacena.com.br\/perguntas-frequentes\/wp-json\/wp\/v2\/tags?post=22873"}],"curies":[{"name":"wp","href":"https:\/\/api.w.org\/{rel}","templated":true}]}}