{"id":22871,"date":"2025-08-09T18:07:54","date_gmt":"2025-08-09T18:07:54","guid":{"rendered":"http:\/\/02558460-dea1-4161-92c8-4c63e8bf146e"},"modified":"2025-08-09T18:07:54","modified_gmt":"2025-08-09T18:07:54","slug":"o-que-e-bonus-demografico","status":"publish","type":"post","link":"https:\/\/ammabarbacena.com.br\/perguntas-frequentes\/o-que-e-bonus-demografico\/","title":{"rendered":"O que \u00e9 b\u00f4nus demogr\u00e1fico"},"content":{"rendered":"\n\n<h2 class=\"wp-block-heading\">O que \u00e9 b\u00f4nus demogr\u00e1fico brainly?<\/h2>\n\nO conceito de b\u00f4nus demogr\u00e1fico refere-se a um per\u00edodo em que a estrutura et\u00e1ria de uma popula\u00e7\u00e3o \u00e9 favor\u00e1vel ao crescimento econ\u00f4mico. Ele ocorre quando a propor\u00e7\u00e3o de pessoas em idade ativa (em idade de trabalho) \u00e9 significativamente maior do que a propor\u00e7\u00e3o de pessoas dependentes (jovens e idosos).<br \/>\n\n\n\n\n<h2 class=\"wp-block-heading\">O que \u00e9 b\u00f4nus demogr\u00e1fico?<\/h2>\n\n\n<p><\/p>O b\u00f4nus demogr\u00e1fico \u00e9 um filho leg\u00edtimo da transi\u00e7\u00e3o demogr\u00e1fica, j\u00e1 que a redu\u00e7\u00e3o das taxas brutas de natalidade e mortalidade gera, deterministicamente, uma mudan\u00e7a na estrutura et\u00e1ria da popula\u00e7\u00e3o.<br \/>\n\n\n\n\n<h2 class=\"wp-block-heading\">Qual \u00e9 o b\u00f4nus demogr\u00e1fico do Brasil?<\/h2>\n\n\n<p><\/p>O fen\u00f4meno \u00e9 chamado de \u201cb\u00f4nus demogr\u00e1fico\u201d e ocorre quando h\u00e1, proporcionalmente, um maior n\u00famero de pessoas em idade ativa aptas a trabalhar. O Brasil possui 50 milh\u00f5es de jovens. O aumento da popula\u00e7\u00e3o nessa faixa et\u00e1ria come\u00e7ou no in\u00edcio da d\u00e9cada de 2010 e ter\u00e1 seu auge em 2020.<br \/>\n\n\n\n\n<h2 class=\"wp-block-heading\">O b\u00f4nus demogr\u00e1fico \u00e9 caracterizado?<\/h2>\n\n\n<p><\/p>O b\u00f4nus demogr\u00e1fico \u00e9 caracterizado pelo per\u00edodo em que, por causa da redu\u00e7\u00e3o do n\u00famero de filhos por mulher, a estrutura populacional fica favor\u00e1vel ao crescimento econ\u00f4mico.<br \/>\n\n\n\n\n<h2 class=\"wp-block-heading\">O que \u00e9 o b\u00f4nus demogr\u00e1fico do IBGE?<\/h2>\n\no que \u00e9 b\u00f4nus demogr\u00e1fico \u2013 \u00e9 o per\u00edodo em que a propor\u00e7\u00e3o da PIA (Popula\u00e7\u00e3o em Idade Ativa), de 15 a 64 anos, aumenta em rela\u00e7\u00e3o \u00e0 propor\u00e7\u00e3o de jovens de at\u00e9 14 anos e de idosos, pessoas com 65 anos ou mais, em uma sociedade.<br \/>\n\n\n\n\n<h2 class=\"wp-block-heading\">O que \u00e9 b\u00f4nus demogr\u00e1fico e quais s\u00e3o as vantagens dessa situa\u00e7\u00e3o?<\/h2>\n\n\n<p><\/p>B\u00f4nus demogr\u00e1fico \u00e9 o benef\u00edcio que um pa\u00eds obt\u00e9m quando o n\u00famero cidad\u00e3os em idade de trabalhar (entre 15 e 64 anos) \u00e9 maior que o dos que n\u00e3o trabalham. O fen\u00f4meno ocorre uma \u00fanica vez na hist\u00f3ria de cada pa\u00eds. No Brasil, come\u00e7ou por volta do ano 2000 e permanecer\u00e1 at\u00e9 2050. Estamos no auge.<br \/>\n\n\n\n\n<h2 class=\"wp-block-heading\">Como o b\u00f4nus demogr\u00e1fico \u00e9 medido?<\/h2>\n\n\n<p><\/p>O b\u00f4nus demogr\u00e1fico \u00e9 resultado da redu\u00e7\u00e3o da taxa de fecundidade (as fam\u00edlias t\u00eam menos filhos) e da diminui\u00e7\u00e3o da mortalidade em uma popula\u00e7\u00e3o \u2013 quando as pessoas passam a viver mais. Isso aumenta a propor\u00e7\u00e3o de pessoas em idade de trabalhar (entre 15 e 64 anos) em rela\u00e7\u00e3o \u00e0 popula\u00e7\u00e3o dependente, crian\u00e7as e idosos.<br \/>\n\n\n\n\n<h2 class=\"wp-block-heading\">Por que o b\u00f4nus demogr\u00e1fico \u00e9 bom?<\/h2>\n\nO b\u00f4nus demogr\u00e1fico \u00e9 o momento ideal para os pa\u00edses darem um salto, crescerem e ingressarem no rol das na\u00e7\u00f5es desenvolvidas, com melhora de renda e bem-estar da popula\u00e7\u00e3o. Pa\u00edses asi\u00e1ticos, como a Coreia do Sul, conseguiram aproveitar o b\u00f4nus e alcan\u00e7aram este n\u00edvel.<br \/>\n\n\n\n\n<h2 class=\"wp-block-heading\">Qual \u00e9 a vantagem do b\u00f4nus demogr\u00e1fico?<\/h2>\n\n\n<p><\/p>O b\u00f4nus demogr\u00e1fico \u00e9 o momento ideal para os pa\u00edses darem um salto, crescerem e ingressarem no rol das na\u00e7\u00f5es desenvolvidas, com melhora de renda e bem-estar da popula\u00e7\u00e3o. Pa\u00edses asi\u00e1ticos, como a Coreia do Sul, conseguiram aproveitar o b\u00f4nus e alcan\u00e7aram este n\u00edvel.<br \/>\n\n\n\n\n<h2 class=\"wp-block-heading\">Qual \u00e9 a import\u00e2ncia da demogr\u00e1fica?<\/h2>\n\n\n<p><\/p>A demografia possui uma import\u00e2ncia fundamental na an\u00e1lise dos padr\u00f5es populacionais de uma determinada localidade. A partir dela, \u00e9 poss\u00edvel identificar e analisar as caracter\u00edsticas da popula\u00e7\u00e3o local. Sendo assim, a demografia \u00e9 o principal mecanismo de dissemina\u00e7\u00e3o de informa\u00e7\u00f5es sobre a popula\u00e7\u00e3o.<br \/>\n\n\n\n\n<h2 class=\"wp-block-heading\">Quais s\u00e3o as desvantagens do b\u00f4nus demogr\u00e1fico?<\/h2>\n\n\n<p><\/p>O b\u00f4nus demogr\u00e1fico, em especial, impacta o mercado de trabalho na medida em que o aproveitamento do mesmo, para o crescimento econ\u00f4mico, se traduz na capacidade de absor\u00e7\u00e3o da PIA pelo mercado. Assim, o b\u00f4nus demogr\u00e1fico impactar\u00e1 a oferta de trabalho que dever\u00e1 crescer, uma vez que a PIA aumentar\u00e1.<br \/>\n\n\n\n\n<h2 class=\"wp-block-heading\">Por que o b\u00f4nus demogr\u00e1fico \u00e9 considerado positivo?<\/h2>\n\n\n<p><\/p>Sob o ponto de vista da economia, um per\u00edodo de b\u00f4nus demogr\u00e1fico significa que um pa\u00eds tem mais for\u00e7a de trabalho do que pessoas inativas. Ou seja, h\u00e1 um excedente de pessoas para produzir e pagar impostos e assim alavancar o crescimento econ\u00f4mico.<br \/>\n\n\n\n\n<h2 class=\"wp-block-heading\">Como posso aproveitar o b\u00f4nus demogr\u00e1fico?<\/h2>\n\n\n<p><\/p>A chave para aproveitar o b\u00f4nus demogr\u00e1fico \u2014 ou o impulso ao crescimento econ\u00f4mico que pode ocorrer quando os pa\u00edses t\u00eam uma grande popula\u00e7\u00e3o em idade ativa \u2014 \u00e9 permitir que os jovens exer\u00e7am seus direitos humanos e tenham a oportunidade de alcan\u00e7ar seu potencial.<br \/>\n\n\n\n\n<h2 class=\"wp-block-heading\">O que significa \u00f4nus demogr\u00e1fico?<\/h2>\n\nA transforma\u00e7\u00e3o demogr\u00e1fica do pa\u00eds, com o aumento da expectativa de vida e da parcela de idosos na popula\u00e7\u00e3o, vai duplicar os gastos p\u00fablicos na \u00e1rea social at\u00e9 o ano de 2030.<br \/>\n\n\n\n\n<h2 class=\"wp-block-heading\">O que \u00e9 \u00f4nus demogr\u00e1fico?<\/h2>\n\n\n<p><\/p>A transforma\u00e7\u00e3o demogr\u00e1fica do pa\u00eds, com o aumento da expectativa de vida e da parcela de idosos na popula\u00e7\u00e3o, vai duplicar os gastos p\u00fablicos na \u00e1rea social at\u00e9 o ano de 2030.<br \/>\n\n\n\n\n<h2 class=\"wp-block-heading\">O que significa demogr\u00e1fico?<\/h2>\n\n\n<p><\/p>Relativo a demografia ou \u00e0 estat\u00edstica da popula\u00e7\u00e3o (ex.: crescimento demogr\u00e1fico).<br \/>\n\n\n\n\n<h2 class=\"wp-block-heading\">O que \u00e9 um conceito demogr\u00e1fico?<\/h2>\n\n\n<p><\/p>Conceitos demogr\u00e1ficos s\u00e3o os referenciais utilizados no campo da demografia para o estudo e an\u00e1lise das din\u00e2micas populacionais. Eles s\u00e3o importantes porque nos auxiliam a caracterizar uma determinada popula\u00e7\u00e3o e compreender como ela evolui e a forma como esse conjunto de indiv\u00edduos se relaciona com o espa\u00e7o.<br \/>\n\n\n\n\n<h2 class=\"wp-block-heading\">O que significa dado demogr\u00e1fico?<\/h2>\n\n\n<p><\/p>Um dado demogr\u00e1fico \u00e9 algo que descreve uma popula\u00e7\u00e3o com base em uma s\u00e9rie de vari\u00e1veis-chave, tais como idade, g\u00eanero, renda, ra\u00e7a e sexo. \u00c9 uma forma de estudar um conjunto de pessoas de forma abrangente para entender os perfis diferentes e assimilar quais se destacam.<br \/>\n\n\n\n\n<h2 class=\"wp-block-heading\">Para que serve o demogr\u00e1fico?<\/h2>\n\n\n<p><\/p>Os Censos Demogr\u00e1ficos s\u00e3o a principal fonte de informa\u00e7\u00e3o sobre a situa\u00e7\u00e3o de vida da popula\u00e7\u00e3o em cada um dos munic\u00edpios e localidades do Pa\u00eds. As demais pesquisas domiciliares s\u00e3o, por exemplo, levantamentos por amostragem, que n\u00e3o s\u00e3o representativas para todos esses n\u00edveis geogr\u00e1ficos.<br \/>\n\n\n\n\n<h2 class=\"wp-block-heading\">O que \u00e9 gerar \u00f4nus?<\/h2>\n\n\n<p><\/p>O \u00f4nus \u00e9 um termo utilizado no direito para se referir a uma obriga\u00e7\u00e3o ou encargo que recai sobre uma pessoa. \u00c9 uma palavra de origem latina, derivada do termo \u201conus\u201d, que significa peso ou carga. No contexto jur\u00eddico, o \u00f4nus \u00e9 uma responsabilidade que uma das partes de um contrato ou processo deve cumprir.<br \/>\n\n\n\n\n<h2 class=\"wp-block-heading\">Que \u00e9 b\u00f4nus demogr\u00e1fico?<\/h2>\n\nO b\u00f4nus demogr\u00e1fico \u00e9 resultado da redu\u00e7\u00e3o da taxa de fecundidade (as fam\u00edlias t\u00eam menos filhos) e da diminui\u00e7\u00e3o da mortalidade em uma popula\u00e7\u00e3o \u2013 quando as pessoas passam a viver mais. Isso aumenta a propor\u00e7\u00e3o de pessoas em idade de trabalhar (entre 15 e 64 anos) em rela\u00e7\u00e3o \u00e0 popula\u00e7\u00e3o dependente, crian\u00e7as e idosos.<br \/>\n\n\n\n\n<h2 class=\"wp-block-heading\">O Brasil est\u00e1 em b\u00f4nus demogr\u00e1fico?<\/h2>\n\n\n<p><\/p>Momento hist\u00f3rico \u00e9 fundamental para ajudar no desenvolvimento, como foi o caso da Coreia do Sul. Mas educa\u00e7\u00e3o brasileira \u00e9 entrave. Os novos dados do Censo 2022 que o IBGE divulgou nesta sexta-feira indicam que o Brasil est\u00e1 perto do auge do b\u00f4nus demogr\u00e1fico.<br \/>\n\n\n\n\n<h2 class=\"wp-block-heading\">O que significa dizer que o Brasil vive uma situa\u00e7\u00e3o de b\u00f4nus demogr\u00e1fico?<\/h2>\n\nO Brasil e a Am\u00e9rica Latina passam por um per\u00edodo de B\u00f4nus Demogr\u00e1fico, ou seja, o pa\u00eds tem o maior n\u00famero de pessoas com idade economicamente ativa em compara\u00e7\u00e3o com a popula\u00e7\u00e3o inativa (idosos e crian\u00e7as).<br \/>\n\n\n\n\n<h2 class=\"wp-block-heading\">O que \u00e9 b\u00f4nus demogr\u00e1fico no Brasil?<\/h2>\n\n\n<p><\/p>Assim, o b\u00f4nus demogr\u00e1fico \u00e9 uma janela de oportunidade que ocorre quando h\u00e1 uma redu\u00e7\u00e3o da raz\u00e3o de depend\u00eancia demogr\u00e1fica, que \u00e9 o coeficiente entre o segmento et\u00e1rio da popula\u00e7\u00e3o definido como economicamente dependente (os menores de 15 anos de idade e os maiores de 65 anos) e o segmento et\u00e1rio potencialmente &#8230;<br \/>\n\n\n\n\n<h2 class=\"wp-block-heading\">Por que o Brasil n\u00e3o se beneficiou do b\u00f4nus demogr\u00e1fico?<\/h2>\n\n\n<p><\/p>Por\u00e9m essa popula\u00e7\u00e3o come\u00e7a a diminuir em compara\u00e7\u00e3o com a de pessoas mais velhas e menos produtivas como for\u00e7a de trabalho. A redu\u00e7\u00e3o dr\u00e1stica da nossa taxa de fecundidade e o aumento da idade m\u00e9dia de vida s\u00e3o os principais redutores do b\u00f4nus.<br \/>\n\n\n\n\n<h2 class=\"wp-block-heading\">Como o Brasil \u00e9 considerado na demografia?<\/h2>\n\n\n<p><\/p>O Brasil possu\u00eda 203 080 756 habitantes em 1 de agosto de 2022, segundo o censo demogr\u00e1fico do Brasil de 2022, realizado pelo Instituto Brasileiro de Geografia e Estat\u00edstica (IBGE), destacando-se naquele ano como a s\u00e9tima na\u00e7\u00e3o mais populosa do planeta.<br \/>\n\n\n\n\n<h2 class=\"wp-block-heading\">Como o b\u00f4nus demogr\u00e1fico pode chegar ao fim?<\/h2>\n\n\n<p><\/p>Para Diniz, o b\u00f4nus s\u00f3 acaba quando a popula\u00e7\u00e3o em idade ativa para de crescer em n\u00fameros absolutos, o que deve ser antecipado: \u201cO 1\u00ba b\u00f4nus demogr\u00e1fico termina quando se aprofunda o envelhecimento populacional e se reduz a popula\u00e7\u00e3o em idade ativa, al\u00e9m de a propor\u00e7\u00e3o da popula\u00e7\u00e3o ocupada diminuir\u201d.<br \/>\n\n\n\n\n<h2 class=\"wp-block-heading\">Quando o Brasil atingir\u00e1 seu pico populacional?<\/h2>\n\n\n<p><\/p>Com uma popula\u00e7\u00e3o estimada em 219 milh\u00f5es em 2025, estima-se que o Brasil atingir\u00e1 seu pico demogr\u00e1fico em 2043, com 231 milh\u00f5es de habitantes. Esse marco ter\u00e1 impactos significativos em diversas \u00e1reas, desde a economia at\u00e9 a infraestrutura do pa\u00eds.<br \/>\n\n\n","protected":false},"excerpt":{"rendered":"<p>O que \u00e9 b\u00f4nus demogr\u00e1fico brainly? O conceito de b\u00f4nus demogr\u00e1fico refere-se a um per\u00edodo em que a estrutura et\u00e1ria de uma popula\u00e7\u00e3o \u00e9 favor\u00e1vel ao crescimento econ\u00f4mico. Ele ocorre quando a propor\u00e7\u00e3o de pessoas em idade ativa (em idade de trabalho) \u00e9 significativamente maior do que a propor\u00e7\u00e3o de pessoas dependentes (jovens e idosos). [&hellip;]<\/p>\n","protected":false},"author":2,"featured_media":0,"comment_status":"open","ping_status":"closed","sticky":false,"template":"","format":"standard","meta":{"footnotes":""},"categories":[1],"tags":[],"class_list":["post-22871","post","type-post","status-publish","format-standard","hentry","category-conteudo"],"_links":{"self":[{"href":"https:\/\/ammabarbacena.com.br\/perguntas-frequentes\/wp-json\/wp\/v2\/posts\/22871","targetHints":{"allow":["GET"]}}],"collection":[{"href":"https:\/\/ammabarbacena.com.br\/perguntas-frequentes\/wp-json\/wp\/v2\/posts"}],"about":[{"href":"https:\/\/ammabarbacena.com.br\/perguntas-frequentes\/wp-json\/wp\/v2\/types\/post"}],"author":[{"embeddable":true,"href":"https:\/\/ammabarbacena.com.br\/perguntas-frequentes\/wp-json\/wp\/v2\/users\/2"}],"replies":[{"embeddable":true,"href":"https:\/\/ammabarbacena.com.br\/perguntas-frequentes\/wp-json\/wp\/v2\/comments?post=22871"}],"version-history":[{"count":1,"href":"https:\/\/ammabarbacena.com.br\/perguntas-frequentes\/wp-json\/wp\/v2\/posts\/22871\/revisions"}],"predecessor-version":[{"id":22872,"href":"https:\/\/ammabarbacena.com.br\/perguntas-frequentes\/wp-json\/wp\/v2\/posts\/22871\/revisions\/22872"}],"wp:attachment":[{"href":"https:\/\/ammabarbacena.com.br\/perguntas-frequentes\/wp-json\/wp\/v2\/media?parent=22871"}],"wp:term":[{"taxonomy":"category","embeddable":true,"href":"https:\/\/ammabarbacena.com.br\/perguntas-frequentes\/wp-json\/wp\/v2\/categories?post=22871"},{"taxonomy":"post_tag","embeddable":true,"href":"https:\/\/ammabarbacena.com.br\/perguntas-frequentes\/wp-json\/wp\/v2\/tags?post=22871"}],"curies":[{"name":"wp","href":"https:\/\/api.w.org\/{rel}","templated":true}]}}