{"id":22773,"date":"2025-08-09T17:03:07","date_gmt":"2025-08-09T17:03:07","guid":{"rendered":"http:\/\/63e48fb3-b5f7-4c20-b465-00da7288c671"},"modified":"2025-08-09T17:03:07","modified_gmt":"2025-08-09T17:03:07","slug":"o-que-e-obesidade-quais-sao-as-principais-causas-dela","status":"publish","type":"post","link":"https:\/\/ammabarbacena.com.br\/perguntas-frequentes\/o-que-e-obesidade-quais-sao-as-principais-causas-dela\/","title":{"rendered":"O que \u00e9 obesidade quais s\u00e3o as principais causas dela"},"content":{"rendered":"\n\n<h2 class=\"wp-block-heading\">O que \u00e9 obesidade e quais s\u00e3o as causas?<\/h2>\n\nA obesidade \u00e9 o ac\u00famulo de gordura no corpo causado quase sempre por um consumo de energia na alimenta\u00e7\u00e3o, superior \u00e0quela usada pelo organismo para sua manuten\u00e7\u00e3o e realiza\u00e7\u00e3o das atividades do dia-a-dia. Ou seja: a ingest\u00e3o alimentar \u00e9 maior que o gasto energ\u00e9tico correspondente.<br \/>\n\n\n\n\n<h2 class=\"wp-block-heading\">O que \u00e9 obesidade e quais as causas?<\/h2>\n\n\n<p><\/p>A obesidade \u00e9 o ac\u00famulo de gordura no corpo causado quase sempre por um consumo de energia na alimenta\u00e7\u00e3o, superior \u00e0quela usada pelo organismo para sua manuten\u00e7\u00e3o e realiza\u00e7\u00e3o das atividades do dia-a-dia. Ou seja: a ingest\u00e3o alimentar \u00e9 maior que o gasto energ\u00e9tico correspondente.<br \/>\n\n\n\n\n<h2 class=\"wp-block-heading\">Quais s\u00e3o as principais causas da obesidade?<\/h2>\n\nEmbora as causas da obesidade possam ser diversas, os maus h\u00e1bitos alimentares e o sedentarismo s\u00e3o fatores determinantes e frequentemente presentes. Disfun\u00e7\u00f5es end\u00f3crinas, como o hipotireoidismo, podem contribuir para o surgimento da doen\u00e7a.<br \/>\n\n\n\n\n<h2 class=\"wp-block-heading\">Quais s\u00e3o as causas espirituais da obesidade?<\/h2>\n\n\n<p><\/p>A obesidade \u00e9 vista como uma doen\u00e7a que \u00e9 desarm\u00f4nica. Por isso, muitas religi\u00f5es fazem a pr\u00e1tica do jejum como ato de purifica\u00e7\u00e3o. O esp\u00edrito tem como morada nosso corpo. Se algu\u00e9m nutre raiva, \u00f3dio, m\u00e1goa ou tristeza acaba desenvolvendo a depress\u00e3o.<br \/>\n\n\n\n\n<h2 class=\"wp-block-heading\">Quais s\u00e3o as principais complica\u00e7\u00f5es da obesidade?<\/h2>\n\nA obesidade \u00e9 fator de risco para outras enfermidades, como: doen\u00e7as cardiovasculares, diabetes, hipertens\u00e3o e alguns tipos de c\u00e2ncer. Isso sem falar da maneira como o problema \u00e9 visto pela sociedade, podendo levar a estere\u00f3tipos e discrimina\u00e7\u00e3o.<br \/>\n\n\n\n\n<h2 class=\"wp-block-heading\">Quais s\u00e3o as complica\u00e7\u00f5es da obesidade?<\/h2>\n\n\n<p><\/p>A obesidade \u00e9 fator de risco para outras enfermidades, como: doen\u00e7as cardiovasculares, diabetes, hipertens\u00e3o e alguns tipos de c\u00e2ncer. Isso sem falar da maneira como o problema \u00e9 visto pela sociedade, podendo levar a estere\u00f3tipos e discrimina\u00e7\u00e3o.<br \/>\n\n\n\n\n<h2 class=\"wp-block-heading\">Quais s\u00e3o as principais complica\u00e7\u00f5es associadas \u00e0 obesidade que podem ser identificadas atrav\u00e9s da semiologia nutricional?<\/h2>\n\n\n<p><\/p>\n\n<ul class=\"wp-block-list\">\n<li>S\u00edndrome metab\u00f3lica.<\/li>\n<li>Diabetes mellitus.<\/li>\n<li>Doen\u00e7as cardiovasculares.<\/li>\n<li>Tromboembolia venosa.<\/li>\n<li>Dist\u00farbios hep\u00e1ticos (doen\u00e7a hep\u00e1tica esteat\u00f3tica associada a disfun\u00e7\u00e3o metab\u00f3lica, o que pode levar a cirrose)<\/li>\n<\/ul>\n\n\n\n\n<h2 class=\"wp-block-heading\">Quais s\u00e3o os perigos do sobrepeso?<\/h2>\n\n\n<p><\/p>Ter sobrepeso ou obesidade aumenta o risco de desenvolver condi\u00e7\u00f5es que podem levar a doen\u00e7as card\u00edacas, como press\u00e3o alta, colesterol alto link ) e glicemia alta. Al\u00e9m disso, o excesso de peso tamb\u00e9m pode fazer com que o cora\u00e7\u00e3o tenha que trabalhar mais para enviar sangue a todas as c\u00e9lulas do corpo.<br \/>\n\n\n\n\n<h2 class=\"wp-block-heading\">Qual \u00e9 a defini\u00e7\u00e3o de obesidade?<\/h2>\n\n\n\n<h2 class=\"wp-block-heading\">Qual \u00e9 a defini\u00e7\u00e3o correta de obesidade?<\/h2>\n\n\n<p><\/p>Pela defini\u00e7\u00e3o da Organiza\u00e7\u00e3o Mundial da Sa\u00fade, obesidade \u00e9 o excesso de gordura corporal, em quantidade que determine preju\u00edzos \u00e0 sa\u00fade. Uma pessoa \u00e9 considerada obesa quando seu \u00cdndice de Massa Corporal (IMC) \u00e9 maior ou igual a 30 kg\/m2 e a faixa de peso normal varia entre 18,5 e 24,9 kg\/m2.<br \/>\n\n\n\n\n<h2 class=\"wp-block-heading\">Qual \u00e9 a defini\u00e7\u00e3o de obesidade pela OMS?<\/h2>\n\n\n<p><\/p>Segundo a Organiza\u00e7\u00e3o Mundial de Sa\u00fade (OMS), obesidade \u00e9 o excesso de gordura corporal que pode causar preju\u00edzos \u00e0 sa\u00fade.<br \/>\n\n\n\n\n<h2 class=\"wp-block-heading\">Como definir se a pessoa \u00e9 obesa?<\/h2>\n\n\n<p><\/p>Uma pessoa adulta \u00e9 diagnosticada com obesidade quando seu \u00cdndice de Massa Corp\u00f3rea (IMC) est\u00e1 acima de 30 Kg\/m\u00b2. Este par\u00e2metro \u00e9 usado pela Organiza\u00e7\u00e3o Mundial de Sa\u00fade (OMS) e deriva do c\u00e1lculo com base na divis\u00e3o do peso da pessoa em Kg pela sua altura em metros elevado ao quadrado.<br \/>\n\n\n\n\n<h2 class=\"wp-block-heading\">Qual a defini\u00e7\u00e3o de sobrepeso?<\/h2>\n\n\n<p><\/p>Do ponto de vista conceitual, tanto o sobrepeso quanto a obesidade se referem ao ac\u00famulo excessivo de gordura corporal, um guarda-chuva que inclui todos os outros conceitos. A obesidade \u00e9 fator de risco para outras enfermidades, como: doen\u00e7as cardiovasculares, diabetes, hipertens\u00e3o e alguns tipos de c\u00e2ncer.<br \/>\n\n\n\n\n<h2 class=\"wp-block-heading\">O que \u00e9 obesidade?<\/h2>\n\n\n<p><\/p>A obesidade \u00e9 o ac\u00famulo de gordura no corpo causado quase sempre por um consumo de energia na alimenta\u00e7\u00e3o, superior \u00e0quela usada pelo organismo para sua manuten\u00e7\u00e3o e realiza\u00e7\u00e3o das atividades do dia-a-dia. Ou seja: a ingest\u00e3o alimentar \u00e9 maior que o gasto energ\u00e9tico correspondente.<br \/>\n\n\n\n\n<h2 class=\"wp-block-heading\">O que falar sobre obesidade?<\/h2>\n\n\n\n<h2 class=\"wp-block-heading\">O que dizer sobre a obesidade?<\/h2>\n\n\n<p><\/p>A obesidade apresenta in\u00fameras complica\u00e7\u00f5es, e, de acordo com a tend\u00eancia individual, ela pode desencadear, por exemplo, artrose, diabetes mellitus tipo 2, hipertens\u00e3o arterial, refluxo gastroesof\u00e1gico, apneia do sono e alguns tipos de c\u00e2ncer. A obesidade leva as pessoas a viverem menos e com pior qualidade de vida.<br \/>\n\n\n\n\n<h2 class=\"wp-block-heading\">O que \u00e9 obesidade reda\u00e7\u00e3o?<\/h2>\n\n\n<p><\/p>A obesidade \u00e9 uma condi\u00e7\u00e3o cr\u00f4nica caracterizada pelo ac\u00famulo exagerado de tecido adiposo em um grau que prejudica a sa\u00fade das pessoas. Atualmente, a obesidade tem se mostrado um problema significativo para as sociedades contempor\u00e2neas, devido ao seu crescimento em diversas regi\u00f5es do mundo.<br \/>\n\n\n\n\n<h2 class=\"wp-block-heading\">Como descrever obesidade?<\/h2>\n\n\n<p><\/p>A obesidade \u00e9 o ac\u00famulo de gordura no corpo causado quase sempre por um consumo de energia na alimenta\u00e7\u00e3o, superior \u00e0quela usada pelo organismo para sua manuten\u00e7\u00e3o e realiza\u00e7\u00e3o das atividades do dia-a-dia.<br \/>\n\n\n\n\n<h2 class=\"wp-block-heading\">O que podemos afirmar sobre a obesidade?<\/h2>\n\n\n<p><\/p>A obesidade \u00e9 uma doen\u00e7a cr\u00f4nica, progressiva, recidivante e uma epidemia global de acordo com a Organiza\u00e7\u00e3o Mundial da Sa\u00fade (OMS). Mais de um bilh\u00e3o de adultos, em todo o mundo, est\u00e1 acima do peso \u2014 destes, 500 milh\u00f5es s\u00e3o considerados obesos.<br \/>\n\n\n\n\n<h2 class=\"wp-block-heading\">Qual o maior problema da obesidade?<\/h2>\n\n\n<p><\/p>A obesidade \u00e9 fator de risco para outras enfermidades, como: doen\u00e7as cardiovasculares, diabetes, hipertens\u00e3o e alguns tipos de c\u00e2ncer. Isso sem falar da maneira como o problema \u00e9 visto pela sociedade, podendo levar a estere\u00f3tipos e discrimina\u00e7\u00e3o.<br \/>\n\n\n\n\n<h2 class=\"wp-block-heading\">Como a sociedade v\u00ea a obesidade?<\/h2>\n\n\n<p><\/p>Entram nessa lista os custos sociais, como a diminui\u00e7\u00e3o da qualidade de vida, a perda de produtividade, a mortalidade precoce e os problemas relacionados \u00e0s intera\u00e7\u00f5es sociais.<br \/>\n\n\n\n\n<h2 class=\"wp-block-heading\">Quando \u00e9 considerado obeso?<\/h2>\n\n\n\n<h2 class=\"wp-block-heading\">Como se classifica um obeso?<\/h2>\n\n\n<p><\/p>Considera-se sobrepeso quando est\u00e1 acima de 25 Kg\/m2 e obesidade se o IMC for maior ou igual a 30 Kg\/m2. A classifica\u00e7\u00e3o da obesidade \u00e9 feita da seguinte forma: Grau I: IMC entre 30 e 34,9; Grau II: IMC entre 35 e 39,9 e Grau III: (obesidade m\u00f3rbida): IMC acima de 40.<br \/>\n\n\n","protected":false},"excerpt":{"rendered":"<p>O que \u00e9 obesidade e quais s\u00e3o as causas? A obesidade \u00e9 o ac\u00famulo de gordura no corpo causado quase sempre por um consumo de energia na alimenta\u00e7\u00e3o, superior \u00e0quela usada pelo organismo para sua manuten\u00e7\u00e3o e realiza\u00e7\u00e3o das atividades do dia-a-dia. Ou seja: a ingest\u00e3o alimentar \u00e9 maior que o gasto energ\u00e9tico correspondente. O [&hellip;]<\/p>\n","protected":false},"author":2,"featured_media":0,"comment_status":"open","ping_status":"closed","sticky":false,"template":"","format":"standard","meta":{"footnotes":""},"categories":[1],"tags":[],"class_list":["post-22773","post","type-post","status-publish","format-standard","hentry","category-conteudo"],"_links":{"self":[{"href":"https:\/\/ammabarbacena.com.br\/perguntas-frequentes\/wp-json\/wp\/v2\/posts\/22773","targetHints":{"allow":["GET"]}}],"collection":[{"href":"https:\/\/ammabarbacena.com.br\/perguntas-frequentes\/wp-json\/wp\/v2\/posts"}],"about":[{"href":"https:\/\/ammabarbacena.com.br\/perguntas-frequentes\/wp-json\/wp\/v2\/types\/post"}],"author":[{"embeddable":true,"href":"https:\/\/ammabarbacena.com.br\/perguntas-frequentes\/wp-json\/wp\/v2\/users\/2"}],"replies":[{"embeddable":true,"href":"https:\/\/ammabarbacena.com.br\/perguntas-frequentes\/wp-json\/wp\/v2\/comments?post=22773"}],"version-history":[{"count":1,"href":"https:\/\/ammabarbacena.com.br\/perguntas-frequentes\/wp-json\/wp\/v2\/posts\/22773\/revisions"}],"predecessor-version":[{"id":22774,"href":"https:\/\/ammabarbacena.com.br\/perguntas-frequentes\/wp-json\/wp\/v2\/posts\/22773\/revisions\/22774"}],"wp:attachment":[{"href":"https:\/\/ammabarbacena.com.br\/perguntas-frequentes\/wp-json\/wp\/v2\/media?parent=22773"}],"wp:term":[{"taxonomy":"category","embeddable":true,"href":"https:\/\/ammabarbacena.com.br\/perguntas-frequentes\/wp-json\/wp\/v2\/categories?post=22773"},{"taxonomy":"post_tag","embeddable":true,"href":"https:\/\/ammabarbacena.com.br\/perguntas-frequentes\/wp-json\/wp\/v2\/tags?post=22773"}],"curies":[{"name":"wp","href":"https:\/\/api.w.org\/{rel}","templated":true}]}}