{"id":2276,"date":"2025-07-17T07:27:58","date_gmt":"2025-07-17T07:27:58","guid":{"rendered":"http:\/\/8124ee82-04e9-432f-bbf3-9328f7df8c7d"},"modified":"2025-07-17T07:27:58","modified_gmt":"2025-07-17T07:27:58","slug":"o-que-e-alfenim","status":"publish","type":"post","link":"https:\/\/ammabarbacena.com.br\/perguntas-frequentes\/o-que-e-alfenim\/","title":{"rendered":"O que \u00e9 alfenim"},"content":{"rendered":"O doce \u00e9 de origem \u00e1rabe, mas foi em Agrestina, encravado no Agreste Central de Pernambuco, que o alfenim se tornou tradi\u00e7\u00e3o no Estado. A\u00e7\u00facar, \u00e1gua e algumas gotinhas de lim\u00e3o s\u00e3o os ingredientes. As t\u00e9cnicas, as habilidades manuais, o olhar, a experi\u00eancia, e principalmente, o \u201csaber o ponto\u201d, s\u00e3o o segredo.<br \/>\n\n\n\n\n<h2 class=\"wp-block-heading\">O que \u00e9 alfenim do Cear\u00e1?<\/h2>\n\nDescri\u00e7\u00e3o. O Doce Alfenim do Cear\u00e1 Tradicional \u00e9 uma iguaria t\u00edpica da culin\u00e1ria nordestina. Com textura crocante e sabor adocicado, \u00e9 um doce que remonta \u00e0s tradi\u00e7\u00f5es da cultura local e que j\u00e1 faz parte do patrim\u00f4nio gastron\u00f4mico do pa\u00eds.<br \/>\n\n\n\n\n<h2 class=\"wp-block-heading\">Qual a principal fun\u00e7\u00e3o do Cear\u00e1?<\/h2>\n\n\n<p><\/p>Na economia, destaca-se pela produ\u00e7\u00e3o de couro e de produtos derivados, mat\u00e9ria-prima essa empregada tamb\u00e9m no artesanato. Com mais de 9 milh\u00f5es de habitantes, o Cear\u00e1 \u00e9 um dos estados mais populosos do Nordeste. O estado \u00e9 atualmente o terceiro em produ\u00e7\u00e3o de energia e\u00f3lica do Brasil.<br \/>\n\n\n\n\n<h2 class=\"wp-block-heading\">Para que serve alfenim?<\/h2>\n\nAlfenim (por vezes no Brasil alfeninho) \u00e9 uma massa branca e seca de a\u00e7\u00facar utilizada na confec\u00e7\u00e3o de doces de diferentes formas, tradicionalmente predominando as formas zoom\u00f3rficas (animais dom\u00e9sticos, peixes, pombos) e antropom\u00f3rficas (figuras humanas, pe\u00e7as anat\u00f3micas, nomeadamente bra\u00e7os e pernas), mas tamb\u00e9m &#8230;<br \/>\n<h3>VOC\u00ca CONHECE O ALFENIM?<\/h3><iframe src=\"https:\/\/www.youtube.com\/embed\/gcRMwaNUQ9I\" width=\"560\" height=\"315\" frameborder=\"0\" allowfullscreen><\/iframe>\n\n\n\n\n\n\n<h2 class=\"wp-block-heading\">O que \u00e9 alfenim doce?<\/h2>\n\n\n<p><\/p>O doce \u00e9 de origem \u00e1rabe, mas foi em Agrestina, encravado no Agreste Central de Pernambuco, que o alfenim se tornou tradi\u00e7\u00e3o no Estado. A\u00e7\u00facar, \u00e1gua e algumas gotinhas de lim\u00e3o s\u00e3o os ingredientes. As t\u00e9cnicas, as habilidades manuais, o olhar, a experi\u00eancia, e principalmente, o \u201csaber o ponto\u201d, s\u00e3o o segredo.<br \/>\n\n\n\n\n<h2 class=\"wp-block-heading\">O que \u00e9 alfenim de mel?<\/h2>\n\n\n<p><\/p>Resumo: O alfenim \u00e9 um tipo de confeito; uma massa branca feita de a\u00e7\u00facar. \u00c9 um doce delicado e fino que est\u00e1 presente em diversas festas populares.<br \/>\n\n\n\n\n<h2 class=\"wp-block-heading\">O que \u00e9 alfenis?<\/h2>\n\n\n<p><\/p>Alfenim (por vezes no Brasil alfeninho) \u00e9 uma massa branca e seca de a\u00e7\u00facar utilizada na confec\u00e7\u00e3o de doces de diferentes formas, tradicionalmente predominando as formas zoom\u00f3rficas (animais dom\u00e9sticos, peixes, pombos) e antropom\u00f3rficas (figuras humanas, pe\u00e7as anat\u00f3micas, nomeadamente bra\u00e7os e pernas), mas tamb\u00e9m &#8230;<br \/>\n\n\n\n\n<h2 class=\"wp-block-heading\">O que \u00e9 alfenim de cana?<\/h2>\n\n\n\n<h2 class=\"wp-block-heading\">Como \u00e9 feito o alfenim de cana?<\/h2>\n\n\n<p><\/p>O Alfenim \u00e9 um doce feito da mistura de a\u00e7\u00facar, \u00e1gua e vinagre ou lim\u00e3o, manipulada manualmente e esculpida em formatos de animais, figuras humanas, flores, frutos e outros objetos. A\u00e7\u00facar e \u00e1gua (em algumas receitas clara de ovo) s\u00e3o levados ao fogo para derreter.<br \/>\n\n\n\n\n<h2 class=\"wp-block-heading\">Qual a origem do alfenim?<\/h2>\n\n&#8220;Alfenim tem origem na tradi\u00e7\u00e3o \u00e1rabe de manipula\u00e7\u00e3o e transforma\u00e7\u00e3o do a\u00e7\u00facar, levada at\u00e9 a Europa nos territ\u00f3rios ocupados por estes povos e trazida ao Brasil atrav\u00e9s da influ\u00eancia portuguesa.<br \/>\n\n\n\n\n<h2 class=\"wp-block-heading\">Qual a origem do alfinin?<\/h2>\n\n\n<p><\/p>&#8220;Alfenim tem origem na tradi\u00e7\u00e3o \u00e1rabe de manipula\u00e7\u00e3o e transforma\u00e7\u00e3o do a\u00e7\u00facar, levada at\u00e9 a Europa nos territ\u00f3rios ocupados por estes povos e trazida ao Brasil atrav\u00e9s da influ\u00eancia portuguesa.<br \/>\n\n\n\n\n<h2 class=\"wp-block-heading\">O que \u00e9 alfinis?<\/h2>\n\n\n<p><\/p>Resumo: O alfenim \u00e9 um tipo de confeito; uma massa branca feita de a\u00e7\u00facar. \u00c9 um doce delicado e fino que est\u00e1 presente em diversas festas populares.<br \/>\n\n\n\n\n<h2 class=\"wp-block-heading\">Qual a origem do nome Wanzeler?<\/h2>\n\n\n<p><\/p>Ant\u00f4nio Joaquim da Costa adotou o sobrenome \u201cWanzeller\u201d porque quando trabalhava de caxeiro em Pernambuco\/PE havia outro homem com nome igual ao seu (hom\u00f4nimo). Mudou para Laguna\/SC e passou a ser armador, negociante (empresa Wanzeller &amp; Pinto).<br \/>\n\n\n\n\n<h2 class=\"wp-block-heading\">Qual \u00e9 o doce t\u00edpico do Cear\u00e1?<\/h2>\n\n\n\n<h2 class=\"wp-block-heading\">Quais s\u00e3o os doces t\u00edpicos do Cear\u00e1?<\/h2>\n\n\n<p><\/p>Nenhuma visita \u00e0 regi\u00e3o estaria realmente completa sem experimentar as sobremesas t\u00edpicas do Cear\u00e1. A cocada e a tapioca Romeu e Julieta, recheada com queijo, s\u00e3o algumas das sobremesas mais populares.<br \/>\n\n\n\n\n<h2 class=\"wp-block-heading\">Quais s\u00e3o 3 pratos t\u00edpicos do Cear\u00e1?<\/h2>\n\n\n<p><\/p>\n\n<ul class=\"wp-block-list\">\n<li>1 \u2013 Bai\u00e3o de dois. Al\u00e9m de um ser um prato tradicional na cultura cearense, o bai\u00e3o de dois \u00e9 sucesso entre os turistas pelo seus ingredientes bem selecionados e tipicamente brasileiros. &#8230;<\/li>\n<li>2 \u2013 Caranguejo. &#8230;<\/li>\n<li>3 \u2013 Moqueca. &#8230;<\/li>\n<li>4 \u2013 Carne de Sol. &#8230;<\/li>\n<li>5 \u2013 Tapioca. &#8230;<\/li>\n<li>6 \u2013 Frutos-do-mar.<\/li>\n<\/ul>\n\n\n\n\n<h2 class=\"wp-block-heading\">O que \u00e9 t\u00edpico do Cear\u00e1?<\/h2>\n\n\n<p><\/p>Bai\u00e3o de dois, carne de sol com pir\u00e3o, panelada, peixada, cuscuz, vatap\u00e1, pa\u00e7oca e tapioca s\u00e3o elementos das ra\u00edzes cearences que se manifestam no paladar. Outras influ\u00eancias de sabores foram provenientes de estados vizinhos, como Bahia e Pernambuco.<br \/>\n\n\n\n\n<h2 class=\"wp-block-heading\">Qual \u00e9 o doce t\u00edpico?<\/h2>\n\n\n<p><\/p>Pa\u00e7oca, doce de ab\u00f3bora, pudim, bolo de rolo, goiabada e v\u00e1rios outros quitudes surgidos ou melhorados no Brasil.<br \/>\n\n\n\n\n<h2 class=\"wp-block-heading\">Qual \u00e9 a comida preferida do Cear\u00e1?<\/h2>\n\n\n<p><\/p>No imagin\u00e1rio popular, n\u00e3o existe a possibilidade de falar em culin\u00e1ria cearense sem lembrar da famosa carne de sol com macaxeira. Tamb\u00e9m chamada de carne de vento ou carne de sert\u00e3o, ela representa uma das iguarias mais desejadas por turistas.<br \/>\n\n\n\n\n<h2 class=\"wp-block-heading\">Qual \u00e9 a sobremesa t\u00edpica do nordeste?<\/h2>\n\n\n<p><\/p>Outra comida t\u00edpica nordestina, mais especificamente de Pernambuco, \u00e9 o bolo de rolo. Essa sobremesa \u00e9 bastante famosa na regi\u00e3o e consiste em um bolo feito com massa de ovos, manteiga, a\u00e7\u00facar e farinha de trigo e recheio de goiabada derretida.<br \/>\n\n\n","protected":false},"excerpt":{"rendered":"<p>O doce \u00e9 de origem \u00e1rabe, mas foi em Agrestina, encravado no Agreste Central de Pernambuco, que o alfenim se tornou tradi\u00e7\u00e3o no Estado. A\u00e7\u00facar, \u00e1gua e algumas gotinhas de lim\u00e3o s\u00e3o os ingredientes. As t\u00e9cnicas, as habilidades manuais, o olhar, a experi\u00eancia, e principalmente, o \u201csaber o ponto\u201d, s\u00e3o o segredo. O que \u00e9 [&hellip;]<\/p>\n","protected":false},"author":2,"featured_media":0,"comment_status":"open","ping_status":"closed","sticky":false,"template":"","format":"standard","meta":{"footnotes":""},"categories":[1],"tags":[],"class_list":["post-2276","post","type-post","status-publish","format-standard","hentry","category-conteudo"],"_links":{"self":[{"href":"https:\/\/ammabarbacena.com.br\/perguntas-frequentes\/wp-json\/wp\/v2\/posts\/2276","targetHints":{"allow":["GET"]}}],"collection":[{"href":"https:\/\/ammabarbacena.com.br\/perguntas-frequentes\/wp-json\/wp\/v2\/posts"}],"about":[{"href":"https:\/\/ammabarbacena.com.br\/perguntas-frequentes\/wp-json\/wp\/v2\/types\/post"}],"author":[{"embeddable":true,"href":"https:\/\/ammabarbacena.com.br\/perguntas-frequentes\/wp-json\/wp\/v2\/users\/2"}],"replies":[{"embeddable":true,"href":"https:\/\/ammabarbacena.com.br\/perguntas-frequentes\/wp-json\/wp\/v2\/comments?post=2276"}],"version-history":[{"count":1,"href":"https:\/\/ammabarbacena.com.br\/perguntas-frequentes\/wp-json\/wp\/v2\/posts\/2276\/revisions"}],"predecessor-version":[{"id":2277,"href":"https:\/\/ammabarbacena.com.br\/perguntas-frequentes\/wp-json\/wp\/v2\/posts\/2276\/revisions\/2277"}],"wp:attachment":[{"href":"https:\/\/ammabarbacena.com.br\/perguntas-frequentes\/wp-json\/wp\/v2\/media?parent=2276"}],"wp:term":[{"taxonomy":"category","embeddable":true,"href":"https:\/\/ammabarbacena.com.br\/perguntas-frequentes\/wp-json\/wp\/v2\/categories?post=2276"},{"taxonomy":"post_tag","embeddable":true,"href":"https:\/\/ammabarbacena.com.br\/perguntas-frequentes\/wp-json\/wp\/v2\/tags?post=2276"}],"curies":[{"name":"wp","href":"https:\/\/api.w.org\/{rel}","templated":true}]}}