{"id":22731,"date":"2025-08-09T16:32:56","date_gmt":"2025-08-09T16:32:56","guid":{"rendered":"http:\/\/bb5e35fb-7f98-42fa-b982-8e233c4932f1"},"modified":"2025-08-09T16:32:56","modified_gmt":"2025-08-09T16:32:56","slug":"o-que-e-diapedese","status":"publish","type":"post","link":"https:\/\/ammabarbacena.com.br\/perguntas-frequentes\/o-que-e-diapedese\/","title":{"rendered":"O que \u00e9 diapedese"},"content":{"rendered":"\n\n<h2 class=\"wp-block-heading\">O que \u00e9 o processo de diapedese?<\/h2>\n\nA ado\u00e7\u00e3o desse formato polarizado permite que as c\u00e9lulas migrem ou rastejem na superf\u00edcie do l\u00famen endotelial para encontrar um local pr\u00f3ximo para cruzar as c\u00e9lulas endoteliais que revestem os vasos sangu\u00edneos. Este \u00faltimo processo \u00e9 chamado de diapedese.<br \/>\n\n\n\n\n<h2 class=\"wp-block-heading\">Qual \u00e9 o processo da diapedese?<\/h2>\n\n\n<p><\/p>Diapedese \u00e9 definida como um processo r\u00e1pido no qual os leuc\u00f3citos estendem pseud\u00f3podes para se moverem atrav\u00e9s da barreira endotelial, envolvendo a desmontagem e remontagem de seu citoesqueleto, normalmente conclu\u00edda pelos neutr\u00f3filos em aproximadamente 90 segundos.<br \/>\n\n\n\n\n<h2 class=\"wp-block-heading\">Quem realiza diapedese?<\/h2>\n\n\n<p><\/p>Ou seja, a diapedese \u00e9 a sa\u00edda dos gl\u00f3bulos brancos dos vasos sangu\u00edneos. . Este processo \u00e9 poss\u00edvel gra\u00e7as \u00e0 capacidade que os leuc\u00f3citos apresentam de alterar a sua forma, deslocando-se por movimentos ameboides. O processo implica tr\u00eas fases consecutivas: margina\u00e7\u00e3o, pavimenta\u00e7\u00e3o e migra\u00e7\u00e3o.<br \/>\n\n\n\n\n<h2 class=\"wp-block-heading\">O que \u00e9 a diapedese de leuc\u00f3citos?<\/h2>\n\n\n<p><\/p>Diapedese refere-se ao processo de migra\u00e7\u00e3o de leuc\u00f3citos da circula\u00e7\u00e3o sangu\u00ednea para locais espec\u00edficos, como v\u00eanulas de alto endot\u00e9lio, em condi\u00e7\u00f5es n\u00e3o inflamat\u00f3rias.<br \/>\n\n\n\n\n<h2 class=\"wp-block-heading\">Qual a fun\u00e7\u00e3o do processo inflamat\u00f3rio?<\/h2>\n\n\n<p><\/p>Dessa forma, a inflama\u00e7\u00e3o \u00e9 um mecanismo de defesa que visa cessar a causa inicial da les\u00e3o celular e as conseq\u00fc\u00eancias de tal les\u00e3o. Logo, o processo inflamat\u00f3rio cessa quando os agentes agressores e os mediadores que foram secretados s\u00e3o destru\u00eddos. Esse processo pode ser dividido em agudo ou cr\u00f4nico.<br \/>\n\n\n\n\n<h2 class=\"wp-block-heading\">O que \u00e9 diapedese celular?<\/h2>\n\nDiapedese \u00e9 definida como um processo r\u00e1pido no qual os leuc\u00f3citos estendem pseud\u00f3podes para se moverem atrav\u00e9s da barreira endotelial, envolvendo a desmontagem e remontagem de seu citoesqueleto, normalmente conclu\u00edda pelos neutr\u00f3filos em aproximadamente 90 segundos.<br \/>\n\n\n\n\n<h2 class=\"wp-block-heading\">Como funciona o diapedese?<\/h2>\n\n\n<p><\/p>Diapedese \u00e9 definida como um processo r\u00e1pido no qual os leuc\u00f3citos estendem pseud\u00f3podes para se moverem atrav\u00e9s da barreira endotelial, envolvendo a desmontagem e remontagem de seu citoesqueleto, normalmente conclu\u00edda pelos neutr\u00f3filos em aproximadamente 90 segundos.<br \/>\n\n\n\n\n<h2 class=\"wp-block-heading\">O que \u00e9 a diapedese dos mon\u00f3citos?<\/h2>\n\n\n<p><\/p>Os mon\u00f3citos tamb\u00e9m podem modular as respostas inflamat\u00f3rias e imunes. Sob est\u00edmulos ativadores, como quimiocinas e citocinas, os mon\u00f3citos ativados podem se aderir a paredes dos vasos sangu\u00edneos e migrar para os locais de infec\u00e7\u00e3o ou inflama\u00e7\u00e3o, por meio do processo conhecido como diapedese.<br \/>\n\n\n\n\n<h2 class=\"wp-block-heading\">O que \u00e9 a diapedese?<\/h2>\n\nA diapedese \u00e9 um processo no qual determinadas c\u00e9lulas do sangue saem da corrente sangu\u00ednea e penetram em diferentes tecidos para executar uma fun\u00e7\u00e3o que garante a sobreviv\u00eancia do organismo.<br \/>\n\n\n\n\n<h2 class=\"wp-block-heading\">O que \u00e9 hemorragia por diapedese?<\/h2>\n\nPor diapedese ou di\u00e1tese hemorr\u00e1gica: sem les\u00e3o evidente nos vasos, geralmente a n\u00edvel capilar e freq\u00fcentemente do tipo petequial ou p\u00farpura. As hem\u00e1cias fluem atrav\u00e9s da parede vascular intacta. Visto comumente nas coagulopatias (di\u00e1teses hemorr\u00e1gicas) e nas congest\u00f5es prolongadas em v\u00eanulas e capilares.<br \/>\n\n\n\n\n<h2 class=\"wp-block-heading\">O que \u00e9 hemorragia por rexe?<\/h2>\n\n\n<p><\/p>Por rexe ou ruptura de vasos : mais freq\u00fcentes, geralmente de origem traum\u00e1tica. Por diabrose ou digest\u00e3o\/eros\u00e3o de vasos: por necrose (exemplo: cavernas pulmonares na tuberculose) ou digest\u00e3o enzim\u00e1tica (exemplo: \u00falceras p\u00e9pticas).<br \/>\n\n\n\n\n<h2 class=\"wp-block-heading\">O que \u00e9 hemorragia p\u00e9t\u00e9quias?<\/h2>\n\n\n<p><\/p>Pequenos vasos sangu\u00edneos, chamados capilares, conectam as menores partes das suas art\u00e9rias \u00e0s menores partes das suas veias. Pet\u00e9quias se formam quando os capilares sangram, vazando sangue para a pele. O sangramento pode ser causado por: Esfor\u00e7o prolongado.<br \/>\n\n\n\n\n<h2 class=\"wp-block-heading\">Quais s\u00e3o os 5 sinais card\u00edacos da inflama\u00e7\u00e3o?<\/h2>\n\n\n\n<h2 class=\"wp-block-heading\">Quais s\u00e3o os sinais card\u00edacos do processo inflamat\u00f3rio?<\/h2>\n\n\n<p><\/p>Os cinco sinais cardinais s\u00e3o calor, dor, vermelhid\u00e3o, incha\u00e7o e perda de fun\u00e7\u00e3o (em latim: calor, dolor, rubor, tumor e functio laesa).<br \/>\n\n\n\n\n<h2 class=\"wp-block-heading\">Quais s\u00e3o os 4 sinais de inflama\u00e7\u00e3o?<\/h2>\n\n\n<p><\/p>Vis\u00e3o geral. A inflama\u00e7\u00e3o aguda pode causar vermelhid\u00e3o na pele, dor ou sensibilidade, incha\u00e7o e calor. A inflama\u00e7\u00e3o cr\u00f4nica pode ser mais dif\u00edcil de detectar, com uma ampla gama de sinais poss\u00edveis.<br \/>\n\n\n\n\n<h2 class=\"wp-block-heading\">Quais s\u00e3o os 5 est\u00e1gios da inflama\u00e7\u00e3o?<\/h2>\n\n\n<p><\/p>Esses sinais s\u00e3o rubor, calor, dor, edema e perda de fun\u00e7\u00e3o. Obviamente, alguns podem ser notados com mais facilidade quando o tecido inflamado encontra-se na superf\u00edcie corporal. Mas voc\u00ea sabe porque cada um desses sinais se manifesta?<br \/>\n\n\n\n\n<h2 class=\"wp-block-heading\">Quais s\u00e3o os sintomas da inflama\u00e7\u00e3o no cora\u00e7\u00e3o?<\/h2>\n\n\n<p><\/p>A miocardite \u00e9 uma inflama\u00e7\u00e3o do m\u00fasculo card\u00edaco que pode ser silenciosa ou apresentar sintomas como fadiga, falta de ar, palpita\u00e7\u00f5es e dor no peito. Em casos graves, pode levar \u00e0 insufici\u00eancia card\u00edaca, arritmias perigosas ou, at\u00e9 mesmo, \u00e0 morte.<br \/>\n\n\n\n\n<h2 class=\"wp-block-heading\">Quais s\u00e3o os sinais marcantes de um processo inflamat\u00f3rio?<\/h2>\n\n\n<p><\/p>Consiste em respostas vasculares, migra\u00e7\u00e3o e ativa\u00e7\u00e3o de leuc\u00f3citos e rea\u00e7\u00f5es sist\u00eamicas, sendo as primeiras mais caracter\u00edsticas, levando ao ac\u00famulo de fluidos e leuc\u00f3citos nos tecidos extravasculares. Isso se traduz como edema,dor, vermelhid\u00e3o, calor e perda da fun\u00e7\u00e3o, sinais conhecidos como flog\u00edsticos.<br \/>\n\n\n\n\n<h2 class=\"wp-block-heading\">O que \u00e9 o sinal cardinal?<\/h2>\n\n\n<p><\/p>Cerquilha, cancela, ant\u00edfen, cardinal, ou oct\u00f3tropo (s\u00edmbolo: # ), \u00e9 um sinal de pontua\u00e7\u00e3o utilizado para indicar v\u00e1rias diferentes fun\u00e7\u00f5es.<br \/>\n\n\n\n\n<h2 class=\"wp-block-heading\">Qual a fun\u00e7\u00e3o da selectina?<\/h2>\n\nSelectinas s\u00e3o expressas na superf\u00edcie de leuc\u00f3citos, c\u00e9lulas endoteliais e plaquetas; elas auxiliam na migra\u00e7\u00e3o de linf\u00f3citos na\u00efve para \u00f3rg\u00e3os linfoides e desempenham um papel importante na inflama\u00e7\u00e3o e na migra\u00e7\u00e3o e dissemina\u00e7\u00e3o metast\u00e1tica de c\u00e9lulas tumorais.<br \/>\n\n\n\n\n<h2 class=\"wp-block-heading\">Para que serve a selectina?<\/h2>\n\n\n<p><\/p>A L- selectina \u00e9 uma mol\u00e9cula de ades\u00e3o celular que atua na migra\u00e7\u00e3o dos linf\u00f3citos aos locais de inflama\u00e7\u00e3o e os leuc\u00f3citos tem papel inicial nessa intera\u00e7\u00e3o. Estudos anteriores demonstraram um aumento da express\u00e3o da L-selectina em tumores tireoidianos, especialmente nos carcinomas foliculares.<br \/>\n\n\n\n\n<h2 class=\"wp-block-heading\">O que \u00e9 a prote\u00edna P-selectina?<\/h2>\n\n\n<p><\/p>A P-selectina \u00e9 uma prote\u00edna produzida por plaquetas ativadas e c\u00e9lulas endoteliais que funciona como uma mol\u00e9cula de ades\u00e3o celular. A P-selectina desempenha um papel essencial no recrutamento inicial de leuc\u00f3citos e no recrutamento e agrega\u00e7\u00e3o de plaquetas ao local da les\u00e3o durante a inflama\u00e7\u00e3o.<br \/>\n\n\n\n\n<h2 class=\"wp-block-heading\">Qual \u00e9 a fun\u00e7\u00e3o das integrinas?<\/h2>\n\n\n<p><\/p>As integrinas s\u00e3o conhecidas como glicoprote\u00ednas de membrana, integrantes do grupo das mol\u00e9culas de ades\u00e3o celular (CAMs), respons\u00e1veis, principalmente, pelos processos de ades\u00e3o celular, constitui\u00e7\u00e3o da matriz extracelular e integridade do citoesqueleto.<br \/>\n\n\n\n\n<h2 class=\"wp-block-heading\">S\u00e3o exemplos de receptores de ades\u00e3o celular as selectinas e integrinas?<\/h2>\n\n\n<p><\/p>Os receptores de ades\u00e3o celular para essas mol\u00e9culas s\u00e3o prote\u00ednas de superf\u00edcie celular envolvidas na liga\u00e7\u00e3o a outras c\u00e9lulas ou \u00e0 matriz extracelular. Os receptores de ades\u00e3o celular pertencem a 4 fam\u00edlias principais; a superfam\u00edlia das imunoglobulinas, caderinas, selectinas e integrinas.<br \/>\n\n\n\n\n<h2 class=\"wp-block-heading\">Para que serve a clatrina?<\/h2>\n\n\n<p><\/p>Al\u00e9m de ajudar na biog\u00eanese de ves\u00edculas, a clatrina parece estar envolvida tamb\u00e9m no processo de endere\u00e7amento destas ves\u00edculas, quando associada a prote\u00ednas de endere\u00e7amento, tais como a Rab.<br \/>\n\n\n\n\n<h2 class=\"wp-block-heading\">Quais s\u00e3o as mol\u00e9culas de ades\u00e3o em imunologia?<\/h2>\n\n\n<p><\/p>As mol\u00e9culas de ades\u00e3o celular (CAMs) s\u00e3o glicoprote\u00ednas expressas na superf\u00edcie das c\u00e9lulas que medeiam o contato e a comunica\u00e7\u00e3o c\u00e9lula a c\u00e9lula. Essas prote\u00ednas s\u00e3o receptores transmembranares compostos por tr\u00eas dom\u00ednios: intracelular, transmembrana e extracelular.<br \/>\n\n\n","protected":false},"excerpt":{"rendered":"<p>O que \u00e9 o processo de diapedese? A ado\u00e7\u00e3o desse formato polarizado permite que as c\u00e9lulas migrem ou rastejem na superf\u00edcie do l\u00famen endotelial para encontrar um local pr\u00f3ximo para cruzar as c\u00e9lulas endoteliais que revestem os vasos sangu\u00edneos. Este \u00faltimo processo \u00e9 chamado de diapedese. Qual \u00e9 o processo da diapedese? Diapedese \u00e9 definida [&hellip;]<\/p>\n","protected":false},"author":2,"featured_media":0,"comment_status":"open","ping_status":"closed","sticky":false,"template":"","format":"standard","meta":{"footnotes":""},"categories":[1],"tags":[],"class_list":["post-22731","post","type-post","status-publish","format-standard","hentry","category-conteudo"],"_links":{"self":[{"href":"https:\/\/ammabarbacena.com.br\/perguntas-frequentes\/wp-json\/wp\/v2\/posts\/22731","targetHints":{"allow":["GET"]}}],"collection":[{"href":"https:\/\/ammabarbacena.com.br\/perguntas-frequentes\/wp-json\/wp\/v2\/posts"}],"about":[{"href":"https:\/\/ammabarbacena.com.br\/perguntas-frequentes\/wp-json\/wp\/v2\/types\/post"}],"author":[{"embeddable":true,"href":"https:\/\/ammabarbacena.com.br\/perguntas-frequentes\/wp-json\/wp\/v2\/users\/2"}],"replies":[{"embeddable":true,"href":"https:\/\/ammabarbacena.com.br\/perguntas-frequentes\/wp-json\/wp\/v2\/comments?post=22731"}],"version-history":[{"count":1,"href":"https:\/\/ammabarbacena.com.br\/perguntas-frequentes\/wp-json\/wp\/v2\/posts\/22731\/revisions"}],"predecessor-version":[{"id":22732,"href":"https:\/\/ammabarbacena.com.br\/perguntas-frequentes\/wp-json\/wp\/v2\/posts\/22731\/revisions\/22732"}],"wp:attachment":[{"href":"https:\/\/ammabarbacena.com.br\/perguntas-frequentes\/wp-json\/wp\/v2\/media?parent=22731"}],"wp:term":[{"taxonomy":"category","embeddable":true,"href":"https:\/\/ammabarbacena.com.br\/perguntas-frequentes\/wp-json\/wp\/v2\/categories?post=22731"},{"taxonomy":"post_tag","embeddable":true,"href":"https:\/\/ammabarbacena.com.br\/perguntas-frequentes\/wp-json\/wp\/v2\/tags?post=22731"}],"curies":[{"name":"wp","href":"https:\/\/api.w.org\/{rel}","templated":true}]}}