{"id":2270,"date":"2025-07-17T07:25:20","date_gmt":"2025-07-17T07:25:20","guid":{"rendered":"http:\/\/3a1e571e-3931-4bd4-9b1a-f2af30dd85f1"},"modified":"2025-07-17T07:25:20","modified_gmt":"2025-07-17T07:25:20","slug":"o-que-e-uma-corca-na-biblia","status":"publish","type":"post","link":"https:\/\/ammabarbacena.com.br\/perguntas-frequentes\/o-que-e-uma-corca-na-biblia\/","title":{"rendered":"O que \u00e9 uma cor\u00e7a na b\u00edblia"},"content":{"rendered":"\n\n<h2 class=\"wp-block-heading\">Quais s\u00e3o as caracter\u00edsticas de uma cor\u00e7a?<\/h2>\n\nO macho da esp\u00e9cie \u00e9 \u00e0s vezes chamado de cor\u00e7o . A cor\u00e7a \u00e9 um veado pequeno, avermelhado e marrom-acinzentado, e bem adaptado a ambientes frios. A esp\u00e9cie \u00e9 amplamente distribu\u00edda na Europa, do Mediterr\u00e2neo \u00e0 Escandin\u00e1via, da Esc\u00f3cia ao C\u00e1ucaso , e a leste at\u00e9 o norte do Ir\u00e3.<br \/>\n\n\n\n\n<h2 class=\"wp-block-heading\">Quais s\u00e3o as caracter\u00edsticas da cor\u00e7a?<\/h2>\n\n\n<p><\/p>O macho da esp\u00e9cie \u00e9 \u00e0s vezes chamado de cor\u00e7o . A cor\u00e7a \u00e9 um veado pequeno, avermelhado e marrom-acinzentado, e bem adaptado a ambientes frios. A esp\u00e9cie \u00e9 amplamente distribu\u00edda na Europa, do Mediterr\u00e2neo \u00e0 Escandin\u00e1via, da Esc\u00f3cia ao C\u00e1ucaso , e a leste at\u00e9 o norte do Ir\u00e3.<br \/>\n\n\n\n\n<h2 class=\"wp-block-heading\">Como \u00e9 o comportamento da cor\u00e7a?<\/h2>\n\n\n<p><\/p>O cor\u00e7o \u00e9 um animal crepuscular, sendo mais facilmente avistado durante as primeiras horas do dia e ao anoitecer. \u00c9 t\u00edmido e esquivo, aparecendo e desaparecendo rapidamente entre a vegeta\u00e7\u00e3o, motivo pelo qual tem sido apelidado de \u201co duende da floresta\u201d.<br \/>\n\n\n\n\n<h2 class=\"wp-block-heading\">Como as cor\u00e7as andam?<\/h2>\n\n\n<p><\/p>Elas s\u00e3o, de todos os animais da montanha, as que t\u00eam as patas mais firmes. As patas traseiras das cor\u00e7as pisam precisamente no mesmo lugar que as patas dianteiras. Elas movem-se com precis\u00e3o at\u00e9 ao topo da montanha; muito acima do alcance dos seus inimigos.<br \/>\n\n\n\n\n<h2 class=\"wp-block-heading\">Porque a cor\u00e7a anseia pelas correntes das \u00e1guas?<\/h2>\n\n\n<h3>DESCUBRA! Porque as cor\u00e7as anseiam pelas as \u00e1guas?<\/h3><iframe src=\"https:\/\/www.youtube.com\/embed\/DSGVeiwmhxA\" width=\"560\" height=\"315\" frameborder=\"0\" allowfullscreen><\/iframe>\n\n\n\n<h2 class=\"wp-block-heading\">O que simboliza a cor\u00e7a?<\/h2>\n\n\n<p><\/p>A cor\u00e7a \u00e9 um animal s\u00edmbolo da deusa da ca\u00e7a \u00c1rtemis (ou Diana, na cultura romana). E foi exatamente capturar a cor\u00e7a de estima\u00e7\u00e3o da deusa grega acima referida, um dos doze trabalhos do famoso her\u00f3i H\u00e9rcules.<br \/>\n\n\n\n\n<h2 class=\"wp-block-heading\">Porque a cor\u00e7a anseia tanto por \u00e1gua?<\/h2>\n\n\n<p><\/p>Ela come\u00e7a a exalar um odor que chama a aten\u00e7\u00e3o dos predadores que est\u00e3o por perto. Para melhorar isso, com o seu olfato apurado, logo, elas acham as \u00e1guas puras e se banham e bebem ansiosamente para se livrarem das dores e tamb\u00e9m do risco de serem comidas por outros animais.<br \/>\n\n\n\n\n<h2 class=\"wp-block-heading\">O que significa a cor\u00e7a suspira pelas \u00e1guas?<\/h2>\n\n\n<p><\/p>O anseio por \u00e1guas correntes, no caso, tem a ver com a forma como a cor\u00e7a se esconde em situa\u00e7\u00f5es de perigo, para fugir do seu predador. Al\u00e9m disso, conforme os bi\u00f3logos, a cor\u00e7a tem necessidade de \u00e1gua pura. A rela\u00e7\u00e3o entre a cor\u00e7a e as \u00e1guas \u00e9 mais profunda do que imaginamos.<br \/>\n\n\n\n\n<h2 class=\"wp-block-heading\">O que significa uma cor\u00e7a?<\/h2>\n\nA forma cor\u00e7apode ser [feminino singular de cor\u00e7o] ou [nome feminino] . 2. [Portugal: Tr\u00e1s-os-Montes] Zorra grosseira, rudimentar, para transporte de cantaria.<br \/>\n\n\n\n\n<h2 class=\"wp-block-heading\">O que a cor\u00e7a simboliza?<\/h2>\n\n\n<p><\/p>A cor\u00e7a \u00e9 um animal s\u00edmbolo da deusa da ca\u00e7a \u00c1rtemis (ou Diana, na cultura romana). E foi exatamente capturar a cor\u00e7a de estima\u00e7\u00e3o da deusa grega acima referida, um dos doze trabalhos do famoso her\u00f3i H\u00e9rcules.<br \/>\n\n\n\n\n<h2 class=\"wp-block-heading\">Como \u00e9 a vida de uma cor\u00e7a?<\/h2>\n\n\n<p><\/p>O cor\u00e7o \u00e9 um animal crepuscular, sendo mais facilmente avistado durante as primeiras horas do dia e ao anoitecer. \u00c9 t\u00edmido e esquivo, aparecendo e desaparecendo rapidamente entre a vegeta\u00e7\u00e3o, motivo pelo qual tem sido apelidado de \u201co duende da floresta\u201d.<br \/>\n\n\n\n\n<h2 class=\"wp-block-heading\">A cor\u00e7a bebe muita \u00e1gua?<\/h2>\n\n\n<p><\/p>N\u00e3o, a cor\u00e7a n\u00e3o bebe apenas \u00e1gua de nascente. Embora a imagem da cor\u00e7a associada \u00e0 \u00e1gua de nascente seja comum, especialmente em contextos religiosos e liter\u00e1rios, na realidade, as cor\u00e7as podem beber de v\u00e1rias fontes de \u00e1gua, incluindo rios e lagos, desde que a \u00e1gua seja limpa.<br \/>\n\n\n\n\n<h2 class=\"wp-block-heading\">O que significam os p\u00e9s da cor\u00e7a?<\/h2>\n\n\n<p><\/p>P\u00e9s como os da cor\u00e7a nos lugares altos \u00e9 uma bela alegoria da constante jornada dos filhos de Deus em busca dos Lugares Altos do amor , da alegria e da vit\u00f3ria.<br \/>\n\n\n\n\n<h2 class=\"wp-block-heading\">O que significa ver uma cor\u00e7a?<\/h2>\n\nA Cor\u00e7a personifica a poderosa vibra\u00e7\u00e3o do amor, a energia com maior poder de cura de que h\u00e1 conhecimento. Cor\u00e7a animal de poder regente de dezembro de 2023.<br \/>\n\n\n\n\n<h2 class=\"wp-block-heading\">O que significa a cor\u00e7a anseia por \u00e1gua?<\/h2>\n\n\n<p><\/p>A Palavra nos diz que aquele que cr\u00ea em Cristo e no Esp\u00edrito Santo, do seu interior fluir\u00e3o rios de \u00e1gua viva. Aquele que permanece em Deus n\u00e3o necessita mais estar \u00e0 procura das \u00e1guas correntes, pois elas agora fluir\u00e3o de dentro dele.<br \/>\n\n\n\n\n<h2 class=\"wp-block-heading\">Como a cor\u00e7a suspira na B\u00edblia?<\/h2>\n\n\n<p><\/p>1 Como uma cor\u00e7a suspira pelas correntes das \u00e1guas, Assim a minha alma suspira por ti, \u00f3 Deus. 2 A minha alma tem sede de Deus, do Deus vivo; Quando virei e comparecerei diante de Deus? 3 As minhas l\u00e1grimas t\u00eam sido o meu alimento de dia e de noite, Enquanto me dizem continuamente: Onde est\u00e1 o teu Deus?<br \/>\n\n\n\n\n<h2 class=\"wp-block-heading\">Como a cor\u00e7a se comporta?<\/h2>\n\nA cor\u00e7a \u00e9 um animal que sente muita sede e que nunca procura outro tipo de \u00e1gua a n\u00e3o ser a de uma nascente. Elas conseguem sentir o cheiro dessas \u00e1guas em uma boa dist\u00e2ncia e a velocidade que correm para irem at\u00e9 a nascente \u00e9 admirador!<br \/>\n\n\n\n\n<h2 class=\"wp-block-heading\">Como \u00e9 a vida da cor\u00e7a?<\/h2>\n\n\n<p><\/p>O cor\u00e7o \u00e9 um animal crepuscular, sendo mais facilmente avistado durante as primeiras horas do dia e ao anoitecer. \u00c9 t\u00edmido e esquivo, aparecendo e desaparecendo rapidamente entre a vegeta\u00e7\u00e3o, motivo pelo qual tem sido apelidado de \u201co duende da floresta\u201d.<br \/>\n\n\n\n\n<h2 class=\"wp-block-heading\">Qual o comportamento da cor\u00e7a?<\/h2>\n\n\n<p><\/p>A cor\u00e7a \u00e9 normalmente um animal de h\u00e1bitos solit\u00e1rios, preferindo realizar suas atividades durante o nascer e o p\u00f4r-do-sol.<br \/>\n\n\n\n\n<h2 class=\"wp-block-heading\">Qual \u00e9 a simbologia da cor\u00e7a?<\/h2>\n\nA cor\u00e7a \u00e9 um animal s\u00edmbolo da deusa da ca\u00e7a \u00c1rtemis (ou Diana, na cultura romana). E foi exatamente capturar a cor\u00e7a de estima\u00e7\u00e3o da deusa grega acima referida, um dos doze trabalhos do famoso her\u00f3i H\u00e9rcules.<br \/>\n\n\n\n\n<h2 class=\"wp-block-heading\">Qual \u00e9 o significado da cor\u00e7a no xamanismo?<\/h2>\n\n\n<p><\/p>A Cor\u00e7a personifica a poderosa vibra\u00e7\u00e3o do amor, a energia com maior poder de cura de que h\u00e1 conhecimento. Cor\u00e7a animal de poder regente de dezembro de 2023. Cor\u00e7a recomenda: vibrar no amor, amor-pr\u00f3prio, bondade, gentileza, aceita\u00e7\u00e3o, desafio: vibrar no medo, falta de amor-pr\u00f3prio, falta de aceita\u00e7\u00e3o, ressentimento.<br \/>\n\n\n\n\n<h2 class=\"wp-block-heading\">Por que a cor\u00e7a anseia pelas \u00e1guas?<\/h2>\n\n\n<p><\/p>Ela come\u00e7a a exalar um odor que chama a aten\u00e7\u00e3o dos predadores que est\u00e3o por perto. Para melhorar isso, com o seu olfato apurado, logo elas acham as \u00e1guas puras e se banham e bebem ansiosamente para se livrarem das dores e tamb\u00e9m do risco de serem comidas por outros animais.<br \/>\n\n\n","protected":false},"excerpt":{"rendered":"<p>Quais s\u00e3o as caracter\u00edsticas de uma cor\u00e7a? O macho da esp\u00e9cie \u00e9 \u00e0s vezes chamado de cor\u00e7o . A cor\u00e7a \u00e9 um veado pequeno, avermelhado e marrom-acinzentado, e bem adaptado a ambientes frios. A esp\u00e9cie \u00e9 amplamente distribu\u00edda na Europa, do Mediterr\u00e2neo \u00e0 Escandin\u00e1via, da Esc\u00f3cia ao C\u00e1ucaso , e a leste at\u00e9 o norte [&hellip;]<\/p>\n","protected":false},"author":2,"featured_media":0,"comment_status":"open","ping_status":"closed","sticky":false,"template":"","format":"standard","meta":{"footnotes":""},"categories":[1],"tags":[],"class_list":["post-2270","post","type-post","status-publish","format-standard","hentry","category-conteudo"],"_links":{"self":[{"href":"https:\/\/ammabarbacena.com.br\/perguntas-frequentes\/wp-json\/wp\/v2\/posts\/2270","targetHints":{"allow":["GET"]}}],"collection":[{"href":"https:\/\/ammabarbacena.com.br\/perguntas-frequentes\/wp-json\/wp\/v2\/posts"}],"about":[{"href":"https:\/\/ammabarbacena.com.br\/perguntas-frequentes\/wp-json\/wp\/v2\/types\/post"}],"author":[{"embeddable":true,"href":"https:\/\/ammabarbacena.com.br\/perguntas-frequentes\/wp-json\/wp\/v2\/users\/2"}],"replies":[{"embeddable":true,"href":"https:\/\/ammabarbacena.com.br\/perguntas-frequentes\/wp-json\/wp\/v2\/comments?post=2270"}],"version-history":[{"count":1,"href":"https:\/\/ammabarbacena.com.br\/perguntas-frequentes\/wp-json\/wp\/v2\/posts\/2270\/revisions"}],"predecessor-version":[{"id":2271,"href":"https:\/\/ammabarbacena.com.br\/perguntas-frequentes\/wp-json\/wp\/v2\/posts\/2270\/revisions\/2271"}],"wp:attachment":[{"href":"https:\/\/ammabarbacena.com.br\/perguntas-frequentes\/wp-json\/wp\/v2\/media?parent=2270"}],"wp:term":[{"taxonomy":"category","embeddable":true,"href":"https:\/\/ammabarbacena.com.br\/perguntas-frequentes\/wp-json\/wp\/v2\/categories?post=2270"},{"taxonomy":"post_tag","embeddable":true,"href":"https:\/\/ammabarbacena.com.br\/perguntas-frequentes\/wp-json\/wp\/v2\/tags?post=2270"}],"curies":[{"name":"wp","href":"https:\/\/api.w.org\/{rel}","templated":true}]}}