{"id":22575,"date":"2025-08-09T14:45:04","date_gmt":"2025-08-09T14:45:04","guid":{"rendered":"http:\/\/37f7cc4c-9125-4209-9dda-f416b57a27b7"},"modified":"2025-08-09T14:45:04","modified_gmt":"2025-08-09T14:45:04","slug":"o-que-e-hebdomadario","status":"publish","type":"post","link":"https:\/\/ammabarbacena.com.br\/perguntas-frequentes\/o-que-e-hebdomadario\/","title":{"rendered":"O que \u00e9 hebdomad\u00e1rio"},"content":{"rendered":"\n\n<h2 class=\"wp-block-heading\">O que significa hebdomad\u00e1rio?<\/h2>\n\n1 Relativo a semana; semanal. 2 Que \u00e9 publicado uma vez por semana. V seman\u00e1rio , acep\u00e7\u00e3o 2. ETIMOLOGIA lat hebdomadar\u012dus.<br \/>\n\n\n\n\n<h2 class=\"wp-block-heading\">O que \u00e9 hebdomad\u00e1rio?<\/h2>\n\n\n<p><\/p>1 Relativo a semana; semanal. 2 Que \u00e9 publicado uma vez por semana. V seman\u00e1rio , acep\u00e7\u00e3o 2.<br \/>\n\n\n\n\n<h2 class=\"wp-block-heading\">Qual a palavra menos conhecida do Brasil?<\/h2>\n\n\n<p><\/p>Embora n\u00e3o exista um ranking oficial, tudo indica que zimb\u00f3rio \u00e9 uma forte candidata ao t\u00edtulo de palavra menos usada da l\u00edngua portuguesa. Seu significado espec\u00edfico e uso restrito fazem com que ela quase nunca apare\u00e7a no vocabul\u00e1rio comum.<br \/>\n\n\n\n\n<h2 class=\"wp-block-heading\">O que \u00e9 monstru\u00e1rio?<\/h2>\n\n\n<p><\/p>Em poucas palavras, um mostru\u00e1rio serve para exibir ou expor as amostras dos produtos dispon\u00edveis no seu estoque. Em casos de lojas que vendem ou personalizam estofados, por exemplo, um mostru\u00e1rio com todas as estampas e tecidos dispon\u00edveis \u00e9 imprescind\u00edvel no momento de escolha do cliente.<br \/>\n\n\n\n\n<h2 class=\"wp-block-heading\">O que \u00e9 quirit\u00e1rio?<\/h2>\n\n[ Hist\u00f3ria ] Relativo a quirite ou a cidad\u00e3o romano com capacidade eleitoral.<br \/>\n\n\n\n\n<h2 class=\"wp-block-heading\">Qual \u00e9 o significado de direito quirit\u00e1rio?<\/h2>\n\n\n<p><\/p>Quirit\u00e1rio \u00e9 um termo utilizado no direito civil para se referir a um tipo de propriedade que n\u00e3o est\u00e1 sujeita a registro. Essa forma de propriedade \u00e9 baseada no direito romano e \u00e9 comumente encontrada em pa\u00edses de tradi\u00e7\u00e3o jur\u00eddica romano-germ\u00e2nica, como \u00e9 o caso do Brasil.<br \/>\n\n\n\n\n<h2 class=\"wp-block-heading\">O que \u00e9 ser uma pessoa quista?<\/h2>\n\n\n<p><\/p>Que se gosta muito : 1 querida, adorada, estimada, prezada, cara, predileta, preferida, favorita, benquista, admirada, dileta, valida, estremecida.<br \/>\n\n\n\n\n<h2 class=\"wp-block-heading\">O que \u00e9 direito quiritariano?<\/h2>\n\n\n<p><\/p>O direito romano tem como principal caracter\u00edstica a pluralidade, tamb\u00e9m podemos considerar que \u00e9 um direito parcialmente n\u00e3o estatal, formalista e tecnificado. Tamb\u00e9m chamado de direito quirit\u00e1rio (j\u00e1 que quiris \u00e9 o antigo nome do cidad\u00e3o romano) ou de ius civile indicando que seria o direito da cidade.<br \/>\n\n\n\n\n<h2 class=\"wp-block-heading\">O que \u00e9 quiriri?<\/h2>\n\n\n<p><\/p>O nome Quiriri, que em tupi guarani significa \u201csil\u00eancio noturno\u201d, \u00e9 um convite irresist\u00edvel para os amantes da natureza e dos esportes de aventura. Em Joinville, a Cidade dos Pr\u00edncipes, voc\u00ea pode mergulhar na vibrante cultura durante o renomado Festival de Dan\u00e7a ou admirar a arte no Teatro Bolshoi do Brasil.<br \/>\n\n\n\n\n<h2 class=\"wp-block-heading\">O que significa quiritariano?<\/h2>\n\n\n<p><\/p>[ Hist\u00f3ria ] Relativo a quirite ou a cidad\u00e3o romano com capacidade eleitoral. Origem: quirite[s] + -\u00e1rio.<br \/>\n\n\n\n\n<h2 class=\"wp-block-heading\">Qual o significado de juiz a quo?<\/h2>\n\n\n<p><\/p>A quo \u2013 Ju\u00edzo a quo \u00e9 aquele de cuja decis\u00e3o se recorre. Dies a quo \u00e9 o dia em que come\u00e7a a correr um prazo.<br \/>\n\n\n\n\n<h2 class=\"wp-block-heading\">O que significa jacui?<\/h2>\n\nPor meio de estudos de documentos municipais sabe-se que o nome do Munic\u00edpio de Jacu\u00ed, tem origem ind\u00edgena do tupi-guarani &#8211; &#8220;iacu-i&#8221;, que significa &#8220;rio dos jacus&#8221; &#8211; tipo de ave muito encontrada na regi\u00e3o naquela \u00e9poca; ou ainda, &#8220;i-acui&#8221;, que significa &#8220;rio enxuto, tempor\u00e1rio&#8221;.<br \/>\n\n\n\n\n<h2 class=\"wp-block-heading\">O que \u00e9 um Jacu\u00ed?<\/h2>\n\n\n<p><\/p>Etimologia. &#8220;Jacu\u00ed&#8221; se origina do tupi antigo \u00eeaku&#8217;y, que significa &#8220;rio dos jacus&#8221; (\u00eeaku, &#8220;jacu&#8221; + &#8216;y, &#8220;rio&#8221;).<br \/>\n\n\n\n\n<h2 class=\"wp-block-heading\">O que significa chamar a pessoa de jacu?<\/h2>\n\n\n<p><\/p>O termo &#8220;jac\u00fa&#8221; tem origem em uma ave t\u00edpica das zonas rurais brasileiras, conhecida por seu comportamento t\u00edmido e desajeitado. No contexto coloquial, &#8220;jac\u00fa&#8221; passou a ser usado de forma pejorativa para descrever algu\u00e9m considerado ing\u00eanuo, caipira ou que demonstra certa falta de sofistica\u00e7\u00e3o.<br \/>\n\n\n\n\n<h2 class=\"wp-block-heading\">O que significa jacuba em tupi-guarani?<\/h2>\n\n\n<p><\/p>J\u00e1 o nome \u201cJacuba\u201d vem do tupi-guarani, significando \u201c \u00e1gua quente \u201d, e tamb\u00e9m faz refer\u00eancia a um pir\u00e3o revigorante de farinha, cacha\u00e7a, a\u00e7\u00facar e mel, usado pelos antigos mateiros para enfrentar os desafios das florestas.<br \/>\n\n\n\n\n<h2 class=\"wp-block-heading\">O que significa ser jacu na pol\u00edtica?<\/h2>\n\n\n<p><\/p>A escolha do nome do oponente era uma analogia pejorativa \u00e0s caracter\u00edsticas pol\u00edticas desse grupo, segundo Ruth. As aves jacu s\u00e3o definidas pelo temperamento d\u00f3cil, e os gavi\u00f5es, que hoje est\u00e3o no poder, queriam insinuar que os eleitores e pol\u00edticos jacu, portanto, eram fracos em disputas.<br \/>\n\n\n\n\n<h2 class=\"wp-block-heading\">Qual \u00e9 a fun\u00e7\u00e3o do jacu?<\/h2>\n\n\n<p><\/p>\u00c9 um importante dispersor de sementes nos ecossistemas dos quais participa. Infelizmente, o desmatamento e a ca\u00e7a indiscriminada reduziram drasticamente a popula\u00e7\u00e3o dessa esp\u00e9cie. O jacu um animal predominantemente frug\u00edvoro, embora alimente-se tamb\u00e9m de folhas, brotos, gr\u00e3os e insetos.<br \/>\n\n\n\n\n<h2 class=\"wp-block-heading\">Qual a idade de Jacu\u00ed?<\/h2>\n\n\n<p><\/p>Jacu\u00ed comemora 208 anos ! A nossa querida Jacu\u00ed completa hoje 208 anos de hist\u00f3ria!<br \/>\n\n\n\n\n<h2 class=\"wp-block-heading\">O que quer dizer a palavra hebdomad\u00e1rio na B\u00edblia?<\/h2>\n\nResposta: \u00c9 o Latim eclesi\u00e1stico hebdomadarius, \u201c aquele que desempenha of\u00edcio uma vez por semana \u201d, do Grego hebdomos, \u201cs\u00e9timo\u201d.<br \/>\n\n\n\n\n<h2 class=\"wp-block-heading\">O que quer dizer a palavra hebdomad\u00e1rio, semanal ou temporal?<\/h2>\n\n\n<p><\/p>Resposta: \u00c9 o Latim eclesi\u00e1stico hebdomadarius, \u201c aquele que desempenha of\u00edcio uma vez por semana \u201d, do Grego hebdomos, \u201cs\u00e9timo\u201d. Por extens\u00e3o, se aplica ao peri\u00f3dico que sai uma vez por semana.<br \/>\n\n\n\n\n<h2 class=\"wp-block-heading\">O que quer dizer a palavra hebdomad\u00e1rio semanal herb\u00edvoro temporal des\u00e9rtico?<\/h2>\n\n\n<p><\/p>\n\n<ul class=\"wp-block-list\">\n<li>Significado de Hebdomad\u00e1rio<\/li>\n<li> adjetivo Semanal; que se realiza, acontece ou surge a cada semana; que se refere \u00e0 semana. substantivo masculino Uso Antigo.<\/li>\n<\/ul>\n\n\n\n\n<h2 class=\"wp-block-heading\">O que quer dizer a palavra jornaleiro na B\u00edblia?<\/h2>\n\n\n<p><\/p>Empregado diarista, ou seja, que era pago por dia de trabalho (#J\u00f3 7.2).<br \/>\n\n\n\n\n<h2 class=\"wp-block-heading\">Que acontece semanalmente?<\/h2>\n\n\n<p><\/p>Que se faz, que acontece ou que se publica de semana a semana.<br \/>\n\n\n\n\n<h2 class=\"wp-block-heading\">O que quer dizer a palavra hebdomad\u00e1rio, semanal ou atemporal?<\/h2>\n\n\n\n<ul class=\"wp-block-list\">\n<li>Significado de Hebdomad\u00e1rio<\/li>\n<li> adjetivo Semanal; que se realiza, acontece ou surge a cada semana; que se refere \u00e0 semana. substantivo masculino Uso Antigo.<\/li>\n<\/ul>\n\n\n\n\n<h2 class=\"wp-block-heading\">O que quer dizer a palavra hebdomad\u00e1rio, semanal, herb\u00edvoro, atemporal ou des\u00e9rtico?<\/h2>\n\n\n<p><\/p>\n\n<ul class=\"wp-block-list\">\n<li>Significado de Hebdomad\u00e1rio<\/li>\n<li> adjetivo Semanal; que se realiza, acontece ou surge a cada semana; que se refere \u00e0 semana. substantivo masculino Uso Antigo.<\/li>\n<\/ul>\n\n\n\n\n<h2 class=\"wp-block-heading\">O que significa o brevi\u00e1rio?<\/h2>\n\nUm brevi\u00e1rio (em latim : breviarium) \u00e9 um livro lit\u00fargico usado no cristianismo para rezar as horas can\u00f4nicas, geralmente recitado em sete tempos fixos de ora\u00e7\u00e3o. P\u00e1ginas de um brevi\u00e1rio usado na Diocese sueca de Str\u00e4ngn\u00e4s no s\u00e9culo 15 d.C.<br \/>\n\n\n\n\n<h2 class=\"wp-block-heading\">O que significa paup\u00e9rio?<\/h2>\n\n\n<p><\/p>adjetivo Caracter\u00edstica de algo ou de algu\u00e9m extremamente pobre; sem recursos financeiros, dinheiro ou bens materiais : morava num barraco paup\u00e9rrimo; era um sujeito paup\u00e9rrimo. Etimologia (origem da palavra paup\u00e9rrimo).<br \/>\n\n\n\n\n<h2 class=\"wp-block-heading\">O que significa voluntaria?<\/h2>\n\n\n<p><\/p>Afinal, o que \u00e9 ser um volunt\u00e1rio? Buscando a origem da palavra, do latim &#8220;voluntariu&#8221;, ela se refere a algo que \u00e9 feito por livre e espont\u00e2nea vontade, sem constrangimentos.<br \/>\n\n\n\n\n<h2 class=\"wp-block-heading\">O que significa a palavra liturgia?<\/h2>\n\n\n<p><\/p>A palavra liturgia (do grego \u03bb\u03b5\u03b9\u03c4\u03bf\u03c5\u03c1\u03b3\u03af\u03b1, &#8220;servi\u00e7o p\u00fablico&#8221; ou &#8220;servi\u00e7o do culto&#8221; ) compreende uma celebra\u00e7\u00e3o religiosa pr\u00e9-definida, de acordo com as tradi\u00e7\u00f5es de uma religi\u00e3o em particular; pode incluir ou referir-se a um ritual formal e elaborado (como a Missa Cat\u00f3lica) ou uma atividade di\u00e1ria como as salats &#8230;<br \/>\n\n\n\n\n<h2 class=\"wp-block-heading\">O que \u00e9 um brevi\u00e1rio cat\u00f3lico?<\/h2>\n\n\n<p><\/p>Um brevi\u00e1rio (em latim : breviarium) \u00e9 um livro lit\u00fargico usado no cristianismo para rezar as horas can\u00f4nicas, geralmente recitado em sete tempos fixos de ora\u00e7\u00e3o. P\u00e1ginas de um brevi\u00e1rio usado na Diocese sueca de Str\u00e4ngn\u00e4s no s\u00e9culo 15 d.C.<br \/>\n\n\n\n\n<h2 class=\"wp-block-heading\">Como se chama a assembleia de bispos para decidir assuntos da Igreja?<\/h2>\n\n\n<p><\/p>CNBB \u2013 Confer\u00eancia Nacional dos Bispos do Brasil &#8211; CNBB.<br \/>\n\n\n","protected":false},"excerpt":{"rendered":"<p>O que significa hebdomad\u00e1rio? 1 Relativo a semana; semanal. 2 Que \u00e9 publicado uma vez por semana. V seman\u00e1rio , acep\u00e7\u00e3o 2. ETIMOLOGIA lat hebdomadar\u012dus. O que \u00e9 hebdomad\u00e1rio? 1 Relativo a semana; semanal. 2 Que \u00e9 publicado uma vez por semana. V seman\u00e1rio , acep\u00e7\u00e3o 2. Qual a palavra menos conhecida do Brasil? Embora [&hellip;]<\/p>\n","protected":false},"author":2,"featured_media":0,"comment_status":"open","ping_status":"closed","sticky":false,"template":"","format":"standard","meta":{"footnotes":""},"categories":[1],"tags":[],"class_list":["post-22575","post","type-post","status-publish","format-standard","hentry","category-conteudo"],"_links":{"self":[{"href":"https:\/\/ammabarbacena.com.br\/perguntas-frequentes\/wp-json\/wp\/v2\/posts\/22575","targetHints":{"allow":["GET"]}}],"collection":[{"href":"https:\/\/ammabarbacena.com.br\/perguntas-frequentes\/wp-json\/wp\/v2\/posts"}],"about":[{"href":"https:\/\/ammabarbacena.com.br\/perguntas-frequentes\/wp-json\/wp\/v2\/types\/post"}],"author":[{"embeddable":true,"href":"https:\/\/ammabarbacena.com.br\/perguntas-frequentes\/wp-json\/wp\/v2\/users\/2"}],"replies":[{"embeddable":true,"href":"https:\/\/ammabarbacena.com.br\/perguntas-frequentes\/wp-json\/wp\/v2\/comments?post=22575"}],"version-history":[{"count":1,"href":"https:\/\/ammabarbacena.com.br\/perguntas-frequentes\/wp-json\/wp\/v2\/posts\/22575\/revisions"}],"predecessor-version":[{"id":22576,"href":"https:\/\/ammabarbacena.com.br\/perguntas-frequentes\/wp-json\/wp\/v2\/posts\/22575\/revisions\/22576"}],"wp:attachment":[{"href":"https:\/\/ammabarbacena.com.br\/perguntas-frequentes\/wp-json\/wp\/v2\/media?parent=22575"}],"wp:term":[{"taxonomy":"category","embeddable":true,"href":"https:\/\/ammabarbacena.com.br\/perguntas-frequentes\/wp-json\/wp\/v2\/categories?post=22575"},{"taxonomy":"post_tag","embeddable":true,"href":"https:\/\/ammabarbacena.com.br\/perguntas-frequentes\/wp-json\/wp\/v2\/tags?post=22575"}],"curies":[{"name":"wp","href":"https:\/\/api.w.org\/{rel}","templated":true}]}}