{"id":22557,"date":"2025-08-09T14:31:21","date_gmt":"2025-08-09T14:31:21","guid":{"rendered":"http:\/\/22283e78-be0d-46ab-b0d8-466c2f1e8834"},"modified":"2025-08-09T14:31:21","modified_gmt":"2025-08-09T14:31:21","slug":"o-que-e-efetivo-clt","status":"publish","type":"post","link":"https:\/\/ammabarbacena.com.br\/perguntas-frequentes\/o-que-e-efetivo-clt\/","title":{"rendered":"O que \u00e9 efetivo clt"},"content":{"rendered":"\n\n<h2 class=\"wp-block-heading\">O que \u00e9 ser um efetivo CLT?<\/h2>\n\n3. Efetivo. Das modalidades CLT, o regime Efetivo \u00e9 o mais conhecido e garante ao trabalhador todos os direitos previstos pela legisla\u00e7\u00e3o CLT. Para ser um funcion\u00e1rio Efetivo, \u00e9 necess\u00e1rio ser maior de 18 anos e passar por um per\u00edodo de experi\u00eancia na empresa, que dura 90 dias.<br \/>\n\n\n\n\n<h2 class=\"wp-block-heading\">O que significa ter um cargo efetivo CLT?<\/h2>\n\n\n<p><\/p>Ter um contrato efetivo CLT ou ser efetivado significa que voc\u00ea ter\u00e1 diversos direitos garantidos pela CLT, ter a carteira de trabalho (CTPS) assinada e trabalhar como uma pessoa fixa, e n\u00e3o tempor\u00e1ria, na empresa.<br \/>\n\n\n\n\n<h2 class=\"wp-block-heading\">O que significa vaga de emprego efetivo CLT?<\/h2>\n\n\n<p><\/p>No contrato efetivo, o trabalhador tem acesso a todos os benef\u00edcios previstos pela CLT, como FGTS, f\u00e9rias, 13\u00ba sal\u00e1rio e aviso pr\u00e9vio. J\u00e1 no contrato tempor\u00e1rio, embora tamb\u00e9m haja direitos, o trabalhador n\u00e3o tem aviso pr\u00e9vio nem a multa de 40% sobre o FGTS em caso de desligamento.<br \/>\n\n\n\n\n<h2 class=\"wp-block-heading\">O que significa a palavra efetivo CLT?<\/h2>\n\n\n<p><\/p>3. Efetivo. Das modalidades CLT, o regime Efetivo \u00e9 o mais conhecido e garante ao trabalhador todos os direitos previstos pela legisla\u00e7\u00e3o CLT. Para ser um funcion\u00e1rio Efetivo, \u00e9 necess\u00e1rio ser maior de 18 anos e passar por um per\u00edodo de experi\u00eancia na empresa, que dura 90 dias.<br \/>\n\n\n\n\n<h2 class=\"wp-block-heading\">Quais s\u00e3o os tipos de contrato efetivo CLT?<\/h2>\n\n\n<p><\/p>\n\n<ul class=\"wp-block-list\">\n<li>Por tempo indeterminado;<\/li>\n<li>Por tempo determinado;<\/li>\n<li>Tempor\u00e1rio;<\/li>\n<li>De experi\u00eancia;<\/li>\n<li>De est\u00e1gio;<\/li>\n<li>Contrato de teletrabalho;<\/li>\n<li>Contrato de trabalho aut\u00f4nomo.<\/li>\n<\/ul>\n\n\n\n\n<h2 class=\"wp-block-heading\">Qual o sal\u00e1rio m\u00ednimo CLT?<\/h2>\n\n\n<p><\/p>\u00c9 a terceira vez consecutiva que o reajuste para o sal\u00e1rio m\u00ednimo do estado supera a infla\u00e7\u00e3o. Em rela\u00e7\u00e3o ao piso salarial de 2024 ( R$ 1.640 ), o aumento foi de 10%.<br \/>\n\n\n\n\n<h2 class=\"wp-block-heading\">O que \u00e9 trabalhador efetivo?<\/h2>\n\nTempo em que o empregado est\u00e1 efetivamente prestando servi\u00e7os ou \u00e0 disposi\u00e7\u00e3o do empregador, aguardando ou executando ordens.<br \/>\n\n\n\n\n<h2 class=\"wp-block-heading\">O que \u00e9 efetivo emprego?<\/h2>\n\n\n<p><\/p>O contrato efetivo \u00e9 um contrato de trabalho por tempo indeterminado. \u00c9 um dos tipos de contrata\u00e7\u00e3o mais comuns no Brasil e garante ao trabalhador uma s\u00e9rie de direitos previstos na legisla\u00e7\u00e3o trabalhista.<br \/>\n\n\n\n\n<h2 class=\"wp-block-heading\">Qual a diferen\u00e7a entre CLT e efetivo?<\/h2>\n\n\n<p><\/p>Ter um contrato efetivo CLT ou ser efetivado significa que voc\u00ea ter\u00e1 diversos direitos garantidos pela CLT, ter a carteira de trabalho (CTPS) assinada e trabalhar como uma pessoa fixa, e n\u00e3o tempor\u00e1ria, na empresa.<br \/>\n\n\n\n\n<h2 class=\"wp-block-heading\">Quanto tempo trabalha um efetivo?<\/h2>\n\n\n<p><\/p>A dura\u00e7\u00e3o normal do trabalho \u00e9 de 8 horas di\u00e1rias e 44 semanais (artigo 7\u00ba, XIII,CF). A dura\u00e7\u00e3o normal do trabalho, para os empregados em qualquer atividade privada, n\u00e3o exceder\u00e1 de 8 (oito) horas di\u00e1rias, desde que n\u00e3o seja fixado expressamente outro limite (artigo 58,CLT).<br \/>\n\n\n\n\n<h2 class=\"wp-block-heading\">O que \u00e9 efetivo no servi\u00e7o?<\/h2>\n\n\n<p><\/p>O cargo efetivo no servi\u00e7o p\u00fablico \u00e9 uma fun\u00e7\u00e3o ocupada por um servidor que ingressou por meio de concurso p\u00fablico. Esse tipo de cargo \u00e9 caracterizado pela estabilidade do servidor, desde que ele atenda a determinados requisitos e cumpra normas estabelecidas pela legisla\u00e7\u00e3o brasileira.<br \/>\n\n\n\n\n<h2 class=\"wp-block-heading\">O que \u00e9 um trabalhador efetivo?<\/h2>\n\n\n<p><\/p>Tempo em que o empregado est\u00e1 efetivamente prestando servi\u00e7os ou \u00e0 disposi\u00e7\u00e3o do empregador, aguardando ou executando ordens.<br \/>\n\n\n\n\n<h2 class=\"wp-block-heading\">O que \u00e9 uma pessoa efetivada no trabalho?<\/h2>\n\n\n<p><\/p>O que \u00e9 um funcion\u00e1rio efetivado? Um funcion\u00e1rio efetivado \u00e9 aquele que passa a fazer parte do quadro fixo da empresa. Ele deixa de estar sob regimes transit\u00f3rios e assume direitos e responsabilidades que refor\u00e7am a seguran\u00e7a de sua posi\u00e7\u00e3o.<br \/>\n\n\n\n\n<h2 class=\"wp-block-heading\">O que significa tipo de vaga efetivo CLT?<\/h2>\n\nNo contrato efetivo, o trabalhador tem acesso a todos os benef\u00edcios previstos pela CLT, como FGTS, f\u00e9rias, 13\u00ba sal\u00e1rio e aviso pr\u00e9vio. J\u00e1 no contrato tempor\u00e1rio, embora tamb\u00e9m haja direitos, o trabalhador n\u00e3o tem aviso pr\u00e9vio nem a multa de 40% sobre o FGTS em caso de desligamento.<br \/>\n\n\n\n\n<h2 class=\"wp-block-heading\">O que significa ter uma vaga efetiva CLT?<\/h2>\n\n\n<p><\/p>Ter um contrato efetivo CLT ou ser efetivado significa que voc\u00ea ter\u00e1 diversos direitos garantidos pela CLT, ter a carteira de trabalho (CTPS) assinada e trabalhar como uma pessoa fixa, e n\u00e3o tempor\u00e1ria, na empresa.<br \/>\n\n\n\n\n<h2 class=\"wp-block-heading\">O que \u00e9 um funcion\u00e1rio efetivo CLT?<\/h2>\n\n\n<p><\/p>Contrato efetivo (por tempo indeterminado) \u00c9 o modelo mais comum na CLT. Nesse formato, a empresa contrata o trabalhador sem prazo para encerrar o v\u00ednculo, registra na carteira e assegura todos os direitos trabalhistas: f\u00e9rias, 13\u00ba sal\u00e1rio, FGTS, INSS, descanso semanal e outros.<br \/>\n\n\n\n\n<h2 class=\"wp-block-heading\">O que \u00e9 trabalhar efetivo?<\/h2>\n\n\n<p><\/p>Tempo em que o empregado est\u00e1 efetivamente prestando servi\u00e7os ou \u00e0 disposi\u00e7\u00e3o do empregador, aguardando ou executando ordens.<br \/>\n\n\n\n\n<h2 class=\"wp-block-heading\">Quanto tempo dura um contrato efetivo?<\/h2>\n\nEm regra, a dura\u00e7\u00e3o dos contratos de emprego \u00e9 por tempo indeterminado, se protraindo at\u00e9 eventual rescis\u00e3o pelas partes.<br \/>\n\n\n\n\n<h2 class=\"wp-block-heading\">Quanto tempo de contrato pode ser efetivado?<\/h2>\n\n\n<p><\/p>O contrato de trabalho por prazo determinado (Lei 9.601\/1998) \u00e9 o mesmo, mas as partes podem ir estendendo a sua dura\u00e7\u00e3o, desde que n\u00e3o ultrapasse o limite de 2 anos. Dentro desse limite, o contrato por prazo determinado pode ser prorrogado tantas vezes desejarem as partes, sem que ele se torne por prazo indeterminado.<br \/>\n\n\n\n\n<h2 class=\"wp-block-heading\">Como funciona o contrato efetivo?<\/h2>\n\n\n<p><\/p>Ter um contrato efetivo CLT ou ser efetivado significa que voc\u00ea ter\u00e1 diversos direitos garantidos pela CLT, ter a carteira de trabalho (CTPS) assinada e trabalhar como uma pessoa fixa, e n\u00e3o tempor\u00e1ria, na empresa.<br \/>\n\n\n\n\n<h2 class=\"wp-block-heading\">Qual \u00e9 o prazo m\u00e1ximo de um contrato de trabalho?<\/h2>\n\n\n<p><\/p>Art. 3 o Em rela\u00e7\u00e3o ao mesmo empregado, o contrato por prazo determinado na forma da Lei n o 9.601, de 21 de janeiro de 1998, ser\u00e1 de no m\u00e1ximo dois anos, permitindo-se, dentro deste per\u00edodo, sofrer sucessivas prorroga\u00e7\u00f5es, sem acarretar o efeito previsto no art. 451 da CLT. Par\u00e1grafo \u00fanico.<br \/>\n\n\n\n\n<h2 class=\"wp-block-heading\">Qual \u00e9 o tempo m\u00e1ximo de um contrato?<\/h2>\n\n\n<p><\/p>A Lei 14.133\/2021 permitiu que os contratos de servi\u00e7os e de fornecimentos cont\u00ednuos sejam celebrados com vig\u00eancia inicial de at\u00e9 cinco anos. Al\u00e9m disso, desde que haja previs\u00e3o em edital, esses contratos podem ser prorrogados sucessivamente (n\u00e3o necessariamente por igual per\u00edodo) at\u00e9 a vig\u00eancia m\u00e1xima de dez anos [6].<br \/>\n\n\n\n\n<h2 class=\"wp-block-heading\">O que significa ter um contrato efetivado na CLT?<\/h2>\n\nContrato intermitente pode ser efetivado, ou seja, convertido em contrato por prazo indeterminado quando a rela\u00e7\u00e3o de trabalho se torna cont\u00ednua, garantindo ao trabalhador direitos integrais da CLT, conforme regras para transi\u00e7\u00e3o entre modalidades de emprego.<br \/>\n\n\n\n\n<h2 class=\"wp-block-heading\">O que significa ter um contrato CLT efetivo?<\/h2>\n\n\n<p><\/p>Ter um contrato efetivo CLT ou ser efetivado significa que voc\u00ea ter\u00e1 diversos direitos garantidos pela CLT, ter a carteira de trabalho (CTPS) assinada e trabalhar como uma pessoa fixa, e n\u00e3o tempor\u00e1ria, na empresa.<br \/>\n\n\n\n\n<h2 class=\"wp-block-heading\">O que \u00e9 efetiva\u00e7\u00e3o CLT?<\/h2>\n\n\n<p><\/p>Efetiva\u00e7\u00e3o \u00e9 o processo que formaliza a contrata\u00e7\u00e3o de um funcion\u00e1rio, transformando um v\u00ednculo transit\u00f3rio, como est\u00e1gio ou contrato tempor\u00e1rio, em uma rela\u00e7\u00e3o permanente.<br \/>\n\n\n\n\n<h2 class=\"wp-block-heading\">Como \u00e9 efetivo o CLT?<\/h2>\n\n\n<p><\/p>3. Efetivo. Das modalidades CLT, o regime Efetivo \u00e9 o mais conhecido e garante ao trabalhador todos os direitos previstos pela legisla\u00e7\u00e3o CLT. Para ser um funcion\u00e1rio Efetivo, \u00e9 necess\u00e1rio ser maior de 18 anos e passar por um per\u00edodo de experi\u00eancia na empresa, que dura 90 dias.<br \/>\n\n\n\n\n<h2 class=\"wp-block-heading\">O que significa ser CLT?<\/h2>\n\n\n\n<h2 class=\"wp-block-heading\">O que \u00e9 virar um CLT?<\/h2>\n\n\n<p><\/p>CLT \u00e9 o emprego com carteira assinada, benef\u00edcios e maior custo para o empregador, o que pode reduzir o valor l\u00edquido recebido pelo empregado.<br \/>\n\n\n\n\n<h2 class=\"wp-block-heading\">O que \u00e9 ser CLT e PJ?<\/h2>\n\n\n<p><\/p>A principal diferen\u00e7a entre a contrata\u00e7\u00e3o CLT e PJ est\u00e1 na forma de contrata\u00e7\u00e3o e nos encargos trabalhistas. Na contrata\u00e7\u00e3o CLT, a empresa \u00e9 respons\u00e1vel por pagar os encargos trabalhistas do funcion\u00e1rio, enquanto na contrata\u00e7\u00e3o PJ, o pr\u00f3prio prestador de servi\u00e7os \u00e9 respons\u00e1vel por arcar com esses custos.<br \/>\n\n\n","protected":false},"excerpt":{"rendered":"<p>O que \u00e9 ser um efetivo CLT? 3. Efetivo. Das modalidades CLT, o regime Efetivo \u00e9 o mais conhecido e garante ao trabalhador todos os direitos previstos pela legisla\u00e7\u00e3o CLT. Para ser um funcion\u00e1rio Efetivo, \u00e9 necess\u00e1rio ser maior de 18 anos e passar por um per\u00edodo de experi\u00eancia na empresa, que dura 90 dias. [&hellip;]<\/p>\n","protected":false},"author":2,"featured_media":0,"comment_status":"open","ping_status":"closed","sticky":false,"template":"","format":"standard","meta":{"footnotes":""},"categories":[1],"tags":[],"class_list":["post-22557","post","type-post","status-publish","format-standard","hentry","category-conteudo"],"_links":{"self":[{"href":"https:\/\/ammabarbacena.com.br\/perguntas-frequentes\/wp-json\/wp\/v2\/posts\/22557","targetHints":{"allow":["GET"]}}],"collection":[{"href":"https:\/\/ammabarbacena.com.br\/perguntas-frequentes\/wp-json\/wp\/v2\/posts"}],"about":[{"href":"https:\/\/ammabarbacena.com.br\/perguntas-frequentes\/wp-json\/wp\/v2\/types\/post"}],"author":[{"embeddable":true,"href":"https:\/\/ammabarbacena.com.br\/perguntas-frequentes\/wp-json\/wp\/v2\/users\/2"}],"replies":[{"embeddable":true,"href":"https:\/\/ammabarbacena.com.br\/perguntas-frequentes\/wp-json\/wp\/v2\/comments?post=22557"}],"version-history":[{"count":1,"href":"https:\/\/ammabarbacena.com.br\/perguntas-frequentes\/wp-json\/wp\/v2\/posts\/22557\/revisions"}],"predecessor-version":[{"id":22558,"href":"https:\/\/ammabarbacena.com.br\/perguntas-frequentes\/wp-json\/wp\/v2\/posts\/22557\/revisions\/22558"}],"wp:attachment":[{"href":"https:\/\/ammabarbacena.com.br\/perguntas-frequentes\/wp-json\/wp\/v2\/media?parent=22557"}],"wp:term":[{"taxonomy":"category","embeddable":true,"href":"https:\/\/ammabarbacena.com.br\/perguntas-frequentes\/wp-json\/wp\/v2\/categories?post=22557"},{"taxonomy":"post_tag","embeddable":true,"href":"https:\/\/ammabarbacena.com.br\/perguntas-frequentes\/wp-json\/wp\/v2\/tags?post=22557"}],"curies":[{"name":"wp","href":"https:\/\/api.w.org\/{rel}","templated":true}]}}