{"id":2254,"date":"2025-07-17T07:16:59","date_gmt":"2025-07-17T07:16:59","guid":{"rendered":"http:\/\/c996637d-c1ed-4b6f-bc70-adb74450f663"},"modified":"2025-07-17T07:16:59","modified_gmt":"2025-07-17T07:16:59","slug":"o-que-e-recalque-na-psicanalise","status":"publish","type":"post","link":"https:\/\/ammabarbacena.com.br\/perguntas-frequentes\/o-que-e-recalque-na-psicanalise\/","title":{"rendered":"O que \u00e9 recalque na psican\u00e1lise"},"content":{"rendered":"\n\n<h2 class=\"wp-block-heading\">O que \u00e9 recalque para a psican\u00e1lise?<\/h2>\n\nA ess\u00eancia do recalque, diz Freud, consiste unicamente em &#8220;afastar e manter \u00e0 dist\u00e2ncia do consciente&#8221; (Freud, 1915\/1968, p. 47). os representantes destas puls\u00f5es, nesta zona da vida ps\u00edquica nomeada inconsciente. A raz\u00e3o desse afastamento que diz respeito \u00e0s representa\u00e7\u00f5es, parece ser afectiva.<br \/>\n\n\n\n\n<h2 class=\"wp-block-heading\">Qual \u00e9 o conceito de recalque na psican\u00e1lise?<\/h2>\n\n\n<p><\/p>Quando algo \u00e9 recalcado, ele n\u00e3o s\u00f3 \u00e9 reprimido, mas tamb\u00e9m se fixa no inconsciente de forma duradoura, gerando sintomas indiretos. O recalque est\u00e1 na base da teoria freudiana sobre os conflitos ps\u00edquicos e a forma\u00e7\u00e3o dos sintomas neur\u00f3ticos.<br \/>\n\n\n\n\n<h2 class=\"wp-block-heading\">O que \u00e9 o recalque segundo Freud?<\/h2>\n\n\n<p><\/p>A ess\u00eancia do recalque, diz Freud, consiste unicamente em &#8220;afastar e manter \u00e0 dist\u00e2ncia do consciente&#8221; (Freud, 1915\/1968, p. 47).<br \/>\n\n\n\n\n<h2 class=\"wp-block-heading\">Como o recalque se manifesta na psican\u00e1lise?<\/h2>\n\n\n<p><\/p>\n\n<ul class=\"wp-block-list\">\n<li>Manifesta\u00e7\u00f5es do Recalque<\/li>\n<li> \u2013 ** Lapsos e Atos Falhos:** Pequenos erros no discurso ou nas a\u00e7\u00f5es di\u00e1rias podem ser manifesta\u00e7\u00f5es de conte\u00fados reprimidos. \u2013 **Sintomas Neur\u00f3ticos:** Ansiedade, fobias, e outros sintomas neurot\u00edcos podem ser express\u00f5es indiretas de conte\u00fados reprimidos que tentam emergir para a consci\u00eancia.<\/li>\n<\/ul>\n\n\n\n\n<h2 class=\"wp-block-heading\">O que \u00e9 recalque exemplo?<\/h2>\n\n\n<p><\/p>A diferen\u00e7a entre recalque e repress\u00e3o \u00e9 que o recalque acontece a n\u00edvel inconsciente enquanto a repress\u00e3o \u00e9 consciente. Um exemplo de recalque \u00e9 uma pessoa que foi duramente criticada quando crian\u00e7a porque falava muito e, ao crescer, desenvolveu gagueira.<br \/>\n\n\n\n\n<h2 class=\"wp-block-heading\">O que \u00e9 o recalcado na psican\u00e1lise?<\/h2>\n\n\n<p><\/p>O reprimido (ou recalcado) constitui, para Freud, o componente central do inconsciente. &#8220;O recalcado se sintomatiza&#8221;, diz o fundador da psican\u00e1lise. Ou seja: pela repress\u00e3o, os processos inconscientes s\u00f3 se tornam conscientes atrav\u00e9s de seus derivados &#8211; os sonhos ou os sintomas neur\u00f3ticos.<br \/>\n\n\n\n\n<h2 class=\"wp-block-heading\">Qual a fun\u00e7\u00e3o do recalque?<\/h2>\n\nFreud ([1915] 1996) considera que a fun\u00e7\u00e3o do recalque consiste em manter os desejos inadmiss\u00edveis impedidos de passar do sistema inconsciente para o pr\u00e9-consciente. Ao manter esses desejos no campo do inconsciente, o sujeito nem sabe que os possui ou os carrega.<br \/>\n\n\n\n\n<h2 class=\"wp-block-heading\">Para que serve um recalque?<\/h2>\n\n\n<p><\/p>O recalque, de uma maneira geral, dever\u00e1 entrar logo ap\u00f3s o preenchimento da cavidade da pe\u00e7a, com uma press\u00e3o menor que a press\u00e3o de inje\u00e7\u00e3o. Ele vai atuar compactando o produto e evitando que o material retorne da cavidade do molde \u00e0 medida que ocorre a dosagem.<br \/>\n\n\n\n\n<h2 class=\"wp-block-heading\">Qual a fun\u00e7\u00e3o do recalque na inje\u00e7\u00e3o?<\/h2>\n\n\n<p><\/p>A fun\u00e7\u00e3o do recalque \u00e9 a de evitar que o material retorne da cavidade ap\u00f3s o per\u00edodo de inje\u00e7\u00e3o, originando pe\u00e7as com chupagem, rugosidades, bolhas e dimens\u00f5es fora das especificadas.<br \/>\n\n\n\n\n<h2 class=\"wp-block-heading\">Qual a fun\u00e7\u00e3o do registro de recalque?<\/h2>\n\n\n<p><\/p>O que \u00e9 registro de Recalque? \u00c9 um registro de paragem que fica em uma caixa instalada abaixo do n\u00edvel do solo. Assim, ele n\u00e3o compromete a locomo\u00e7\u00e3o das pessoas pelas cal\u00e7adas e garante o suprimento de \u00e1gua pressurizada necess\u00e1rio para o combater os inc\u00eandios.<br \/>\n\n\n\n\n<h2 class=\"wp-block-heading\">Qual \u00e9 a fun\u00e7\u00e3o do recalque?<\/h2>\n\n\n<p><\/p>Freud ([1915] 1996) considera que a fun\u00e7\u00e3o do recalque consiste em manter os desejos inadmiss\u00edveis impedidos de passar do sistema inconsciente para o pr\u00e9-consciente. Ao manter esses desejos no campo do inconsciente, o sujeito nem sabe que os possui ou os carrega.<br \/>\n\n\n\n\n<h2 class=\"wp-block-heading\">Quais s\u00e3o as 3 fases do recalque?<\/h2>\n\nFreud distingue tr\u00eas tempos constitutivos do recalque: o recalque origin\u00e1rio; o recalque propriamente dito, ou recalque a posteriori; e o retorno do recalcado nas forma\u00e7\u00f5es do inconsciente : 1.<br \/>\n\n\n\n\n<h2 class=\"wp-block-heading\">Quais s\u00e3o as tr\u00eas fases do recalque?<\/h2>\n\n\n<p><\/p>Freud distingue tr\u00eas tempos constitutivos do recalque: o recalque origin\u00e1rio; o recalque propriamente dito, ou recalque a posteriori; e o retorno do recalcado nas forma\u00e7\u00f5es do inconsciente : 1.<br \/>\n\n\n\n\n<h2 class=\"wp-block-heading\">Quais s\u00e3o as 3 principais fases do desenvolvimento de Freud?<\/h2>\n\n\n<p><\/p>\n\n<ul class=\"wp-block-list\">\n<li>Fase oral (0 a 1 ano de vida) &#8230;<\/li>\n<li>Fase anal (1 a 3 anos) &#8230;<\/li>\n<li>Fase f\u00e1lica ( 3 a 5 ou 6 anos) &#8230;<\/li>\n<li>Fase de lat\u00eancia (5 ou 6 anos at\u00e9 a puberdade) &#8230;<\/li>\n<li>Fase genital (da puberdade \u00e0 vida adulta)<\/li>\n<\/ul>\n\n\n\n\n<h2 class=\"wp-block-heading\">Como ocorre o processo de recalque?<\/h2>\n\n\n<p><\/p>Para que o recalque ocorra, \u00e9 necess\u00e1rio que a for\u00e7a motora do desprazer adquira maior intensidade do que o prazer obtido pela satisfa\u00e7\u00e3o. Esse duelo de for\u00e7as n\u00e3o est\u00e1 presente desde sempre. O recalque s\u00f3 se instaura na medida em que ocorre uma cis\u00e3o ps\u00edquica entre a atividade mental consciente e a do inconsciente.<br \/>\n\n\n\n\n<h2 class=\"wp-block-heading\">Como Freud explica o recalque?<\/h2>\n\n\n<p><\/p>A ess\u00eancia do recalque, diz Freud, consiste unicamente em &#8220;afastar e manter \u00e0 dist\u00e2ncia do consciente&#8221; (Freud, 1915\/1968, p. 47).<br \/>\n\n\n\n\n<h2 class=\"wp-block-heading\">Como o recalque se manifesta?<\/h2>\n\n\n\n<ul class=\"wp-block-list\">\n<li>Manifesta\u00e7\u00f5es do Recalque<\/li>\n<li> \u2013 ** Lapsos e Atos Falhos:** Pequenos erros no discurso ou nas a\u00e7\u00f5es di\u00e1rias podem ser manifesta\u00e7\u00f5es de conte\u00fados reprimidos. \u2013 **Sintomas Neur\u00f3ticos:** Ansiedade, fobias, e outros sintomas neurot\u00edcos podem ser express\u00f5es indiretas de conte\u00fados reprimidos que tentam emergir para a consci\u00eancia.<\/li>\n<\/ul>\n\n\n\n\n<h2 class=\"wp-block-heading\">Como tratar o recalque na psican\u00e1lise?<\/h2>\n\n\n<p><\/p>A psican\u00e1lise acredita que, para reduzir os efeitos negativos do recalque, \u00e9 necess\u00e1rio trazer esses conte\u00fados reprimidos \u00e0 consci\u00eancia. Dessa forma, terapia, autoconhecimento e at\u00e9 a an\u00e1lise dos sonhos s\u00e3o formas de acessar esses conte\u00fados e integr\u00e1-los \u00e0 vida de forma saud\u00e1vel.<br \/>\n\n\n\n\n<h2 class=\"wp-block-heading\">Quais s\u00e3o os tipos de recalque na psican\u00e1lise?<\/h2>\n\n\n\n<h2 class=\"wp-block-heading\">Quais s\u00e3o os tipos de recalque?<\/h2>\n\n\n<p><\/p>H\u00e1 dois tipos de recalques: recalque uniforme (ou absoluto) e o recalque diferencial, que pode acontecer com ou sem distor\u00e7\u00e3o angular. Tr\u00eas principais tipos de recalque: (a) Recalque uniforme; (b) Recalque diferencial de corpo r\u00edgido; (c) Recalque diferencial com distor\u00e7\u00e3o.<br \/>\n\n\n\n\n<h2 class=\"wp-block-heading\">O que seria recalque segundo Freud?<\/h2>\n\n\n<p><\/p>A ess\u00eancia do recalque, diz Freud, consiste unicamente em &#8220;afastar e manter \u00e0 dist\u00e2ncia do consciente&#8221; (Freud, 1915\/1968, p. 47).<br \/>\n\n\n\n\n<h2 class=\"wp-block-heading\">O que \u00e9 recalque exemplos?<\/h2>\n\n\n<p><\/p>A diferen\u00e7a entre recalque e repress\u00e3o \u00e9 que o recalque acontece a n\u00edvel inconsciente enquanto a repress\u00e3o \u00e9 consciente. Um exemplo de recalque \u00e9 uma pessoa que foi duramente criticada quando crian\u00e7a porque falava muito e, ao crescer, desenvolveu gagueira.<br \/>\n\n\n\n\n<h2 class=\"wp-block-heading\">Qual a diferen\u00e7a entre os recalques?<\/h2>\n\n\n<p><\/p>Ele ainda pode ser dividido em dois subgrupos. S\u00e3o eles: Recalque de corpo r\u00edgido \u2013 Ocorre em estruturas muito r\u00edgidas que t\u00eam os valores de distor\u00e7\u00e3o angular constantes; Recalque de distor\u00e7\u00e3o angular \u2013 Acontece em estruturas que afundam de forma incompat\u00edvel, possuindo valores de distor\u00e7\u00e3o angular diferentes.<br \/>\n\n\n\n\n<h2 class=\"wp-block-heading\">O que provoca o recalque?<\/h2>\n\nEm linhas gerais, \u00e9 poss\u00edvel afirmar que o recalque \u00e9 o \u201cproduto\u201d da intera\u00e7\u00e3o do solo com a carga, no caso a constru\u00e7\u00e3o. A causa \u00e9 o adensamento ou acomoda\u00e7\u00e3o do solo por conta da press\u00e3o, tens\u00e3o ou mudan\u00e7a de volume. Em outras palavras, \u00e9 quando a constru\u00e7\u00e3o se \u201cafunda\u201d no solo.<br \/>\n\n\n\n\n<h2 class=\"wp-block-heading\">O que causa o recalque?<\/h2>\n\n\n<p><\/p>Em linhas gerais, \u00e9 poss\u00edvel afirmar que o recalque \u00e9 o \u201cproduto\u201d da intera\u00e7\u00e3o do solo com a carga, no caso a constru\u00e7\u00e3o. A causa \u00e9 o adensamento ou acomoda\u00e7\u00e3o do solo por conta da press\u00e3o, tens\u00e3o ou mudan\u00e7a de volume. Em outras palavras, \u00e9 quando a constru\u00e7\u00e3o se \u201cafunda\u201d no solo.<br \/>\n\n\n\n\n<h2 class=\"wp-block-heading\">Porque o recalque acontece?<\/h2>\n\n\n<p><\/p>O recalque acontece porque nossa mente busca evitar o sofrimento. Mas o problema \u00e9 que ignorar um problema n\u00e3o faz com que ele desapare\u00e7a \u2013 apenas o esconde. Com o tempo, conte\u00fados recalcados podem surgir como ansiedade, fobias ou comportamentos autossabotadores.<br \/>\n\n\n\n\n<h2 class=\"wp-block-heading\">Como ocorre o recalque?<\/h2>\n\n\n<p><\/p>Para que o recalque ocorra, \u00e9 necess\u00e1rio que a for\u00e7a motora do desprazer adquira maior intensidade do que o prazer obtido pela satisfa\u00e7\u00e3o. Esse duelo de for\u00e7as n\u00e3o est\u00e1 presente desde sempre. O recalque s\u00f3 se instaura na medida em que ocorre uma cis\u00e3o ps\u00edquica entre a atividade mental consciente e a do inconsciente.<br \/>\n\n\n","protected":false},"excerpt":{"rendered":"<p>O que \u00e9 recalque para a psican\u00e1lise? A ess\u00eancia do recalque, diz Freud, consiste unicamente em &#8220;afastar e manter \u00e0 dist\u00e2ncia do consciente&#8221; (Freud, 1915\/1968, p. 47). os representantes destas puls\u00f5es, nesta zona da vida ps\u00edquica nomeada inconsciente. A raz\u00e3o desse afastamento que diz respeito \u00e0s representa\u00e7\u00f5es, parece ser afectiva. Qual \u00e9 o conceito de [&hellip;]<\/p>\n","protected":false},"author":2,"featured_media":0,"comment_status":"open","ping_status":"closed","sticky":false,"template":"","format":"standard","meta":{"footnotes":""},"categories":[1],"tags":[],"class_list":["post-2254","post","type-post","status-publish","format-standard","hentry","category-conteudo"],"_links":{"self":[{"href":"https:\/\/ammabarbacena.com.br\/perguntas-frequentes\/wp-json\/wp\/v2\/posts\/2254","targetHints":{"allow":["GET"]}}],"collection":[{"href":"https:\/\/ammabarbacena.com.br\/perguntas-frequentes\/wp-json\/wp\/v2\/posts"}],"about":[{"href":"https:\/\/ammabarbacena.com.br\/perguntas-frequentes\/wp-json\/wp\/v2\/types\/post"}],"author":[{"embeddable":true,"href":"https:\/\/ammabarbacena.com.br\/perguntas-frequentes\/wp-json\/wp\/v2\/users\/2"}],"replies":[{"embeddable":true,"href":"https:\/\/ammabarbacena.com.br\/perguntas-frequentes\/wp-json\/wp\/v2\/comments?post=2254"}],"version-history":[{"count":1,"href":"https:\/\/ammabarbacena.com.br\/perguntas-frequentes\/wp-json\/wp\/v2\/posts\/2254\/revisions"}],"predecessor-version":[{"id":2255,"href":"https:\/\/ammabarbacena.com.br\/perguntas-frequentes\/wp-json\/wp\/v2\/posts\/2254\/revisions\/2255"}],"wp:attachment":[{"href":"https:\/\/ammabarbacena.com.br\/perguntas-frequentes\/wp-json\/wp\/v2\/media?parent=2254"}],"wp:term":[{"taxonomy":"category","embeddable":true,"href":"https:\/\/ammabarbacena.com.br\/perguntas-frequentes\/wp-json\/wp\/v2\/categories?post=2254"},{"taxonomy":"post_tag","embeddable":true,"href":"https:\/\/ammabarbacena.com.br\/perguntas-frequentes\/wp-json\/wp\/v2\/tags?post=2254"}],"curies":[{"name":"wp","href":"https:\/\/api.w.org\/{rel}","templated":true}]}}