{"id":22507,"date":"2025-08-09T13:56:25","date_gmt":"2025-08-09T13:56:25","guid":{"rendered":"http:\/\/fba581d9-4c53-429d-8d2e-c8538bce4430"},"modified":"2025-08-09T13:56:25","modified_gmt":"2025-08-09T13:56:25","slug":"o-que-e-adinamia","status":"publish","type":"post","link":"https:\/\/ammabarbacena.com.br\/perguntas-frequentes\/o-que-e-adinamia\/","title":{"rendered":"O que \u00e9 adinamia"},"content":{"rendered":"\n\n<h2 class=\"wp-block-heading\">O que \u00e9 adinamia na medicina?<\/h2>\n\n\n\n<h2 class=\"wp-block-heading\">O que \u00e9 quadro de adinamia?<\/h2>\n\n\n<p><\/p>Adinamia \u00e9 um termo m\u00e9dico (do latim a, \u201cnega\u00e7\u00e3o\u201d e dynamis, \u201cfor\u00e7a\u201d) usado para designar a redu\u00e7\u00e3o da for\u00e7a muscular, debilita\u00e7\u00e3o muscular e fraqueza. Uma indisposi\u00e7\u00e3o geral. As causas podem ser f\u00edsicas ou psicol\u00f3gicas.<br \/>\n\n\n\n\n<h2 class=\"wp-block-heading\">Qual a diferen\u00e7a entre astenia e adinamia?<\/h2>\n\n\n<p><\/p>Estado de prostra\u00e7\u00e3o f\u00edsica e\/ou moral; debilidade geral, falta de for\u00e7as, astenia extrema. A indisposi\u00e7\u00e3o e adinamia, aquela sensa\u00e7\u00e3o de que estamos sempre cansados, por vezes a pessoa j\u00e1 acorda cansada.<br \/>\n\n\n\n\n<h2 class=\"wp-block-heading\">O que \u00e9 adinamia na enfermagem?<\/h2>\n\n\n<p><\/p>ADINAMIA: INDISPOSI\u00c7\u00c3O . ALGIA: DOR. AN\u00daRIA: DIURESE ABAIXO DE100ML\/24HS.<br \/>\n\n\n\n\n<h2 class=\"wp-block-heading\">Qual exame detecta o esgotamento f\u00edsico?<\/h2>\n\n\n<p><\/p>\n\n<ul class=\"wp-block-list\">\n<li>Exame f\u00edsico<\/li>\n<li> O exame neurol\u00f3gico deve englobar, no m\u00ednimo, testes do estado mental, pares cranianos, humor, afeto, for\u00e7a, t\u00f4nus e massa muscular, reflexos e marcha. Se a fadiga \u00e9 de in\u00edcio recente, um exame focalizado geralmente revelar\u00e1 a causa.<\/li>\n<\/ul>\n\n\n\n\n<h2 class=\"wp-block-heading\">O que pode causar adinamia?<\/h2>\n\nA fraqueza muscular, tamb\u00e9m conhecida como adinamia ou astenia, \u00e9 comum ap\u00f3s a realiza\u00e7\u00e3o de um grande esfor\u00e7o f\u00edsico. Por exemplo, ap\u00f3s participar numa maratona ou realizar exerc\u00edcio no gin\u00e1sio em excesso, ou ap\u00f3s a repeti\u00e7\u00e3o da mesma tarefa\/a\u00e7\u00e3o durante muito tempo, entre outras causas.<br \/>\n\n\n\n\n<h2 class=\"wp-block-heading\">O que causa adinamia?<\/h2>\n\n\n<p><\/p>A fraqueza muscular, tamb\u00e9m conhecida como adinamia ou astenia, \u00e9 comum ap\u00f3s a realiza\u00e7\u00e3o de um grande esfor\u00e7o f\u00edsico. Por exemplo, ap\u00f3s participar numa maratona ou realizar exerc\u00edcio no gin\u00e1sio em excesso, ou ap\u00f3s a repeti\u00e7\u00e3o da mesma tarefa\/a\u00e7\u00e3o durante muito tempo, entre outras causas.<br \/>\n\n\n\n\n<h2 class=\"wp-block-heading\">O que \u00e9 um paciente com adinamia?<\/h2>\n\n\n<p><\/p>Adinamia \u00e9 o estado de prostra\u00e7\u00e3o f\u00edsica e\/ou moral, falta de for\u00e7as, a diminui\u00e7\u00e3o acentuada de for\u00e7a e de atividade, ao menos no idioma p\u00e1trio, explica Aur\u00e9lio, diz-se do medicamento que evita ou atenua a depress\u00e3o, ou da subst\u00e2ncia que estimula o \u00e2nimo de um paciente em depress\u00e3o.<br \/>\n\n\n\n\n<h2 class=\"wp-block-heading\">Quais s\u00e3o as causas da astenia?<\/h2>\n\n\n<p><\/p>A astenia \u00e9 tipicamente causada por condi\u00e7\u00f5es de sa\u00fade subjacentes. As causas podem ser agudas, como no caso de infec\u00e7\u00e3o (por exemplo, meningite ), que pode levar \u00e0 rigidez muscular; ou descompensa\u00e7\u00e3o card\u00edaca (ou seja, devido a ataque card\u00edaco ou derrame ).<br \/>\n\n\n\n\n<h2 class=\"wp-block-heading\">O que \u00e9 adinamia em psiquiatria?<\/h2>\n\n\n\n<h2 class=\"wp-block-heading\">Qual \u00e9 o termo t\u00e9cnico para adinamia?<\/h2>\n\n\n<p><\/p>Adinamia \u00e9 um termo m\u00e9dico (do latim a, \u201cnega\u00e7\u00e3o\u201d e dynamis, \u201cfor\u00e7a\u201d) usado para designar a redu\u00e7\u00e3o da for\u00e7a muscular, debilita\u00e7\u00e3o muscular e fraqueza. Uma indisposi\u00e7\u00e3o geral.<br \/>\n\n\n\n\n<h2 class=\"wp-block-heading\">O que \u00e9 astenia f\u00edsica e mental?<\/h2>\n\n\n<p><\/p>Astenia \u00e9 definida como uma condi\u00e7\u00e3o caracterizada por fraqueza generalizada e fadiga f\u00edsica e mental, resultante da perda de for\u00e7a no corpo como um todo ou em partes espec\u00edficas.<br \/>\n\n\n\n\n<h2 class=\"wp-block-heading\">Qual \u00e9 a diferen\u00e7a entre adinamia e astenia?<\/h2>\n\nASTENIA E ADINAMIA Astenia: Fraqueza, fadiga, desgaste f\u00edsico, mental e exaust\u00e3o. Adinamia: Falta de for\u00e7as\/debilidade para iniciar uma determinada atividade.<br \/>\n\n\n\n\n<h2 class=\"wp-block-heading\">O que s\u00e3o astenia e adinamia?<\/h2>\n\n\n<p><\/p>A fraqueza muscular, tamb\u00e9m conhecida como adinamia ou astenia, \u00e9 comum ap\u00f3s a realiza\u00e7\u00e3o de um grande esfor\u00e7o f\u00edsico. Por exemplo, ap\u00f3s participar numa maratona ou realizar exerc\u00edcio no gin\u00e1sio em excesso, ou ap\u00f3s a repeti\u00e7\u00e3o da mesma tarefa\/a\u00e7\u00e3o durante muito tempo, entre outras causas.<br \/>\n\n\n\n\n<h2 class=\"wp-block-heading\">O que significa astenia?<\/h2>\n\n\n<p><\/p>Astenia ou debilidade (do grego a-\/an-, &#8220;sem&#8221; e sth\u00e9nos, &#8220;vigor&#8221;) \u00e9 um termo empregado em medicina para designar uma fraqueza org\u00e2nica, por\u00e9m sem perda real da capacidade muscular. Caso ocorra perda muscular, passa a ser chamado de miastenia. J\u00e1 a fraqueza mental \u00e9 chamada de neurastenia.<br \/>\n\n\n\n\n<h2 class=\"wp-block-heading\">O que significa quadro de adinamia?<\/h2>\n\nEssa falta de motiva\u00e7\u00e3o, tamb\u00e9m chamada de adinamia, \u00e9 comum em les\u00f5es nos lobos frontais que ocorrem ap\u00f3s um traumatismo cranioencef\u00e1lico (TCE).<br \/>\n\n\n\n\n<h2 class=\"wp-block-heading\">O que \u00e9 astenia grave?<\/h2>\n\n\n<p><\/p>A astenia \u00e9 caracterizada pela falta de for\u00e7a no organismo, resultando em falta de est\u00edmulo, vontade e disposi\u00e7\u00e3o para realizar movimentos f\u00edsicos ou mentais. Al\u00e9m disso, podem ocorrer problemas de concentra\u00e7\u00e3o, dist\u00farbios do sono, falhas de mem\u00f3ria, altera\u00e7\u00f5es no apetite e diminui\u00e7\u00e3o da libido sexual.<br \/>\n\n\n\n\n<h2 class=\"wp-block-heading\">O que causa a astenia?<\/h2>\n\nA astenia \u00e9 uma condi\u00e7\u00e3o caracterizada por fraqueza, falta de energia, cansa\u00e7o f\u00edsico e intelectual, tremores, lentid\u00e3o nos movimentos e espasmos musculares. Pode ser tempor\u00e1ria ou cr\u00f4nica e ter diversas causas, como gripes, problemas de tireoide, defici\u00eancias vitam\u00ednicas ou exposi\u00e7\u00e3o a tratamentos como quimioterapia.<br \/>\n\n\n\n\n<h2 class=\"wp-block-heading\">O que pode causar astenia?<\/h2>\n\n\n<p><\/p>Exemplos de condi\u00e7\u00f5es que podem causar astenia incluem infec\u00e7\u00e3o, infarto do mioc\u00e1rdio , c\u00e2ncer, esclerose m\u00faltipla e miastenia gravis . Um indiv\u00edduo com astenia pode sentir uma sensa\u00e7\u00e3o subjetiva de fraqueza f\u00edsica, emocional ou cognitiva que \u00e9 desproporcional \u00e0 atividade di\u00e1ria que est\u00e1 realizando.<br \/>\n\n\n\n\n<h2 class=\"wp-block-heading\">Qual \u00e9 a diferen\u00e7a entre astenia e fraqueza?<\/h2>\n\n\n<p><\/p>Fadiga geralmente se refere \u00e0 sensa\u00e7\u00e3o de cansa\u00e7o, que resulta de esfor\u00e7o f\u00edsico ou psicol\u00f3gico. Por outro lado, astenia se refere \u00e0 fraqueza corporal que uma pessoa sente independentemente de qualquer tipo de esfor\u00e7o f\u00edsico ou mental.<br \/>\n\n\n\n\n<h2 class=\"wp-block-heading\">Qual a diferen\u00e7a entre fadiga e astenia?<\/h2>\n\n\n<p><\/p>Normalmente, a fadiga deveria ser apenas uma imita\u00e7\u00e3o, a curto prazo, das atividades f\u00edsicas ou intelectuais. Mas, em alguns momentos, a fadiga pode representar uma doen\u00e7a: quando n\u00e3o melhora mesmo ap\u00f3s o repouso. Os m\u00e9dicos \u00e0s vezes chamam esse tipo de fadiga de \u201c astenia \u201d.<br \/>\n\n\n","protected":false},"excerpt":{"rendered":"<p>O que \u00e9 adinamia na medicina? O que \u00e9 quadro de adinamia? Adinamia \u00e9 um termo m\u00e9dico (do latim a, \u201cnega\u00e7\u00e3o\u201d e dynamis, \u201cfor\u00e7a\u201d) usado para designar a redu\u00e7\u00e3o da for\u00e7a muscular, debilita\u00e7\u00e3o muscular e fraqueza. Uma indisposi\u00e7\u00e3o geral. As causas podem ser f\u00edsicas ou psicol\u00f3gicas. Qual a diferen\u00e7a entre astenia e adinamia? Estado de [&hellip;]<\/p>\n","protected":false},"author":2,"featured_media":0,"comment_status":"open","ping_status":"closed","sticky":false,"template":"","format":"standard","meta":{"footnotes":""},"categories":[1],"tags":[],"class_list":["post-22507","post","type-post","status-publish","format-standard","hentry","category-conteudo"],"_links":{"self":[{"href":"https:\/\/ammabarbacena.com.br\/perguntas-frequentes\/wp-json\/wp\/v2\/posts\/22507","targetHints":{"allow":["GET"]}}],"collection":[{"href":"https:\/\/ammabarbacena.com.br\/perguntas-frequentes\/wp-json\/wp\/v2\/posts"}],"about":[{"href":"https:\/\/ammabarbacena.com.br\/perguntas-frequentes\/wp-json\/wp\/v2\/types\/post"}],"author":[{"embeddable":true,"href":"https:\/\/ammabarbacena.com.br\/perguntas-frequentes\/wp-json\/wp\/v2\/users\/2"}],"replies":[{"embeddable":true,"href":"https:\/\/ammabarbacena.com.br\/perguntas-frequentes\/wp-json\/wp\/v2\/comments?post=22507"}],"version-history":[{"count":1,"href":"https:\/\/ammabarbacena.com.br\/perguntas-frequentes\/wp-json\/wp\/v2\/posts\/22507\/revisions"}],"predecessor-version":[{"id":22508,"href":"https:\/\/ammabarbacena.com.br\/perguntas-frequentes\/wp-json\/wp\/v2\/posts\/22507\/revisions\/22508"}],"wp:attachment":[{"href":"https:\/\/ammabarbacena.com.br\/perguntas-frequentes\/wp-json\/wp\/v2\/media?parent=22507"}],"wp:term":[{"taxonomy":"category","embeddable":true,"href":"https:\/\/ammabarbacena.com.br\/perguntas-frequentes\/wp-json\/wp\/v2\/categories?post=22507"},{"taxonomy":"post_tag","embeddable":true,"href":"https:\/\/ammabarbacena.com.br\/perguntas-frequentes\/wp-json\/wp\/v2\/tags?post=22507"}],"curies":[{"name":"wp","href":"https:\/\/api.w.org\/{rel}","templated":true}]}}