{"id":2200,"date":"2025-07-17T06:48:34","date_gmt":"2025-07-17T06:48:34","guid":{"rendered":"http:\/\/96baef0d-4d26-4ec9-b9e4-d450a71a8a68"},"modified":"2025-07-17T06:48:34","modified_gmt":"2025-07-17T06:48:34","slug":"o-que-e-restricao-administrativa-no-renavam","status":"publish","type":"post","link":"https:\/\/ammabarbacena.com.br\/perguntas-frequentes\/o-que-e-restricao-administrativa-no-renavam\/","title":{"rendered":"O que \u00e9 restricao administrativa no renavam"},"content":{"rendered":"\n\n<h2 class=\"wp-block-heading\">O que acontece quando o ve\u00edculo est\u00e1 com restri\u00e7\u00e3o administrativa?<\/h2>\n\nQuando um ve\u00edculo est\u00e1 com restri\u00e7\u00e3o administrativa, acontece o bloqueio de algumas transa\u00e7\u00f5es. Assim, ele n\u00e3o pode ser licenciado, vendido ou transferido para outro propriet\u00e1rio. E sem o licenciamento, n\u00e3o pode nem pode circular.<br \/>\n\n\n\n\n<h2 class=\"wp-block-heading\">Porque o carro fica com restri\u00e7\u00e3o administrativa?<\/h2>\n\n\n<p><\/p>Um ve\u00edculo recebe uma Restri\u00e7\u00e3o Administrativa quando n\u00e3o \u00e9 transferido para o novo comprador no prazo estipulado pelo Detran. Funciona assim: Sempre que um ve\u00edculo \u00e9 comprado, ele deve ser transferido para o nome do comprador em at\u00e9 30 dias corridos (contando finais de semana e feriados) ap\u00f3s a compra.<br \/>\n\n\n\n\n<h2 class=\"wp-block-heading\">Quanto tempo sai uma restri\u00e7\u00e3o administrativa?<\/h2>\n\n\n<p><\/p>A restri\u00e7\u00e3o administrativa por documento pode acontecer quando existem erros nos documentos do ve\u00edculo, como no CRLV, por exemplo. O prazo para regulariza\u00e7\u00e3o tamb\u00e9m \u00e9 de at\u00e9 30 dias.<br \/>\n\n\n\n\n<h2 class=\"wp-block-heading\">Como posso resolver a restri\u00e7\u00e3o administrativa do meu ve\u00edculo?<\/h2>\n\n\n<p><\/p>\n\n<ul class=\"wp-block-list\">\n<li>Solicite a retirada da restri\u00e7\u00e3o. Solicite o desbloqueio do ve\u00edculo no Sistema Eletr\u00f4nico de Informa\u00e7\u00f5es SEI pelo requerimento DETRAN Ve\u00edculos: Solicitar a Retirada do Bloqueio Administrativo para Ve\u00edculo Vendido sem Preenchimento do CRV. &#8230;<\/li>\n<li>Receba o retorno do pedido.<\/li>\n<\/ul>\n\n\n\n\n<h2 class=\"wp-block-heading\">Quanto tempo demora para sair o bloqueio diversos?<\/h2>\n\n\n<p><\/p>Solicitamos que aguarde o prazo de 10 dias \u00fateis para desbloqueio. Caso o desbloqueio n\u00e3o ocorra, ser\u00e1 necess\u00e1rio comparecer \u00e0 unidade Detran, mediante agendamento pr\u00e9vio, para solicitar, via sistema SEI, o desbloqueio do ve\u00edculo.<br \/>\n\n\n\n\n<h2 class=\"wp-block-heading\">Quanto tempo demora para sair a restri\u00e7\u00e3o administrativa do documento?<\/h2>\n\nPara ve\u00edculos com laudo de vistoria aprovado, o servi\u00e7o de desbloqueio \u00e9 realizado automaticamente em at\u00e9 2 (dois) dias \u00fateis ap\u00f3s a emiss\u00e3o do laudo.<br \/>\n\n\n\n\n<h2 class=\"wp-block-heading\">Quando sai restri\u00e7\u00e3o administrativa no documento do ve\u00edculo?<\/h2>\n\n\n<p><\/p>O que \u00e9 restri\u00e7\u00e3o administrativa no documento do carro? A restri\u00e7\u00e3o administrativa \u00e9 um bloqueio de ve\u00edculos feito por \u00f3rg\u00e3os de tr\u00e2nsito, como o Detran. Esse bloqueio impede a transfer\u00eancia, venda ou, em alguns casos, at\u00e9 mesmo a circula\u00e7\u00e3o, e essa medida \u00e9 tomada quando \u00e9 constatada alguma irregularidade.<br \/>\n\n\n\n\n<h2 class=\"wp-block-heading\">Pode transferir ve\u00edculo com restri\u00e7\u00e3o administrativa?<\/h2>\n\n\n<p><\/p>N\u00e3o, um ve\u00edculo com restri\u00e7\u00e3o administrativa n\u00e3o pode ser transferido at\u00e9 que todas as pend\u00eancias que originaram o bloqueio sejam resolvidas. O bloqueio impede a atualiza\u00e7\u00e3o da propriedade no sistema do Detran.<br \/>\n\n\n\n\n<h2 class=\"wp-block-heading\">Que quer dizer restri\u00e7\u00e3o administrativa no documento?<\/h2>\n\n\n<p><\/p>Estar com os impostos atrasados (licenciamento e IPVA) e n\u00e3o cumprir o prazo de 30 dias para a transfer\u00eancia da propriedade do ve\u00edculo s\u00e3o a\u00e7\u00f5es que podem impedir que um carro circule ou seja vendido para outra pessoa. Essa situa\u00e7\u00e3o \u00e9 conhecida como restri\u00e7\u00e3o administrativa.<br \/>\n\n\n\n\n<h2 class=\"wp-block-heading\">Como posso remover uma restri\u00e7\u00e3o administrativa do meu ve\u00edculo?<\/h2>\n\n\n<p><\/p>Para remover a restri\u00e7\u00e3o administrativa de um ve\u00edculo, seu propriet\u00e1rio precisa regularizar a situa\u00e7\u00e3o, pagando poss\u00edveis multas pendentes e impostos em atraso, como IPVA e licenciamento. Em seguida, ele deve solicitar a retirada da restri\u00e7\u00e3o no Detran de seu estado.<br \/>\n\n\n\n\n<h2 class=\"wp-block-heading\">Pode andar com o ve\u00edculo com restri\u00e7\u00e3o administrativa?<\/h2>\n\n\n<p><\/p>Ve\u00edculo com restri\u00e7\u00e3o administrativa pode rodar? N\u00e3o! Al\u00e9m de impossibilitar o seu carro de rodar, a restri\u00e7\u00e3o administrativa pode acumular pontos na carteira. Tamb\u00e9m vale dizer que o dono do ve\u00edculo n\u00e3o pode efetuar transa\u00e7\u00f5es normais, como vender ou transferir o autom\u00f3vel para outra pessoa.<br \/>\n\n\n\n\n<h2 class=\"wp-block-heading\">O que \u00e9 a Restri\u00e7\u00e3o Administrativa do Detran-ES?<\/h2>\n\n* Restri\u00e7\u00e3o Administrativa: \u00e9 o registro inclu\u00eddo no cadastro informatizado do DETRAN\/ES, que impede qualquer transa\u00e7\u00e3o com o ve\u00edculo, em todo o territ\u00f3rio nacional, como tamb\u00e9m seu licenciamento.<br \/>\n\n\n\n\n<h2 class=\"wp-block-heading\">O que acontece quando um ve\u00edculo est\u00e1 com restri\u00e7\u00e3o administrativa?<\/h2>\n\n\n<p><\/p>Quando um ve\u00edculo est\u00e1 com restri\u00e7\u00e3o administrativa, acontece o bloqueio de algumas transa\u00e7\u00f5es. Assim, ele n\u00e3o pode ser licenciado, vendido ou transferido para outro propriet\u00e1rio. E sem o licenciamento, n\u00e3o pode nem pode circular.<br \/>\n\n\n\n\n<h2 class=\"wp-block-heading\">O que \u00e9 infra\u00e7\u00e3o com pend\u00eancia administrativa?<\/h2>\n\n\n<p><\/p>Um ve\u00edculo com restri\u00e7\u00e3o administrativa \u00e9 aquele que tem algum bloqueio oficial registrado no DETRAN ou em outros \u00f3rg\u00e3os. Esse bloqueio \u00e9 tipo uma trava no sistema e impede a\u00e7\u00f5es como venda, transfer\u00eancia de propriedade ou emiss\u00e3o de documentos.<br \/>\n\n\n\n\n<h2 class=\"wp-block-heading\">Como retirar restri\u00e7\u00e3o administrativa comunica\u00e7\u00e3o de venda?<\/h2>\n\n\n<p><\/p>Para remover a restri\u00e7\u00e3o, o propriet\u00e1rio do ve\u00edculo deve comparecer ao Detran, explicar a situa\u00e7\u00e3o e solicitar a emiss\u00e3o de um novo CRLV, j\u00e1 atualizado e livre de bloqueios.<br \/>\n\n\n\n\n<h2 class=\"wp-block-heading\">O que \u00e9 restri\u00e7\u00e3o ativa no Detran?<\/h2>\n\n\n<p><\/p>Essa restri\u00e7\u00e3o acontece quando o propriet\u00e1rio deixa que aconte\u00e7a algum problema com a documenta\u00e7\u00e3o do carro, como n\u00e3o pagar multas de d\u00e9bitos ou comunicar a venda ao Detran, isso pode acontecer tamb\u00e9m caso passe os 30 dias do prazo para que seja feita a transfer\u00eancia de propriedade.<br \/>\n\n\n\n\n<h2 class=\"wp-block-heading\">Porque aparece no documento restri\u00e7\u00e3o administrativa?<\/h2>\n\n\n<p><\/p>Em linhas gerais, a restri\u00e7\u00e3o administrativa e bloqueio do ve\u00edculo ocorre quando a transfer\u00eancia de propriedade n\u00e3o \u00e9 feita pelo novo propriet\u00e1rio do bem. Como consequ\u00eancia, qualquer infra\u00e7\u00e3o cometida pelo novo propriet\u00e1rio \u00e9 automaticamente atribu\u00edda ao nome do antigo dono do ve\u00edculo.<br \/>\n\n\n\n\n<h2 class=\"wp-block-heading\">Como tirar restri\u00e7\u00e3o administrativa de comunica\u00e7\u00e3o de venda?<\/h2>\n\nPara retirar a restri\u00e7\u00e3o administrativa de comunica\u00e7\u00e3o de venda, o propriet\u00e1rio deve comparecer ao Detran, explicar a situa\u00e7\u00e3o e solicitar a remo\u00e7\u00e3o da restri\u00e7\u00e3o. Ap\u00f3s a regulariza\u00e7\u00e3o, o Detran emitir\u00e1 um novo Certificado de Registro e Licenciamento de Ve\u00edculo (CRLV) atualizado, sem a restri\u00e7\u00e3o.<br \/>\n\n\n\n\n<h2 class=\"wp-block-heading\">Como resolver restri\u00e7\u00e3o administrativa de comunica\u00e7\u00e3o de venda?<\/h2>\n\n\n<p><\/p>Como retirar a restri\u00e7\u00e3o administrativa de comunica\u00e7\u00e3o de venda? Para retirar a restri\u00e7\u00e3o administrativa de comunica\u00e7\u00e3o de venda, o propriet\u00e1rio deve comparecer ao Detran, explicar a situa\u00e7\u00e3o e solicitar a remo\u00e7\u00e3o da restri\u00e7\u00e3o.<br \/>\n\n\n\n\n<h2 class=\"wp-block-heading\">Quanto custa para tirar um comunicado de venda?<\/h2>\n\n\n<p><\/p>H\u00e1 cart\u00f3rios que cobram cerca de R$ 50 pelo documento.<br \/>\n\n\n\n\n<h2 class=\"wp-block-heading\">Como remover comunica\u00e7\u00e3o de venda?<\/h2>\n\n\n<p><\/p>Para cancelar o comunicado de venda de ve\u00edculo, \u00e9 necess\u00e1rio que o antigo propriet\u00e1rio v\u00e1 at\u00e9 o Detran com a documenta\u00e7\u00e3o do carro e fa\u00e7a uma solicita\u00e7\u00e3o formal. Esse processo \u00e9 importante, pois a falta de cancelamento pode gerar multas, IPVA e licenciamento para o propriet\u00e1rio que desistiu da venda.<br \/>\n\n\n\n\n<h2 class=\"wp-block-heading\">Tem como transferir um ve\u00edculo com restri\u00e7\u00e3o administrativa?<\/h2>\n\n\n<p><\/p>Saiba o que \u00e9 um ve\u00edculo com restri\u00e7\u00e3o administrativa e veja como regularizar a sua situa\u00e7\u00e3o no Detran. Um ve\u00edculo que tem restri\u00e7\u00f5es fica impedido de ser transferido ou vendido, por isso, antes de negociar ve\u00edculos usados ou seminovos, \u00e9 melhor fazer uma consulta de placa completa!<br \/>\n\n\n\n\n<h2 class=\"wp-block-heading\">Como saber o motivo da restri\u00e7\u00e3o administrativa?<\/h2>\n\n\n<p><\/p>Acesse o site do Detran do seu estado e fa\u00e7a a consulta da situa\u00e7\u00e3o do ve\u00edculo ou a pesquisa de d\u00e9bitos e restri\u00e7\u00f5es. Cada Detran tem seu pr\u00f3prio padr\u00e3o de servi\u00e7os, por isso, a forma de consultar e as informa\u00e7\u00f5es solicitadas variam de um estado para o outro.<br \/>\n\n\n\n\n<h2 class=\"wp-block-heading\">O que \u00e9 necess\u00e1rio para cancelar comunica\u00e7\u00e3o de venda?<\/h2>\n\n\n<p><\/p>\n\n<ul class=\"wp-block-list\">\n<li>Requerimento de Baixa de Comunica\u00e7\u00e3o de Venda. Documento preenchido e assinado pelo propriet\u00e1rio vendedor.<\/li>\n<li>Carteira de Identidade. &#8230;<\/li>\n<li>CPF &#8211; Cadastro de Pessoa F\u00edsica. &#8230;<\/li>\n<li>Declara\u00e7\u00e3o conjunta de desist\u00eancia da venda do ve\u00edculo. &#8230;<\/li>\n<li>CRV &#8211; Certificado de Registro de Ve\u00edculo.<\/li>\n<\/ul>\n\n\n\n\n<h2 class=\"wp-block-heading\">Pode circular com restri\u00e7\u00e3o administrativa?<\/h2>\n\nPosso circular com ve\u00edculo que tem restri\u00e7\u00e3o administrativa? A resposta \u00e9 simples: n\u00e3o \u00e9 poss\u00edvel circular com ve\u00edculo que tem bloqueio administrativo.<br \/>\n\n\n\n\n<h2 class=\"wp-block-heading\">Pode andar com o carro com restri\u00e7\u00e3o administrativa?<\/h2>\n\n\n<p><\/p>Ve\u00edculo com restri\u00e7\u00e3o administrativa pode rodar? N\u00e3o! Al\u00e9m de impossibilitar o seu carro de rodar, a restri\u00e7\u00e3o administrativa pode acumular pontos na carteira. Tamb\u00e9m vale dizer que o dono do ve\u00edculo n\u00e3o pode efetuar transa\u00e7\u00f5es normais, como vender ou transferir o autom\u00f3vel para outra pessoa.<br \/>\n\n\n\n\n<h2 class=\"wp-block-heading\">O que fazer quando tem restri\u00e7\u00e3o administrativa?<\/h2>\n\n\n<p><\/p>A \u00fanica forma de tirar a Restri\u00e7\u00e3o Administrativa de ve\u00edculo \u00e9 regularizando a situa\u00e7\u00e3o.<br \/>\n\n\n\n\n<h2 class=\"wp-block-heading\">Pode circular com carro com bloqueio administrativo?<\/h2>\n\n\n<p><\/p>Para evitar problemas, voc\u00ea n\u00e3o deve circular com ve\u00edculo que tem algum bloqueio administrativo. Motoristas que forem pegos dirigindo um ve\u00edculo que tenha irregularidades e pend\u00eancias, podem tomar uma multa m\u00e9dia, no valor de R$ 130,16, al\u00e9m de 4 pontos na CNH.<br \/>\n\n\n\n\n<h2 class=\"wp-block-heading\">Quanto tempo demora para sair restri\u00e7\u00e3o administrativa do Detran?<\/h2>\n\n\n<p><\/p>A restri\u00e7\u00e3o administrativa por documento pode acontecer quando existem erros nos documentos do ve\u00edculo, como no CRLV, por exemplo. O prazo para regulariza\u00e7\u00e3o tamb\u00e9m \u00e9 de at\u00e9 30 dias.<br \/>\n\n\n\n\n<h2 class=\"wp-block-heading\">Como saber se meu ve\u00edculo est\u00e1 em busca e apreens\u00e3o?<\/h2>\n\nPara verificar a situa\u00e7\u00e3o, \u00e9 poss\u00edvel fazer uma consulta de busca e apreens\u00e3o no site do Tribunal de Justi\u00e7a do seu estado. Basta acessar o site e procurar op\u00e7\u00f5es como Acompanhamento Processual, Consulta Processual ou Consulta de Processos (o nome varia de acordo com o estado).<br \/>\n\n\n\n\n<h2 class=\"wp-block-heading\">Como verificar se o ve\u00edculo est\u00e1 com busca e apreens\u00e3o?<\/h2>\n\n\n<p><\/p>Geralmente \u00e9 bem simples verificar se o ve\u00edculo est\u00e1 alienado ou com pedido de busca e apreens\u00e3o. Para isso, \u00e9 necess\u00e1rio contar com o n\u00famero da placa e do RENAVAM. Com esses dados em m\u00e3os, acesse o site do DETRAN do Estado de registro do autom\u00f3vel.<br \/>\n\n\n\n\n<h2 class=\"wp-block-heading\">Quanto tempo leva para um ve\u00edculo entrar em busca e apreens\u00e3o?<\/h2>\n\n\n<p><\/p>O tempo que o banco leva para dar entrada no processo de busca e apreens\u00e3o do ve\u00edculo pode variar de acordo com a institui\u00e7\u00e3o financeira e as condi\u00e7\u00f5es do contrato. Geralmente, os bancos aguardam entre 60 a 90 dias de inadimpl\u00eancia antes de iniciar o procedimento.<br \/>\n\n\n\n\n<h2 class=\"wp-block-heading\">Estou com 70% do carro pago. O banco pode fazer a busca e apreens\u00e3o.?<\/h2>\n\n\n<p><\/p>A resposta curta \u00e9: sim, o banco pode iniciar o processo de busca e apreens\u00e3o mesmo que voc\u00ea tenha pago 70% do financiamento do ve\u00edculo.<br \/>\n\n\n\n\n<h2 class=\"wp-block-heading\">Como posso consultar a situa\u00e7\u00e3o do meu ve\u00edculo?<\/h2>\n\n\n<p><\/p>\n\n<ul class=\"wp-block-list\">\n<li>Realizar login. Voc\u00ea deve realizar o login no Portal de Servi\u00e7os SENATRAN com Certificado Digital ou Login com CPF\/SENHA. &#8230;<\/li>\n<li>Realizar consulta.<\/li>\n<\/ul>\n\n\n","protected":false},"excerpt":{"rendered":"<p>O que acontece quando o ve\u00edculo est\u00e1 com restri\u00e7\u00e3o administrativa? Quando um ve\u00edculo est\u00e1 com restri\u00e7\u00e3o administrativa, acontece o bloqueio de algumas transa\u00e7\u00f5es. Assim, ele n\u00e3o pode ser licenciado, vendido ou transferido para outro propriet\u00e1rio. E sem o licenciamento, n\u00e3o pode nem pode circular. Porque o carro fica com restri\u00e7\u00e3o administrativa? Um ve\u00edculo recebe uma [&hellip;]<\/p>\n","protected":false},"author":2,"featured_media":0,"comment_status":"open","ping_status":"closed","sticky":false,"template":"","format":"standard","meta":{"footnotes":""},"categories":[1],"tags":[],"class_list":["post-2200","post","type-post","status-publish","format-standard","hentry","category-conteudo"],"_links":{"self":[{"href":"https:\/\/ammabarbacena.com.br\/perguntas-frequentes\/wp-json\/wp\/v2\/posts\/2200","targetHints":{"allow":["GET"]}}],"collection":[{"href":"https:\/\/ammabarbacena.com.br\/perguntas-frequentes\/wp-json\/wp\/v2\/posts"}],"about":[{"href":"https:\/\/ammabarbacena.com.br\/perguntas-frequentes\/wp-json\/wp\/v2\/types\/post"}],"author":[{"embeddable":true,"href":"https:\/\/ammabarbacena.com.br\/perguntas-frequentes\/wp-json\/wp\/v2\/users\/2"}],"replies":[{"embeddable":true,"href":"https:\/\/ammabarbacena.com.br\/perguntas-frequentes\/wp-json\/wp\/v2\/comments?post=2200"}],"version-history":[{"count":1,"href":"https:\/\/ammabarbacena.com.br\/perguntas-frequentes\/wp-json\/wp\/v2\/posts\/2200\/revisions"}],"predecessor-version":[{"id":2201,"href":"https:\/\/ammabarbacena.com.br\/perguntas-frequentes\/wp-json\/wp\/v2\/posts\/2200\/revisions\/2201"}],"wp:attachment":[{"href":"https:\/\/ammabarbacena.com.br\/perguntas-frequentes\/wp-json\/wp\/v2\/media?parent=2200"}],"wp:term":[{"taxonomy":"category","embeddable":true,"href":"https:\/\/ammabarbacena.com.br\/perguntas-frequentes\/wp-json\/wp\/v2\/categories?post=2200"},{"taxonomy":"post_tag","embeddable":true,"href":"https:\/\/ammabarbacena.com.br\/perguntas-frequentes\/wp-json\/wp\/v2\/tags?post=2200"}],"curies":[{"name":"wp","href":"https:\/\/api.w.org\/{rel}","templated":true}]}}