{"id":21825,"date":"2025-08-09T05:44:41","date_gmt":"2025-08-09T05:44:41","guid":{"rendered":"http:\/\/82c14c47-a530-463f-ab10-7aeb04a33474"},"modified":"2025-08-09T05:44:41","modified_gmt":"2025-08-09T05:44:41","slug":"quanto-tempo-volta-o-paladar-e-olfato-apos-covid","status":"publish","type":"post","link":"https:\/\/ammabarbacena.com.br\/perguntas-frequentes\/quanto-tempo-volta-o-paladar-e-olfato-apos-covid\/","title":{"rendered":"Quanto tempo volta o paladar e olfato ap\u00f3s covid"},"content":{"rendered":"Quanto tempo dura a perda de olfato e paladar da Covid-19? A maioria dos pacientes apresenta melhora geralmente nas primeiras semanas, entre 14 e 21 dias. Em alguns indiv\u00edduos, a altera\u00e7\u00e3o pode durar mais tempo. H\u00e1 relatos de pessoas que referem dist\u00farbios do olfato por mais de sete meses.<br \/>\n\n\n\n\n<h2 class=\"wp-block-heading\">Por que meu paladar vai e volta?<\/h2>\n\nMesmo que voc\u00ea n\u00e3o chegue a \u201cqueimar\u201d a l\u00edngua, alimentos ou bebidas quentes podem causar mudan\u00e7as no paladar pelo \u201ctrauma\u201d local e tempor\u00e1rio nas papilas gustativas. Por\u00e9m, fique tranquilo, \u00e9 tempor\u00e1rio e, assim que reestabelecer, o paladar volta ao normal.<br \/>\n\n\n\n\n<h2 class=\"wp-block-heading\">O que pode causar altera\u00e7\u00e3o no paladar?<\/h2>\n\n\n<p><\/p>defici\u00eancias vitam\u00ednicas, como defici\u00eancia de Zinco e de vitamina B12; cirurgias ortod\u00f4nticas; cirurgias no ouvido; ser tabagista.<br \/>\n\n\n\n\n<h2 class=\"wp-block-heading\">Quanto tempo o paladar volta ao normal?<\/h2>\n\n\n<p><\/p>Quanto tempo dura a perda de olfato e paladar da Covid-19? A maioria dos pacientes apresenta melhora geralmente nas primeiras semanas, entre 14 e 21 dias. Em alguns indiv\u00edduos, a altera\u00e7\u00e3o pode durar mais tempo. H\u00e1 relatos de pessoas que referem dist\u00farbios do olfato por mais de sete meses.<br \/>\n\n\n\n\n<h2 class=\"wp-block-heading\">O que significa quando o paladar muda?<\/h2>\n\n\n<p><\/p>Segundo a especialista, essas altera\u00e7\u00f5es podem ser causadas por motivos mais simples como o h\u00e1bito de fumar, uso de alguns medicamentos ou at\u00e9 por um ferimento da boca. Mas algumas doen\u00e7as s\u00e9rias tamb\u00e9m podem causar o problema.<br \/>\n\n\n\n\n<h2 class=\"wp-block-heading\">Quais doen\u00e7as est\u00e3o relacionadas ao paladar?<\/h2>\n\n\n<p><\/p>Dist\u00farbios neurol\u00f3gicos, incluindo depress\u00e3o e convuls\u00f5es, podem comprometer o paladar. A distor\u00e7\u00e3o do paladar (disgeusia) pode ser causada por uma inflama\u00e7\u00e3o das gengivas (gengivite) ou por muitas das mesmas condi\u00e7\u00f5es que resultam em perda do paladar e do olfato, incluindo depress\u00e3o e convuls\u00f5es.<br \/>\n\n\n\n\n<h2 class=\"wp-block-heading\">Quais s\u00e3o tr\u00eas fatores que podem afetar o paladar?<\/h2>\n\n\n<p><\/p>Condi\u00e7\u00f5es ou les\u00f5es. Infec\u00e7\u00f5es, problemas de sa\u00fade (incluindo defici\u00eancias nutricionais) e les\u00f5es que afetam estruturas da cabe\u00e7a e do pesco\u00e7o envolvidas no paladar podem levar \u00e0 ageusia. Infec\u00e7\u00f5es de cabe\u00e7a e pesco\u00e7o que podem causar ageusia incluem: COVID-19 .<br \/>\n\n\n\n\n<h2 class=\"wp-block-heading\">A perda de olfato \u00e9 uma sequela da covid?<\/h2>\n\n\n\n<ul class=\"wp-block-list\">\n<li>A origem do dano<\/li>\n<li> J\u00e1 a perda de olfato associada \u00e0 covid-19, segundo Pinna, \u00e9 decorrente da inflama\u00e7\u00e3o desencadeada pelo sars-cov-2 na mucosa olfat\u00f3ria. \u201cIsso leva a uma diminui\u00e7\u00e3o do muco olfat\u00f3rio. N\u00e3o temos visto uma les\u00e3o direta nos neur\u00f4nios olfat\u00f3rios.<\/li>\n<\/ul>\n\n\n\n\n<h2 class=\"wp-block-heading\">Quanto tempo dura a perda de olfato da Covid?<\/h2>\n\n\n<p><\/p>Quanto tempo dura a perda de olfato e paladar da Covid -19? A maioria dos pacientes apresenta melhora geralmente nas primeiras semanas, entre 14 e 21 dias. Em alguns indiv\u00edduos, a altera\u00e7\u00e3o pode durar mais tempo. H\u00e1 relatos de pessoas que referem dist\u00farbios do olfato por mais de sete meses.<br \/>\n\n\n\n\n<h2 class=\"wp-block-heading\">Quais s\u00e3o as sequelas de quem teve covid?<\/h2>\n\n\n<p><\/p>Uma pesquisa realizada pela Funda\u00e7\u00e3o Oswaldo Cruz (Fiocruz), no Rio de Janeiro, constatou que a infec\u00e7\u00e3o pelo coronav\u00edrus deixou sequelas graves e persistentes em uma parcela significativa da popula\u00e7\u00e3o, entre as quais fadiga, dor intramuscular, encefalite mi\u00e1lgica e comprometimento cognitivo.<br \/>\n\n\n\n\n<h2 class=\"wp-block-heading\">Quais s\u00e3o as sequelas da covid no olfato e paladar?<\/h2>\n\n\n<p><\/p>Doze volunt\u00e1rios apresentaram alucina\u00e7\u00f5es olfativas (sentem cheiros que outras pessoas n\u00e3o sentem) e nove pessoas relataram alucina\u00e7\u00f5es gustativas (sentem o gosto de um alimento sem t\u00ea-lo provado). Nos dois casos, a maioria afirmou que essas alucina\u00e7\u00f5es s\u00f3 apareceram ap\u00f3s a infec\u00e7\u00e3o pelo coronav\u00edrus.<br \/>\n\n\n\n\n<h2 class=\"wp-block-heading\">Quais s\u00e3o as causas da perda definitiva do olfato?<\/h2>\n\n\n<p><\/p>Anosmia \u00e9 a perda do olfato, que pode acontecer de maneira tempor\u00e1ria ou permanente. A obstru\u00e7\u00e3o nasal \u00e9 uma das principais causas, principalmente quando o indiv\u00edduo est\u00e1 passando por uma gripe ou resfriado. Mas isso pode acontecer tamb\u00e9m por conta do tabagismo ou at\u00e9 mesmo pelo efeito colateral de alguma medica\u00e7\u00e3o.<br \/>\n\n\n\n\n<h2 class=\"wp-block-heading\">A fisioterapia olfativa \u00e9 eficaz no tratamento da covid?<\/h2>\n\n\n<p><\/p>Fisioterapia de cheiros ajuda a recuperar perda de olfato pela Covid-19. A perda da capacidade de sentir cheiro ou olfato, \u00e9 um dos principais sintomas da Covid-19. H\u00e1 v\u00e1rios graus para essa perda e ela pode ocorrer em qualquer fase da doen\u00e7a ou at\u00e9 n\u00e3o aparecer. Dra.<br \/>\n\n\n\n\n<h2 class=\"wp-block-heading\">O que acontece quando uma pessoa n\u00e3o sente cheiro?<\/h2>\n\n\n<p><\/p>O que \u00e9 anosmia? A anosmia \u00e9 o termo que se refere \u00e0 perda completa do olfato, gerando a incapacidade tempor\u00e1ria ou permanente de perceber odores. Essa condi\u00e7\u00e3o pode acontecer de modo repentino ou gradual. Sua forma tempor\u00e1ria pode acometer pessoas de todas as idades.<br \/>\n\n\n\n\n<h2 class=\"wp-block-heading\">Qual \u00e9 a diferen\u00e7a entre a perda de olfato em casos de gripe e de covid-19?<\/h2>\n\nQuando os pacientes com covid-19 apresentam perda de olfato, ela tende a ser repentina e severa e geralmente n\u00e3o envolve nariz entupido, congestionado ou escorrendo \u2014 a maioria das pessoas com coronav\u00edrus ainda consegue respirar livremente. Outra coisa que os diferencia \u00e9 sua contundente perda do paladar.<br \/>\n\n\n\n\n<h2 class=\"wp-block-heading\">Como saber se \u00e9 s\u00f3 uma gripe ou covid?<\/h2>\n\n\n<p><\/p>2- Como diferenciar um caso de Covid-19 e um de gripe? N\u00e3o \u00e9 poss\u00edvel fazer a diferencia\u00e7\u00e3o entre Covid-19 e influenza apenas pela avalia\u00e7\u00e3o cl\u00ednica porque os sintomas e sinais das duas doen\u00e7as s\u00e3o inespec\u00edficos.<br \/>\n\n\n\n\n<h2 class=\"wp-block-heading\">Quantos dias de covid perde o olfato e o paladar?<\/h2>\n\n\n<p><\/p>Quanto tempo dura a perda de olfato e paladar da Covid-19? A maioria dos pacientes apresenta melhora geralmente nas primeiras semanas, entre 14 e 21 dias. Em alguns indiv\u00edduos, a altera\u00e7\u00e3o pode durar mais tempo. H\u00e1 relatos de pessoas que referem dist\u00farbios do olfato por mais de sete meses.<br \/>\n\n\n\n\n<h2 class=\"wp-block-heading\">O que devo fazer se n\u00e3o sinto cheiro de nada?<\/h2>\n\n\n<p><\/p>O tratamento para anosmia est\u00e1 diretamente ligado ao tratamento da condi\u00e7\u00e3o que est\u00e1 ocasionando a perda de olfato: Nas gripes e resfriados, descongestionantes, sprays nasais e inala\u00e7\u00f5es podem ser decisivos para ajudar na revers\u00e3o do quadro rapidamente.<br \/>\n\n\n\n\n<h2 class=\"wp-block-heading\">Como saber se \u00e9 gripe ou outra coisa?<\/h2>\n\n\n<p><\/p>A principal diferen\u00e7a entre a gripe e o resfriado reside na febre elevada, caracter\u00edstica da gripe. \u201cA gripe leva a uma condi\u00e7\u00e3o em que o indiv\u00edduo fica muito mais prostrado, tem febre elevada, uma dor no corpo intensa, tosse, dor de garganta, dor de cabe\u00e7a e coriza\u201d, destaca Damasceno.<br \/>\n\n\n\n\n<h2 class=\"wp-block-heading\">Quais s\u00e3o os sintomas da covid-19 hoje?<\/h2>\n\n\n<p><\/p>J\u00e1 a Covid -19 \u00e9 caracterizada por sintomas respirat\u00f3rios, como tosse, dor de garganta e coriza, principalmente em casos leves. Nos casos moderados a graves, podem surgir tosse e febre persistentes, falta de ar, desconforto respirat\u00f3rio e dificuldade para se alimentar.<br \/>\n\n\n\n\n<h2 class=\"wp-block-heading\">A covid pode alterar o paladar?<\/h2>\n\nEsses achados indicam que a presen\u00e7a de altera\u00e7\u00f5es de olfato e paladar n\u00e3o t\u00eam mais valor preditivo para o diagn\u00f3stico de COVID-19 para as variantes \u00d4micron do SARS-CoV-2 dominantes h\u00e1 pelo menos um ano.<br \/>\n\n\n\n\n<h2 class=\"wp-block-heading\">Como fica o paladar com covid?<\/h2>\n\n\n<p><\/p>\n\n<ul class=\"wp-block-list\">\n<li>Distor\u00e7\u00f5es do olfato e paladar<\/li>\n<li> Al\u00e9m da diminui\u00e7\u00e3o e perda, alguns pacientes tamb\u00e9m relataram outras distor\u00e7\u00f5es do olfato e do paladar. Elas se manifestam de algumas formas: Parosmia: distor\u00e7\u00e3o dos odores. A pessoa sente cheiro de acetona ou comida estragada em qualquer alimento, por exemplo.<\/li>\n<\/ul>\n\n\n\n\n<h2 class=\"wp-block-heading\">Qual a diferen\u00e7a da perda de olfato e paladar na covid-19 e na gripe?<\/h2>\n\n\n<p><\/p>Quando os pacientes com covid-19 apresentam perda de olfato, ela tende a ser repentina e severa e geralmente n\u00e3o envolve nariz entupido, congestionado ou escorrendo \u2014 a maioria das pessoas com coronav\u00edrus ainda consegue respirar livremente. Outra coisa que os diferencia \u00e9 sua contundente perda do paladar.<br \/>\n\n\n\n\n<h2 class=\"wp-block-heading\">Qual doen\u00e7a perde o paladar?<\/h2>\n\n\n<p><\/p>Uma delas pode ser um problema neurol\u00f3gico relacionado ao sentido e interpreta\u00e7\u00e3o do paladar no c\u00e9rebro. Esses fatores podem levar a: Hipogeusia Capacidade reduzida de saborear alimentos \u2013doces, azedos, amargos ou salgados. Ageusia Eliminar o paladar completamente.<br \/>\n\n\n\n\n<h2 class=\"wp-block-heading\">Como saber se \u00e9 gripe ou covid?<\/h2>\n\n\n<p><\/p>2- Como diferenciar um caso de Covid-19 e um de gripe? N\u00e3o \u00e9 poss\u00edvel fazer a diferencia\u00e7\u00e3o entre Covid-19 e influenza apenas pela avalia\u00e7\u00e3o cl\u00ednica porque os sintomas e sinais das duas doen\u00e7as s\u00e3o inespec\u00edficos.<br \/>\n\n\n\n\n<h2 class=\"wp-block-heading\">Quanto tempo demora para voltar o paladar ap\u00f3s covid?<\/h2>\n\nQuanto tempo dura a perda de olfato e paladar da Covid-19? A maioria dos pacientes apresenta melhora geralmente nas primeiras semanas, entre 14 e 21 dias. Em alguns indiv\u00edduos, a altera\u00e7\u00e3o pode durar mais tempo. H\u00e1 relatos de pessoas que referem dist\u00farbios do olfato por mais de sete meses.<br \/>\n\n\n\n\n<h2 class=\"wp-block-heading\">O que fazer quando n\u00e3o sente o gosto da comida?<\/h2>\n\n\n<p><\/p>A perda do olfato ou do paladar \u00e9 um sinal da covid-19. Por esse motivo, os m\u00e9dicos ficam em alerta m\u00e1ximo quando seus pacientes lhes dizem que a comida n\u00e3o tem mais sabor \u2014e \u00e9 importante fazer o exame o quanto antes para saber se voc\u00ea est\u00e1 infectado com o coronav\u00edrus.<br \/>\n\n\n\n\n<h2 class=\"wp-block-heading\">Covid altera o paladar?<\/h2>\n\n\n<p><\/p>Esses achados indicam que a presen\u00e7a de altera\u00e7\u00f5es de olfato e paladar n\u00e3o t\u00eam mais valor preditivo para o diagn\u00f3stico de COVID-19 para as variantes \u00d4micron do SARS-CoV-2 dominantes h\u00e1 pelo menos um ano.<br \/>\n\n\n\n\n<h2 class=\"wp-block-heading\">Como voltar a sentir gosto e cheiro de sinusite?<\/h2>\n\n\n<p><\/p>Por exemplo, no caso de sinusite, o uso de antibi\u00f3ticos pode ser eficaz para tratar a infec\u00e7\u00e3o e recuperar o olfato. Quando a perda do olfato \u00e9 causada por certos medicamentos, a substitui\u00e7\u00e3o destes pode aliviar os sintomas de anosmia.<br \/>\n\n\n\n\n<h2 class=\"wp-block-heading\">Porque n\u00e3o estou sentindo cheiro de nada?<\/h2>\n\n\n<p><\/p>As infec\u00e7\u00f5es respirat\u00f3rias superiores (como as gripes) s\u00e3o uma das principais causas da anosmia e hiposmia. Por isso, os v\u00edrus respons\u00e1veis pela perda de olfato s\u00e3o in\u00fameros e, entre eles, est\u00e3o os da fam\u00edlia dos coronav\u00edrus.<br \/>\n\n\n\n\n<h2 class=\"wp-block-heading\">Quanto tempo demora para voltar a sentir gosto e cheiro covid?<\/h2>\n\n\n<p><\/p>Quanto tempo dura a perda de olfato e paladar da Covid-19? A maioria dos pacientes apresenta melhora geralmente nas primeiras semanas, entre 14 e 21 dias. Em alguns indiv\u00edduos, a altera\u00e7\u00e3o pode durar mais tempo. H\u00e1 relatos de pessoas que referem dist\u00farbios do olfato por mais de sete meses.<br \/>\n\n\n\n\n<h2 class=\"wp-block-heading\">O que deixa a boca sem sabor?<\/h2>\n\n\n<p><\/p>defici\u00eancias vitam\u00ednicas, como defici\u00eancia de Zinco e de vitamina B12; cirurgias ortod\u00f4nticas; cirurgias no ouvido; ser tabagista.<br \/>\n\n\n\n\n<h2 class=\"wp-block-heading\">O que devo fazer quando a comida quer voltar?<\/h2>\n\n\n\n<h2 class=\"wp-block-heading\">O que fazer quando a comida fica querendo voltar?<\/h2>\n\n\n<p><\/p>Evite alimentos gordurosos, frituras, temperos picantes, chocolate, caf\u00e9, refrigerantes e bebidas alco\u00f3licas, que podem irritar o est\u00f4mago e piorar o refluxo. Opte por refei\u00e7\u00f5es menores e frequentes, com alimentos ricos em fibras, como frutas, legumes e verduras. Espere pelo menos 2 a 3 horas ap\u00f3s comer para se deitar.<br \/>\n\n\n\n\n<h2 class=\"wp-block-heading\">O que alivia o refluxo de imediato?<\/h2>\n\n\n<p><\/p>Legumes como alcachofra, pepino, ab\u00f3bora e aspargo possuem propriedades que tamb\u00e9m ajudam a cuidar do trato digestivo. Am\u00eandoas, \u00e1gua de coco, vinagre de ma\u00e7\u00e3, gengibre, salsa e erva-doce s\u00e3o outros alimentos que n\u00e3o devem faltar na dieta para pacientes com refluxo gastroesof\u00e1gico.<br \/>\n\n\n\n\n<h2 class=\"wp-block-heading\">O que fazer quando o alimento vai para a traqueia?<\/h2>\n\n\n<p><\/p>Na maioria das vezes, \u00e9 resolvido com ingest\u00e3o de l\u00edquidos.<br \/>\n\n\n","protected":false},"excerpt":{"rendered":"<p>Quanto tempo dura a perda de olfato e paladar da Covid-19? A maioria dos pacientes apresenta melhora geralmente nas primeiras semanas, entre 14 e 21 dias. Em alguns indiv\u00edduos, a altera\u00e7\u00e3o pode durar mais tempo. H\u00e1 relatos de pessoas que referem dist\u00farbios do olfato por mais de sete meses. Por que meu paladar vai e [&hellip;]<\/p>\n","protected":false},"author":2,"featured_media":0,"comment_status":"open","ping_status":"closed","sticky":false,"template":"","format":"standard","meta":{"footnotes":""},"categories":[1],"tags":[],"class_list":["post-21825","post","type-post","status-publish","format-standard","hentry","category-conteudo"],"_links":{"self":[{"href":"https:\/\/ammabarbacena.com.br\/perguntas-frequentes\/wp-json\/wp\/v2\/posts\/21825","targetHints":{"allow":["GET"]}}],"collection":[{"href":"https:\/\/ammabarbacena.com.br\/perguntas-frequentes\/wp-json\/wp\/v2\/posts"}],"about":[{"href":"https:\/\/ammabarbacena.com.br\/perguntas-frequentes\/wp-json\/wp\/v2\/types\/post"}],"author":[{"embeddable":true,"href":"https:\/\/ammabarbacena.com.br\/perguntas-frequentes\/wp-json\/wp\/v2\/users\/2"}],"replies":[{"embeddable":true,"href":"https:\/\/ammabarbacena.com.br\/perguntas-frequentes\/wp-json\/wp\/v2\/comments?post=21825"}],"version-history":[{"count":1,"href":"https:\/\/ammabarbacena.com.br\/perguntas-frequentes\/wp-json\/wp\/v2\/posts\/21825\/revisions"}],"predecessor-version":[{"id":21826,"href":"https:\/\/ammabarbacena.com.br\/perguntas-frequentes\/wp-json\/wp\/v2\/posts\/21825\/revisions\/21826"}],"wp:attachment":[{"href":"https:\/\/ammabarbacena.com.br\/perguntas-frequentes\/wp-json\/wp\/v2\/media?parent=21825"}],"wp:term":[{"taxonomy":"category","embeddable":true,"href":"https:\/\/ammabarbacena.com.br\/perguntas-frequentes\/wp-json\/wp\/v2\/categories?post=21825"},{"taxonomy":"post_tag","embeddable":true,"href":"https:\/\/ammabarbacena.com.br\/perguntas-frequentes\/wp-json\/wp\/v2\/tags?post=21825"}],"curies":[{"name":"wp","href":"https:\/\/api.w.org\/{rel}","templated":true}]}}