{"id":21823,"date":"2025-08-09T05:43:00","date_gmt":"2025-08-09T05:43:00","guid":{"rendered":"http:\/\/de36d4d4-1c1b-411f-af76-2336d9f14905"},"modified":"2025-08-09T05:43:00","modified_gmt":"2025-08-09T05:43:00","slug":"quanto-tempo-volta-o-paladar-apos-covid","status":"publish","type":"post","link":"https:\/\/ammabarbacena.com.br\/perguntas-frequentes\/quanto-tempo-volta-o-paladar-apos-covid\/","title":{"rendered":"Quanto tempo volta o paladar ap\u00f3s covid"},"content":{"rendered":"\n\n<h2 class=\"wp-block-heading\">Quantos dias de covid perde o paladar?<\/h2>\n\nQuanto tempo dura a perda de olfato e paladar da Covid-19? A maioria dos pacientes apresenta melhora geralmente nas primeiras semanas, entre 14 e 21 dias. Em alguns indiv\u00edduos, a altera\u00e7\u00e3o pode durar mais tempo. H\u00e1 relatos de pessoas que referem dist\u00farbios do olfato por mais de sete meses.<br \/>\n\n\n\n\n<h2 class=\"wp-block-heading\">Estou com covid e perdi o paladar.?<\/h2>\n\n\n<p><\/p>Mas a perda de olfato e paladar pode ser um sintoma presente entre casos da doen\u00e7a e chama a aten\u00e7\u00e3o dos pacientes e dos profissionais de sa\u00fade. Alguns estudos demonstram que o sintoma pode atingir grande parte dos infectados com sintomas leves. Felizmente, a anosmia costuma se reverter poucas semanas ap\u00f3s a infec\u00e7\u00e3o.<br \/>\n\n\n\n\n<h2 class=\"wp-block-heading\">A perda de olfato \u00e9 uma sequela da covid?<\/h2>\n\n\n<p><\/p>\n\n<ul class=\"wp-block-list\">\n<li>A origem do dano<\/li>\n<li> J\u00e1 a perda de olfato associada \u00e0 covid-19, segundo Pinna, \u00e9 decorrente da inflama\u00e7\u00e3o desencadeada pelo sars-cov-2 na mucosa olfat\u00f3ria. \u201cIsso leva a uma diminui\u00e7\u00e3o do muco olfat\u00f3rio. N\u00e3o temos visto uma les\u00e3o direta nos neur\u00f4nios olfat\u00f3rios.<\/li>\n<\/ul>\n\n\n\n\n<h2 class=\"wp-block-heading\">Quanto tempo dura a Covid?<\/h2>\n\n\n<p><\/p>Pode estender-se at\u00e9 10 dias ap\u00f3s o in\u00edcio dos sintomas ou, no caso de pessoas com doen\u00e7as cr\u00f3nicas ou imunossupress\u00e3o grave, cerca 20 dias.<br \/>\n\n\n\n\n<h2 class=\"wp-block-heading\">O que fazer quando n\u00e3o sente o gosto da comida?<\/h2>\n\nA perda do olfato ou do paladar \u00e9 um sinal da covid-19. Por esse motivo, os m\u00e9dicos ficam em alerta m\u00e1ximo quando seus pacientes lhes dizem que a comida n\u00e3o tem mais sabor \u2014e \u00e9 importante fazer o exame o quanto antes para saber se voc\u00ea est\u00e1 infectado com o coronav\u00edrus.<br \/>\n\n\n\n\n<h2 class=\"wp-block-heading\">Porque n\u00e3o sinto o sabor dos alimentos?<\/h2>\n\n\n<p><\/p>Uma delas pode ser um problema neurol\u00f3gico relacionado ao sentido e interpreta\u00e7\u00e3o do paladar no c\u00e9rebro. Esses fatores podem levar a: Hipogeusia Capacidade reduzida de saborear alimentos \u2013doces, azedos, amargos ou salgados. Ageusia Eliminar o paladar completamente.<br \/>\n\n\n\n\n<h2 class=\"wp-block-heading\">O que fazer para voltar o paladar e olfato?<\/h2>\n\n\n<p><\/p>Avalia\u00e7\u00e3o e acompanhamento m\u00e9dico s\u00e3o essenciais para a condu\u00e7\u00e3o desses casos. Al\u00e9m disso, existem treinamentos para o sentido do olfato, chamados treinamentos olfat\u00f3rios. Essa estrat\u00e9gia consiste em utilizar \u00f3leos essenciais ou produtos com cheiros bem caracter\u00edsticos para treinar o sentido.<br \/>\n\n\n\n\n<h2 class=\"wp-block-heading\">O que fazer quando a boca est\u00e1 sem gosto?<\/h2>\n\n\n<p><\/p>\n\n<ul class=\"wp-block-list\">\n<li>Aumentar a ingest\u00e3o de l\u00edquidos para melhorar a hidrata\u00e7\u00e3o e, assim, estimular a produ\u00e7\u00e3o de saliva, o que ajuda a neutralizar o sabor amargo;<\/li>\n<li>Usar um enxaguante bucal sem \u00e1lcool para combater as bact\u00e9rias e refrescar o h\u00e1lito;<\/li>\n<\/ul>\n\n\n\n\n<h2 class=\"wp-block-heading\">O que fazer para desentupir o nariz e sentir o gosto da comida?<\/h2>\n\n\n<p><\/p>Para tratar a congest\u00e3o nasal e voltar a sentir o gosto dos alimentos normalmente, vale apostar em m\u00e9todos simples, tais como usar soro fisiol\u00f3gico, beber bastante \u00e1gua sempre e consumir alimentos ricos em minerais e vitaminas importantes para manter a imunidade alta.<br \/>\n\n\n\n\n<h2 class=\"wp-block-heading\">Quais s\u00e3o as doen\u00e7as que afetam o paladar?<\/h2>\n\n\n<p><\/p>Dist\u00farbios neurol\u00f3gicos, incluindo depress\u00e3o e convuls\u00f5es, podem comprometer o paladar. A distor\u00e7\u00e3o do paladar (disgeusia) pode ser causada por uma inflama\u00e7\u00e3o das gengivas (gengivite) ou por muitas das mesmas condi\u00e7\u00f5es que resultam em perda do paladar e do olfato, incluindo depress\u00e3o e convuls\u00f5es.<br \/>\n\n\n\n\n<h2 class=\"wp-block-heading\">Como sentir o sabor da comida?<\/h2>\n\n\n<p><\/p>A l\u00edngua e suas papilas gustativas s\u00e3o capazes de perceber os quatro sabores prim\u00e1rios (amargo, azedo, doce e salgado), embora em cada parte da l\u00edngua, as papilas linguais sejam mais sens\u00edveis a um tipo de sabor. E temais, as papilas linguais s\u00f3 captam o sabor de alimentos em estado l\u00edquido.<br \/>\n\n\n\n\n<h2 class=\"wp-block-heading\">Quanto tempo demora para mudar o paladar?<\/h2>\n\n\u00c9 muito comum relacionarmos traumas vivenciados com determinados alimentos que n\u00e3o conseguimos mais consumir. Alguns estudos cient\u00edficos mostram que o paladar \u201cest\u00e1 pronto\u201d pra provar todos os alimentos por volta dos vinte anos de idade.<br \/>\n\n\n\n\n<h2 class=\"wp-block-heading\">Quanto tempo o paladar muda?<\/h2>\n\n\n<p><\/p>Alguns estudos cient\u00edficos mostram que o paladar \u201cest\u00e1 pronto\u201d pra provar todos os alimentos por volta dos vinte anos de idade. \u00c9 nessa faixa et\u00e1ria que os sabores mais particulares come\u00e7am a ser apreciados. Em outras palavras, a partir da\u00ed nosso paladar muda.<br \/>\n\n\n\n\n<h2 class=\"wp-block-heading\">Quanto tempo leva para o paladar voltar ao normal?<\/h2>\n\n\n<p><\/p>Quanto tempo dura a perda de olfato e paladar da Covid-19? A maioria dos pacientes apresenta melhora geralmente nas primeiras semanas, entre 14 e 21 dias. Em alguns indiv\u00edduos, a altera\u00e7\u00e3o pode durar mais tempo. H\u00e1 relatos de pessoas que referem dist\u00farbios do olfato por mais de sete meses.<br \/>\n\n\n\n\n<h2 class=\"wp-block-heading\">Quanto tempo para limpar o paladar?<\/h2>\n\n\n<p><\/p>\n\n<ul class=\"wp-block-list\">\n<li>Dicas para recuperar o paladar ap\u00f3s a Covid-19<\/li>\n<li> Quando acontece uma perda repentina de paladar, a regenera\u00e7\u00e3o dessas c\u00e9lulas receptoras pode durar at\u00e9 duas semanas. Nesse per\u00edodo, uma alimenta\u00e7\u00e3o feita de forma variada pode contribuir para a recupera\u00e7\u00e3o do paladar ap\u00f3s a Covid-19.<\/li>\n<\/ul>\n\n\n\n\n<h2 class=\"wp-block-heading\">\u00c9 poss\u00edvel mudar o paladar?<\/h2>\n\n\n<p><\/p>Medicamentos, tratamentos de sa\u00fade (como quimioterapia, radioterapia, por exemplo) podem influenciar nos sabores, tamb\u00e9m. Como sugest\u00e3o, indicamos que voc\u00ea diversifique o m\u00e1ximo poss\u00edvel suas refei\u00e7\u00f5es, introduzindo condimentos e ervas naturais no tempero, variando os tipos de sabores.<br \/>\n\n\n\n\n<h2 class=\"wp-block-heading\">\u00c9 verdade que nosso paladar muda de 7 em 7 anos?<\/h2>\n\n\n<p><\/p>O gostinho da inf\u00e2ncia nunca mais ser\u00e1 o mesmo. A percep\u00e7\u00e3o dos alimentos muda durante a vida. Crian\u00e7as t\u00eam prefer\u00eancia natural por doce. \u00c9 uma heran\u00e7a do primeiro alimento, o leite materno.<br \/>\n\n\n\n\n<h2 class=\"wp-block-heading\">O que faz o paladar mudar?<\/h2>\n\n\n<p><\/p>Defici\u00eancia de nutrientes Quando nosso organismo est\u00e1 carente de certos nutrientes, como zinco e vitamina B12 \u2014relacionada ao funcionamento do sistema nervoso\u2014 pode ocorrer altera\u00e7\u00e3o do paladar.<br \/>\n\n\n\n\n<h2 class=\"wp-block-heading\">Quanto tempo dura a disgeusia?<\/h2>\n\nPor quantos dias o sintoma de falta de paladar persiste? O sintoma se inicia logo no come\u00e7o da doen\u00e7a e pode persistir at\u00e9 a cura total, ou mais. Pacientes relatam que o tempo de dura\u00e7\u00e3o pode variar: uns recuperaram seu paladar e olfato ap\u00f3s 15 dias, outros ap\u00f3s 2 meses e alguns ainda n\u00e3o recuperaram seus sentidos.<br \/>\n\n\n\n\n<h2 class=\"wp-block-heading\">O que \u00e9 bom para disgeusia?<\/h2>\n\n\n<p><\/p>O tratamento depende da causa da disgeusia. Por exemplo, se a disgeusia estiver sendo causada por algum medicamento, a troca de medicamentos pode ajudar. Se voc\u00ea tiver uma infec\u00e7\u00e3o viral, como a COVID-19, que afeta seu olfato e paladar, seu m\u00e9dico pode recomendar terapia de treinamento olfativo.<br \/>\n\n\n\n\n<h2 class=\"wp-block-heading\">Quanto tempo o paladar volta ao normal?<\/h2>\n\n\n<p><\/p>Quanto tempo dura a perda de olfato e paladar da Covid-19? A maioria dos pacientes apresenta melhora geralmente nas primeiras semanas, entre 14 e 21 dias. Em alguns indiv\u00edduos, a altera\u00e7\u00e3o pode durar mais tempo. H\u00e1 relatos de pessoas que referem dist\u00farbios do olfato por mais de sete meses.<br \/>\n\n\n\n\n<h2 class=\"wp-block-heading\">A hipogeusia tem cura?<\/h2>\n\n\n<p><\/p>Na maioria dos casos, a hipogeusia desaparece assim que a condi\u00e7\u00e3o subjacente desaparece. Por exemplo, se um resfriado ou sinusite causou um enfraquecimento do paladar, seu paladar deve retornar assim que voc\u00ea se sentir melhor. A hipogeusia devido \u00e0 COVID-19 pode persistir, \u00e0s vezes por v\u00e1rias semanas ou meses.<br \/>\n\n\n\n\n<h2 class=\"wp-block-heading\">Como tirar sabor da boca?<\/h2>\n\n\n<p><\/p>A m\u00e1 higiene bucal \u00e9 a causa mais comum do gosto ruim na boca. Por isso, \u00e9 importante escovar os dentes corretamente, tr\u00eas vezes ao dia e principalmente ap\u00f3s as refei\u00e7\u00f5es. Tamb\u00e9m n\u00e3o esque\u00e7a de usar fio dental e um bom enxaguante bucal.<br \/>\n\n\n\n\n<h2 class=\"wp-block-heading\">Como a ageusia \u00e9 tratada?<\/h2>\n\n\n<p><\/p>Como a ageusia \u00e9 tratada? Na maioria dos casos, tratar a condi\u00e7\u00e3o que causou a ageusia ajuda a restaurar o paladar. Se um resfriado ou gripe causar ageusia, seu paladar pode retornar ap\u00f3s tomar anti-histam\u00ednicos ou descongestionantes. Profissionais de sa\u00fade tratam infec\u00e7\u00f5es com antibi\u00f3ticos .<br \/>\n\n\n\n\n<h2 class=\"wp-block-heading\">Quantos dias \u00e9 a pior fase do covid?<\/h2>\n\nDepois de 5 a 14 dias ap\u00f3s o primeiro sintoma, o v\u00edrus finalmente consegue chegar ao pulm\u00e3o, iniciando uma inflama\u00e7\u00e3o grave. Nessa fase o organismo at\u00e9 j\u00e1 produziu defesa, mas de forma ca\u00f3tica, desordenada.<br \/>\n\n\n\n\n<h2 class=\"wp-block-heading\">Quantos dias o covid piora?<\/h2>\n\n\n<p><\/p>Pode estender-se at\u00e9 10 dias ap\u00f3s o in\u00edcio dos sintomas ou, no caso de pessoas com doen\u00e7as cr\u00f3nicas ou imunossupress\u00e3o grave, cerca 20 dias.<br \/>\n\n\n\n\n<h2 class=\"wp-block-heading\">5 dias de isolamento covid \u00e9 suficiente?<\/h2>\n\n\n<p><\/p>\u201c Pacientes com exame positivo para covid-19 devem manter o isolamento, inicialmente, por cinco dias. Caso os sintomas permane\u00e7am, deve ficar em isolamento at\u00e9 o s\u00e9timo dia.<br \/>\n\n\n\n\n<h2 class=\"wp-block-heading\">Qual o sintoma mais forte do covid?<\/h2>\n\n\n<p><\/p>J\u00e1 a Covid-19 \u00e9 caracterizada por sintomas respirat\u00f3rios, como tosse, dor de garganta e coriza, principalmente em casos leves. Nos casos moderados a graves, podem surgir tosse e febre persistentes, falta de ar, desconforto respirat\u00f3rio e dificuldade para se alimentar.<br \/>\n\n\n\n\n<h2 class=\"wp-block-heading\">Como saber se a covid est\u00e1 piorando?<\/h2>\n\n\n<p><\/p>Se sua frequ\u00eancia respirat\u00f3ria for de mais de 30 respira\u00e7\u00f5es por minuto, pode estar com falta de ar grave. Se isto acontecer, deve chamar imediatamente uma &#8220;ambulance&#8221; (ambul\u00e2ncia) e avisar que est\u00e1 com COVID-19. Estas orienta\u00e7\u00f5es s\u00e3o relevantes para adultos.<br \/>\n\n\n\n\n<h2 class=\"wp-block-heading\">Quais s\u00e3o os dias mais cr\u00edticos do coronav\u00edrus?<\/h2>\n\n\n<p><\/p>Entretanto, de 15% a 20% dos pacientes v\u00e3o apresentar sintomas mais severos. O que isso quer dizer? Depois de 5 a 14 dias ap\u00f3s o primeiro sintoma, o v\u00edrus finalmente consegue chegar ao pulm\u00e3o, iniciando uma inflama\u00e7\u00e3o grave. Nessa fase o organismo at\u00e9 j\u00e1 produziu defesa, mas de forma ca\u00f3tica, desordenada.<br \/>\n\n\n\n\n<h2 class=\"wp-block-heading\">O que piora a Covid?<\/h2>\n\n\n<p><\/p>Alta concentra\u00e7\u00e3o de prote\u00edna orosomucoide est\u00e1 relacionada \u00e0 piora em casos de covid-19 \u2013 Jornal da USP.<br \/>\n\n\n\n\n<h2 class=\"wp-block-heading\">Como saber se \u00e9 gripe ou covid?<\/h2>\n\n2- Como diferenciar um caso de Covid-19 e um de gripe? N\u00e3o \u00e9 poss\u00edvel fazer a diferencia\u00e7\u00e3o entre Covid-19 e influenza apenas pela avalia\u00e7\u00e3o cl\u00ednica porque os sintomas e sinais das duas doen\u00e7as s\u00e3o inespec\u00edficos.<br \/>\n\n\n\n\n<h2 class=\"wp-block-heading\">Qual a diferen\u00e7a entre Covid, gripe e resfriado?<\/h2>\n\n\n<p><\/p>No caso da febre, por exemplo, a ocorr\u00eancia dela \u00e9 comum em casos de Covid-19 e de gripe, mas rara em resfriados. Os espirros s\u00e3o comuns em resfriados, mas raros tanto em gripes quanto em Covid-19. O nariz entupido aparece frequentemente em resfriados, \u00e0s vezes em gripes e, raramente, em casos do novo coronav\u00edrus.<br \/>\n\n\n\n\n<h2 class=\"wp-block-heading\">Como saber se est\u00e1 com covid ou n\u00e3o?<\/h2>\n\n\n<p><\/p>J\u00e1 a Covid -19 \u00e9 caracterizada por sintomas respirat\u00f3rios, como tosse, dor de garganta e coriza, principalmente em casos leves. Nos casos moderados a graves, podem surgir tosse e febre persistentes, falta de ar, desconforto respirat\u00f3rio e dificuldade para se alimentar.<br \/>\n\n\n\n\n<h2 class=\"wp-block-heading\">Quais s\u00e3o os sintomas de covid atualmente?<\/h2>\n\n\n<p><\/p>\n\n<ul class=\"wp-block-list\">\n<li>TOSSE.<\/li>\n<li>PERDA DE OLFATO E PALADAR.<\/li>\n<li>FEBRE.<\/li>\n<li>QUEIXAS GASTROINTESTINAIS.<\/li>\n<li>DORES MUSCULARES.<\/li>\n<li>FALTA DE AR.<\/li>\n<\/ul>\n\n\n\n\n<h2 class=\"wp-block-heading\">Quem est\u00e1 com covid tem catarro?<\/h2>\n\n\n<p><\/p>Segundo um levantamento da OMS (Organiza\u00e7\u00e3o Mundial da Sa\u00fade), que analisou 55 mil casos confirmados na China, a tosse seca est\u00e1 presente em 68% dos casos , sendo o segundo sinal mais frequente depois da febre. A tosse com catarro esteve presente em 33% deles.<br \/>\n\n\n\n\n<h2 class=\"wp-block-heading\">Como saber se \u00e9 dengue, covid ou gripe?<\/h2>\n\n\n<p><\/p>Como diferenciar essas doen\u00e7as? O quadro respirat\u00f3rio \u00e9 a principal forma de distinguir a gripe, dengue e Covid-19. Sintomas respirat\u00f3rios, como dor no peito, falta de ar, tosse, altera\u00e7\u00f5es do olfato e paladar, n\u00e3o est\u00e3o presentes na dengue.<br \/>\n\n\n","protected":false},"excerpt":{"rendered":"<p>Quantos dias de covid perde o paladar? Quanto tempo dura a perda de olfato e paladar da Covid-19? A maioria dos pacientes apresenta melhora geralmente nas primeiras semanas, entre 14 e 21 dias. Em alguns indiv\u00edduos, a altera\u00e7\u00e3o pode durar mais tempo. H\u00e1 relatos de pessoas que referem dist\u00farbios do olfato por mais de sete [&hellip;]<\/p>\n","protected":false},"author":2,"featured_media":0,"comment_status":"open","ping_status":"closed","sticky":false,"template":"","format":"standard","meta":{"footnotes":""},"categories":[1],"tags":[],"class_list":["post-21823","post","type-post","status-publish","format-standard","hentry","category-conteudo"],"_links":{"self":[{"href":"https:\/\/ammabarbacena.com.br\/perguntas-frequentes\/wp-json\/wp\/v2\/posts\/21823","targetHints":{"allow":["GET"]}}],"collection":[{"href":"https:\/\/ammabarbacena.com.br\/perguntas-frequentes\/wp-json\/wp\/v2\/posts"}],"about":[{"href":"https:\/\/ammabarbacena.com.br\/perguntas-frequentes\/wp-json\/wp\/v2\/types\/post"}],"author":[{"embeddable":true,"href":"https:\/\/ammabarbacena.com.br\/perguntas-frequentes\/wp-json\/wp\/v2\/users\/2"}],"replies":[{"embeddable":true,"href":"https:\/\/ammabarbacena.com.br\/perguntas-frequentes\/wp-json\/wp\/v2\/comments?post=21823"}],"version-history":[{"count":1,"href":"https:\/\/ammabarbacena.com.br\/perguntas-frequentes\/wp-json\/wp\/v2\/posts\/21823\/revisions"}],"predecessor-version":[{"id":21824,"href":"https:\/\/ammabarbacena.com.br\/perguntas-frequentes\/wp-json\/wp\/v2\/posts\/21823\/revisions\/21824"}],"wp:attachment":[{"href":"https:\/\/ammabarbacena.com.br\/perguntas-frequentes\/wp-json\/wp\/v2\/media?parent=21823"}],"wp:term":[{"taxonomy":"category","embeddable":true,"href":"https:\/\/ammabarbacena.com.br\/perguntas-frequentes\/wp-json\/wp\/v2\/categories?post=21823"},{"taxonomy":"post_tag","embeddable":true,"href":"https:\/\/ammabarbacena.com.br\/perguntas-frequentes\/wp-json\/wp\/v2\/tags?post=21823"}],"curies":[{"name":"wp","href":"https:\/\/api.w.org\/{rel}","templated":true}]}}