{"id":21821,"date":"2025-08-09T05:41:30","date_gmt":"2025-08-09T05:41:30","guid":{"rendered":"http:\/\/a5533b47-1cd4-4d3c-8acf-4fc0c756b977"},"modified":"2025-08-09T05:41:30","modified_gmt":"2025-08-09T05:41:30","slug":"quanto-tempo-volta-o-olfato-e-paladar-apos-covid","status":"publish","type":"post","link":"https:\/\/ammabarbacena.com.br\/perguntas-frequentes\/quanto-tempo-volta-o-olfato-e-paladar-apos-covid\/","title":{"rendered":"Quanto tempo volta o olfato e paladar ap\u00f3s covid"},"content":{"rendered":"\n\n<h2 class=\"wp-block-heading\">Qual \u00e9 a diferen\u00e7a entre a perda de olfato em casos de gripe e de covid-19?<\/h2>\n\nQuando os pacientes com covid-19 apresentam perda de olfato, ela tende a ser repentina e severa e geralmente n\u00e3o envolve nariz entupido, congestionado ou escorrendo \u2014 a maioria das pessoas com coronav\u00edrus ainda consegue respirar livremente. Outra coisa que os diferencia \u00e9 sua contundente perda do paladar.<br \/>\n\n\n\n\n<h2 class=\"wp-block-heading\">Quanto tempo dura a perda de olfato pela Covid?<\/h2>\n\n\n<p><\/p>Quanto tempo dura a perda de olfato e paladar da Covid -19? A maioria dos pacientes apresenta melhora geralmente nas primeiras semanas, entre 14 e 21 dias. Em alguns indiv\u00edduos, a altera\u00e7\u00e3o pode durar mais tempo. H\u00e1 relatos de pessoas que referem dist\u00farbios do olfato por mais de sete meses.<br \/>\n\n\n\n\n<h2 class=\"wp-block-heading\">Como saber se \u00e9 gripe ou outra coisa?<\/h2>\n\n\n<p><\/p>A principal diferen\u00e7a entre a gripe e o resfriado reside na febre elevada, caracter\u00edstica da gripe. \u201cA gripe leva a uma condi\u00e7\u00e3o em que o indiv\u00edduo fica muito mais prostrado, tem febre elevada, uma dor no corpo intensa, tosse, dor de garganta, dor de cabe\u00e7a e coriza\u201d, destaca Damasceno.<br \/>\n\n\n\n\n<h2 class=\"wp-block-heading\">O que devo fazer se n\u00e3o sinto cheiro de nada?<\/h2>\n\n\n<p><\/p>O tratamento para anosmia est\u00e1 diretamente ligado ao tratamento da condi\u00e7\u00e3o que est\u00e1 ocasionando a perda de olfato: Nas gripes e resfriados, descongestionantes, sprays nasais e inala\u00e7\u00f5es podem ser decisivos para ajudar na revers\u00e3o do quadro rapidamente.<br \/>\n\n\n\n\n<h2 class=\"wp-block-heading\">Quais s\u00e3o os sintomas da covid-19 hoje?<\/h2>\n\n\n<p><\/p>J\u00e1 a Covid -19 \u00e9 caracterizada por sintomas respirat\u00f3rios, como tosse, dor de garganta e coriza, principalmente em casos leves. Nos casos moderados a graves, podem surgir tosse e febre persistentes, falta de ar, desconforto respirat\u00f3rio e dificuldade para se alimentar.<br \/>\n\n\n\n\n<h2 class=\"wp-block-heading\">Por que meu paladar vai e volta?<\/h2>\n\nMesmo que voc\u00ea n\u00e3o chegue a \u201cqueimar\u201d a l\u00edngua, alimentos ou bebidas quentes podem causar mudan\u00e7as no paladar pelo \u201ctrauma\u201d local e tempor\u00e1rio nas papilas gustativas. Por\u00e9m, fique tranquilo, \u00e9 tempor\u00e1rio e, assim que reestabelecer, o paladar volta ao normal.<br \/>\n\n\n\n\n<h2 class=\"wp-block-heading\">O que pode causar altera\u00e7\u00e3o no paladar?<\/h2>\n\n\n<p><\/p>defici\u00eancias vitam\u00ednicas, como defici\u00eancia de Zinco e de vitamina B12; cirurgias ortod\u00f4nticas; cirurgias no ouvido; ser tabagista.<br \/>\n\n\n\n\n<h2 class=\"wp-block-heading\">Quanto tempo o paladar volta ao normal?<\/h2>\n\n\n<p><\/p>Quanto tempo dura a perda de olfato e paladar da Covid-19? A maioria dos pacientes apresenta melhora geralmente nas primeiras semanas, entre 14 e 21 dias. Em alguns indiv\u00edduos, a altera\u00e7\u00e3o pode durar mais tempo. H\u00e1 relatos de pessoas que referem dist\u00farbios do olfato por mais de sete meses.<br \/>\n\n\n\n\n<h2 class=\"wp-block-heading\">O que significa quando o paladar muda?<\/h2>\n\n\n<p><\/p>Segundo a especialista, essas altera\u00e7\u00f5es podem ser causadas por motivos mais simples como o h\u00e1bito de fumar, uso de alguns medicamentos ou at\u00e9 por um ferimento da boca. Mas algumas doen\u00e7as s\u00e9rias tamb\u00e9m podem causar o problema.<br \/>\n\n\n\n\n<h2 class=\"wp-block-heading\">Quais doen\u00e7as est\u00e3o relacionadas ao paladar?<\/h2>\n\n\n<p><\/p>Dist\u00farbios neurol\u00f3gicos, incluindo depress\u00e3o e convuls\u00f5es, podem comprometer o paladar. A distor\u00e7\u00e3o do paladar (disgeusia) pode ser causada por uma inflama\u00e7\u00e3o das gengivas (gengivite) ou por muitas das mesmas condi\u00e7\u00f5es que resultam em perda do paladar e do olfato, incluindo depress\u00e3o e convuls\u00f5es.<br \/>\n\n\n\n\n<h2 class=\"wp-block-heading\">Quais s\u00e3o tr\u00eas fatores que podem afetar o paladar?<\/h2>\n\n\n<p><\/p>Condi\u00e7\u00f5es ou les\u00f5es. Infec\u00e7\u00f5es, problemas de sa\u00fade (incluindo defici\u00eancias nutricionais) e les\u00f5es que afetam estruturas da cabe\u00e7a e do pesco\u00e7o envolvidas no paladar podem levar \u00e0 ageusia. Infec\u00e7\u00f5es de cabe\u00e7a e pesco\u00e7o que podem causar ageusia incluem: COVID-19 .<br \/>\n\n\n\n\n<h2 class=\"wp-block-heading\">Porque n\u00e3o estou sentindo cheiro de nada?<\/h2>\n\nAs infec\u00e7\u00f5es respirat\u00f3rias superiores (como as gripes) s\u00e3o uma das principais causas da anosmia e hiposmia. Por isso, os v\u00edrus respons\u00e1veis pela perda de olfato s\u00e3o in\u00fameros e, entre eles, est\u00e3o os da fam\u00edlia dos coronav\u00edrus.<br \/>\n\n\n\n\n<h2 class=\"wp-block-heading\">Porque n\u00e3o consigo sentir o cheiro das coisas?<\/h2>\n\n\n<p><\/p>O sintoma pode ser causado por les\u00f5es nasais, obstru\u00e7\u00e3o do canal nasal (como desvio de septo), rinite, sinusite, infec\u00e7\u00f5es que atinjam o nariz, ou ainda problemas neurol\u00f3gicos (como Alzheimer e Parkinson), c\u00e2ncer e determinados medicamentos.<br \/>\n\n\n\n\n<h2 class=\"wp-block-heading\">Quais medicamentos podem causar perda de olfato?<\/h2>\n\n\n<p><\/p>Medicamentos que podem afetar o paladar e o olfato : Antibi\u00f3ticos: amoxicilina , azitromicina e ciprofloxacino. Medicamentos para press\u00e3o arterial: amlodipina e enalapril. Medicamentos estatinas (reduzem o colesterol): atorvastatina , lovastatina e pravastatina.<br \/>\n\n\n\n\n<h2 class=\"wp-block-heading\">\u00c9 normal n\u00e3o sentir o pr\u00f3prio cheiro?<\/h2>\n\n\n<p><\/p>\n\n<ul class=\"wp-block-list\">\n<li>Diferentes causas<\/li>\n<li> \u201cAs causas da perda olfativa podem ser das mais variadas. Ela pode decorrer de uma simples obstru\u00e7\u00e3o nasal por rinite ou desvio de septo; pode ser um indicativo de diabetes; pode ser consequ\u00eancia de um processo natural de envelhecimento ou, at\u00e9 mesmo, da exist\u00eancia de um tumor.<\/li>\n<\/ul>\n\n\n\n\n<h2 class=\"wp-block-heading\">Como se chama o que n\u00e3o tem cheiro?<\/h2>\n\n\n<p><\/p>A \u00e1gua \u00e9 inodora porque n\u00e3o tem cheiro.<br \/>\n\n\n\n\n<h2 class=\"wp-block-heading\">O que devo fazer se n\u00e3o estou sentindo cheiro?<\/h2>\n\n\n<p><\/p>O tratamento para anosmia est\u00e1 diretamente ligado ao tratamento da condi\u00e7\u00e3o que est\u00e1 ocasionando a perda de olfato: Nas gripes e resfriados, descongestionantes, sprays nasais e inala\u00e7\u00f5es podem ser decisivos para ajudar na revers\u00e3o do quadro rapidamente.<br \/>\n\n\n\n\n<h2 class=\"wp-block-heading\">Qual doen\u00e7a faz perder o olfato?<\/h2>\n\n\n<p><\/p>Algumas infec\u00e7\u00f5es podem causar o problema, como o Rhinovirus e o Adenovirus, por exemplo. O ponto principal \u00e9 que, nesses casos, a obstru\u00e7\u00e3o nasal e a coriza acabam reduzindo o olfato. J\u00e1 no caso do Covid-19, os sintomas s\u00e3o mais severos.<br \/>\n\n\n\n\n<h2 class=\"wp-block-heading\">Covid altera o paladar?<\/h2>\n\nEsses achados indicam que a presen\u00e7a de altera\u00e7\u00f5es de olfato e paladar n\u00e3o t\u00eam mais valor preditivo para o diagn\u00f3stico de COVID-19 para as variantes \u00d4micron do SARS-CoV-2 dominantes h\u00e1 pelo menos um ano.<br \/>\n\n\n\n\n<h2 class=\"wp-block-heading\">Como fica o paladar de quem est\u00e1 com covid?<\/h2>\n\n\n<p><\/p>O olfato e o paladar est\u00e3o intrinsecamente ligados. Curiosamente, entre os sintomas de coronav\u00edrus, o surgimento de anosmia e ageusia (perda do paladar) \u00e9 muito maior do que em outras infec\u00e7\u00f5es virais que afetam as vias a\u00e9reas.<br \/>\n\n\n\n\n<h2 class=\"wp-block-heading\">O que pode causar a mudan\u00e7a no paladar?<\/h2>\n\n\n<p><\/p>defici\u00eancias vitam\u00ednicas, como defici\u00eancia de Zinco e de vitamina B12; cirurgias ortod\u00f4nticas; cirurgias no ouvido; ser tabagista.<br \/>\n\n\n\n\n<h2 class=\"wp-block-heading\">Quais s\u00e3o as sequelas da covid no olfato e paladar?<\/h2>\n\n\n<p><\/p>Doze volunt\u00e1rios apresentaram alucina\u00e7\u00f5es olfativas (sentem cheiros que outras pessoas n\u00e3o sentem) e nove pessoas relataram alucina\u00e7\u00f5es gustativas (sentem o gosto de um alimento sem t\u00ea-lo provado). Nos dois casos, a maioria afirmou que essas alucina\u00e7\u00f5es s\u00f3 apareceram ap\u00f3s a infec\u00e7\u00e3o pelo coronav\u00edrus.<br \/>\n\n\n\n\n<h2 class=\"wp-block-heading\">Quais s\u00e3o as doen\u00e7as que afetam o paladar?<\/h2>\n\n\n<p><\/p>Dist\u00farbios neurol\u00f3gicos, incluindo depress\u00e3o e convuls\u00f5es, podem comprometer o paladar. A distor\u00e7\u00e3o do paladar (disgeusia) pode ser causada por uma inflama\u00e7\u00e3o das gengivas (gengivite) ou por muitas das mesmas condi\u00e7\u00f5es que resultam em perda do paladar e do olfato, incluindo depress\u00e3o e convuls\u00f5es.<br \/>\n\n\n\n\n<h2 class=\"wp-block-heading\">Como saber se \u00e9 gripe ou covid?<\/h2>\n\n\n<p><\/p>2- Como diferenciar um caso de Covid-19 e um de gripe? N\u00e3o \u00e9 poss\u00edvel fazer a diferencia\u00e7\u00e3o entre Covid-19 e influenza apenas pela avalia\u00e7\u00e3o cl\u00ednica porque os sintomas e sinais das duas doen\u00e7as s\u00e3o inespec\u00edficos.<br \/>\n\n\n\n\n<h2 class=\"wp-block-heading\">Quais s\u00e3o os sintomas atuais da Covid?<\/h2>\n\n\n<p><\/p>\n\n<ul class=\"wp-block-list\">\n<li>TOSSE.<\/li>\n<li>PERDA DE OLFATO E PALADAR.<\/li>\n<li>FEBRE.<\/li>\n<li>QUEIXAS GASTROINTESTINAIS.<\/li>\n<li>DORES MUSCULARES.<\/li>\n<li>FALTA DE AR.<\/li>\n<\/ul>\n\n\n\n\n<h2 class=\"wp-block-heading\">Quanto tempo volta a sentir cheiro e gosto covid?<\/h2>\n\nQuanto tempo dura a perda de olfato e paladar da Covid-19? A maioria dos pacientes apresenta melhora geralmente nas primeiras semanas, entre 14 e 21 dias. Em alguns indiv\u00edduos, a altera\u00e7\u00e3o pode durar mais tempo. H\u00e1 relatos de pessoas que referem dist\u00farbios do olfato por mais de sete meses.<br \/>\n\n\n\n\n<h2 class=\"wp-block-heading\">A covid pode alterar o paladar?<\/h2>\n\n\n<p><\/p>Esses achados indicam que a presen\u00e7a de altera\u00e7\u00f5es de olfato e paladar n\u00e3o t\u00eam mais valor preditivo para o diagn\u00f3stico de COVID-19 para as variantes \u00d4micron do SARS-CoV-2 dominantes h\u00e1 pelo menos um ano.<br \/>\n\n\n\n\n<h2 class=\"wp-block-heading\">O que fazer quando n\u00e3o sente o gosto da comida?<\/h2>\n\n\n<p><\/p>A perda do olfato ou do paladar \u00e9 um sinal da covid-19. Por esse motivo, os m\u00e9dicos ficam em alerta m\u00e1ximo quando seus pacientes lhes dizem que a comida n\u00e3o tem mais sabor \u2014e \u00e9 importante fazer o exame o quanto antes para saber se voc\u00ea est\u00e1 infectado com o coronav\u00edrus.<br \/>\n\n\n\n\n<h2 class=\"wp-block-heading\">Como voltar a sentir gosto e cheiro de sinusite?<\/h2>\n\n\n<p><\/p>Por exemplo, no caso de sinusite, o uso de antibi\u00f3ticos pode ser eficaz para tratar a infec\u00e7\u00e3o e recuperar o olfato. Quando a perda do olfato \u00e9 causada por certos medicamentos, a substitui\u00e7\u00e3o destes pode aliviar os sintomas de anosmia.<br \/>\n\n\n\n\n<h2 class=\"wp-block-heading\">Quantos dias a perda de paladar pode durar na Covid?<\/h2>\n\n\n<p><\/p>Quanto tempo dura a perda de olfato e paladar da Covid-19? A maioria dos pacientes apresenta melhora geralmente nas primeiras semanas, entre 14 e 21 dias. Em alguns indiv\u00edduos, a altera\u00e7\u00e3o pode durar mais tempo. H\u00e1 relatos de pessoas que referem dist\u00farbios do olfato por mais de sete meses.<br \/>\n\n\n\n\n<h2 class=\"wp-block-heading\">Como saber se \u00e9 s\u00f3 uma gripe ou covid?<\/h2>\n\n2- Como diferenciar um caso de Covid-19 e um de gripe? N\u00e3o \u00e9 poss\u00edvel fazer a diferencia\u00e7\u00e3o entre Covid-19 e influenza apenas pela avalia\u00e7\u00e3o cl\u00ednica porque os sintomas e sinais das duas doen\u00e7as s\u00e3o inespec\u00edficos.<br \/>\n\n\n\n\n<h2 class=\"wp-block-heading\">Como saber se estou gripada ou com covid?<\/h2>\n\n\n<p><\/p>Outros sintomas muito e caracter\u00edsticos da Covid-19 s\u00e3o a altera\u00e7\u00e3o de paladar e de olfato. 5- H\u00e1 diferen\u00e7a nos sintomas entre crian\u00e7as, adultos e idosos? Geralmente crian\u00e7as infectadas pelo v\u00edrus influenza apresentam, al\u00e9m do quadro t\u00edpico de febre alta e tosse produtiva, uma frequ\u00eancia maior de diarreia e v\u00f4mitos.<br \/>\n\n\n\n\n<h2 class=\"wp-block-heading\">Como saber se est\u00e1 com covid sem fazer o teste?<\/h2>\n\n\n<p><\/p>\n\n<ul class=\"wp-block-list\">\n<li>Tosse seca e persistente;<\/li>\n<li>Febre acima de 38\u00b0C;<\/li>\n<li>Cansa\u00e7o excessivo;<\/li>\n<li>Dor muscular generalizada;<\/li>\n<li>Dor de cabe\u00e7a;<\/li>\n<li>Garganta inflamada;<\/li>\n<li>Coriza ou nariz entupido;<\/li>\n<li>Altera\u00e7\u00f5es do tr\u00e2nsito intestinal, principalmente diarreia;<\/li>\n<\/ul>\n\n\n\n\n<h2 class=\"wp-block-heading\">Quem est\u00e1 com covid tem catarro?<\/h2>\n\n\n<p><\/p>Segundo um levantamento da OMS (Organiza\u00e7\u00e3o Mundial da Sa\u00fade), que analisou 55 mil casos confirmados na China, a tosse seca est\u00e1 presente em 68% dos casos , sendo o segundo sinal mais frequente depois da febre. A tosse com catarro esteve presente em 33% deles.<br \/>\n\n\n","protected":false},"excerpt":{"rendered":"<p>Qual \u00e9 a diferen\u00e7a entre a perda de olfato em casos de gripe e de covid-19? Quando os pacientes com covid-19 apresentam perda de olfato, ela tende a ser repentina e severa e geralmente n\u00e3o envolve nariz entupido, congestionado ou escorrendo \u2014 a maioria das pessoas com coronav\u00edrus ainda consegue respirar livremente. Outra coisa que [&hellip;]<\/p>\n","protected":false},"author":2,"featured_media":0,"comment_status":"open","ping_status":"closed","sticky":false,"template":"","format":"standard","meta":{"footnotes":""},"categories":[1],"tags":[],"class_list":["post-21821","post","type-post","status-publish","format-standard","hentry","category-conteudo"],"_links":{"self":[{"href":"https:\/\/ammabarbacena.com.br\/perguntas-frequentes\/wp-json\/wp\/v2\/posts\/21821","targetHints":{"allow":["GET"]}}],"collection":[{"href":"https:\/\/ammabarbacena.com.br\/perguntas-frequentes\/wp-json\/wp\/v2\/posts"}],"about":[{"href":"https:\/\/ammabarbacena.com.br\/perguntas-frequentes\/wp-json\/wp\/v2\/types\/post"}],"author":[{"embeddable":true,"href":"https:\/\/ammabarbacena.com.br\/perguntas-frequentes\/wp-json\/wp\/v2\/users\/2"}],"replies":[{"embeddable":true,"href":"https:\/\/ammabarbacena.com.br\/perguntas-frequentes\/wp-json\/wp\/v2\/comments?post=21821"}],"version-history":[{"count":1,"href":"https:\/\/ammabarbacena.com.br\/perguntas-frequentes\/wp-json\/wp\/v2\/posts\/21821\/revisions"}],"predecessor-version":[{"id":21822,"href":"https:\/\/ammabarbacena.com.br\/perguntas-frequentes\/wp-json\/wp\/v2\/posts\/21821\/revisions\/21822"}],"wp:attachment":[{"href":"https:\/\/ammabarbacena.com.br\/perguntas-frequentes\/wp-json\/wp\/v2\/media?parent=21821"}],"wp:term":[{"taxonomy":"category","embeddable":true,"href":"https:\/\/ammabarbacena.com.br\/perguntas-frequentes\/wp-json\/wp\/v2\/categories?post=21821"},{"taxonomy":"post_tag","embeddable":true,"href":"https:\/\/ammabarbacena.com.br\/perguntas-frequentes\/wp-json\/wp\/v2\/tags?post=21821"}],"curies":[{"name":"wp","href":"https:\/\/api.w.org\/{rel}","templated":true}]}}