{"id":21819,"date":"2025-08-09T05:39:44","date_gmt":"2025-08-09T05:39:44","guid":{"rendered":"http:\/\/fe4c3109-7c2f-4ba8-ae3f-606be65a0f20"},"modified":"2025-08-09T05:39:44","modified_gmt":"2025-08-09T05:39:44","slug":"quanto-tempo-volta-o-olfato-apos-covid","status":"publish","type":"post","link":"https:\/\/ammabarbacena.com.br\/perguntas-frequentes\/quanto-tempo-volta-o-olfato-apos-covid\/","title":{"rendered":"Quanto tempo volta o olfato ap\u00f3s covid"},"content":{"rendered":"Quanto tempo dura a perda de olfato e paladar da Covid-19? A maioria dos pacientes apresenta melhora geralmente nas primeiras semanas, entre 14 e 21 dias. Em alguns indiv\u00edduos, a altera\u00e7\u00e3o pode durar mais tempo. H\u00e1 relatos de pessoas que referem dist\u00farbios do olfato por mais de sete meses.<br \/>\n\n\n\n\n<h2 class=\"wp-block-heading\">A perda de olfato \u00e9 uma sequela da covid?<\/h2>\n\n\n\n<ul class=\"wp-block-list\">\n<li>A origem do dano<\/li>\n<li> J\u00e1 a perda de olfato associada \u00e0 covid-19, segundo Pinna, \u00e9 decorrente da inflama\u00e7\u00e3o desencadeada pelo sars-cov-2 na mucosa olfat\u00f3ria. \u201cIsso leva a uma diminui\u00e7\u00e3o do muco olfat\u00f3rio. N\u00e3o temos visto uma les\u00e3o direta nos neur\u00f4nios olfat\u00f3rios.<\/li>\n<\/ul>\n\n\n\n\n<h2 class=\"wp-block-heading\">Quanto tempo dura a perda de olfato com covid?<\/h2>\n\n\n<p><\/p>Quanto tempo dura a perda de olfato e paladar da Covid -19? A maioria dos pacientes apresenta melhora geralmente nas primeiras semanas, entre 14 e 21 dias. Em alguns indiv\u00edduos, a altera\u00e7\u00e3o pode durar mais tempo. H\u00e1 relatos de pessoas que referem dist\u00farbios do olfato por mais de sete meses.<br \/>\n\n\n\n\n<h2 class=\"wp-block-heading\">Quais s\u00e3o as sequelas da covid no olfato e paladar?<\/h2>\n\n\n<p><\/p>Doze volunt\u00e1rios apresentaram alucina\u00e7\u00f5es olfativas (sentem cheiros que outras pessoas n\u00e3o sentem) e nove pessoas relataram alucina\u00e7\u00f5es gustativas (sentem o gosto de um alimento sem t\u00ea-lo provado). Nos dois casos, a maioria afirmou que essas alucina\u00e7\u00f5es s\u00f3 apareceram ap\u00f3s a infec\u00e7\u00e3o pelo coronav\u00edrus.<br \/>\n\n\n\n\n<h2 class=\"wp-block-heading\">Quais s\u00e3o as causas da perda definitiva do olfato?<\/h2>\n\n\n<p><\/p>Anosmia \u00e9 a perda do olfato, que pode acontecer de maneira tempor\u00e1ria ou permanente. A obstru\u00e7\u00e3o nasal \u00e9 uma das principais causas, principalmente quando o indiv\u00edduo est\u00e1 passando por uma gripe ou resfriado. Mas isso pode acontecer tamb\u00e9m por conta do tabagismo ou at\u00e9 mesmo pelo efeito colateral de alguma medica\u00e7\u00e3o.<br \/>\n\n\n\n\n<h2 class=\"wp-block-heading\">Qual \u00e9 o tratamento para anosmia e hiposmia p\u00f3s-COVID-19?<\/h2>\n\n\n<p><\/p>Conclus\u00e3o: O tratamento para anosmia e hiposmia p\u00f3s-COVID-19 deve ser iniciado ap\u00f3s duas semanas do in\u00edcio dos sintomas olfativos. O uso de corticosteroides e a pr\u00e1tica do treinamento olfat\u00f3rio s\u00e3o as modalidades de tratamento que apresentaram as melhores evid\u00eancias em rela\u00e7\u00e3o \u00e0 recupera\u00e7\u00e3o da fun\u00e7\u00e3o olfat\u00f3ria.<br \/>\n\n\n\n\n<h2 class=\"wp-block-heading\">Qual \u00e9 a diferen\u00e7a entre a perda de olfato em caso de gripe de COVID-19?<\/h2>\n\n\n<p><\/p>Quando os pacientes com covid-19 apresentam perda de olfato, ela tende a ser repentina e severa e geralmente n\u00e3o envolve nariz entupido, congestionado ou escorrendo \u2014 a maioria das pessoas com coronav\u00edrus ainda consegue respirar livremente. Outra coisa que os diferencia \u00e9 sua contundente perda do paladar.<br \/>\n\n\n\n\n<h2 class=\"wp-block-heading\">A fisioterapia olfativa \u00e9 eficaz no tratamento da covid?<\/h2>\n\n\n<p><\/p>Fisioterapia de cheiros ajuda a recuperar perda de olfato pela Covid-19. A perda da capacidade de sentir cheiro ou olfato, \u00e9 um dos principais sintomas da Covid-19. H\u00e1 v\u00e1rios graus para essa perda e ela pode ocorrer em qualquer fase da doen\u00e7a ou at\u00e9 n\u00e3o aparecer. Dra.<br \/>\n\n\n\n\n<h2 class=\"wp-block-heading\">Porque n\u00e3o estou sentindo cheiro de nada?<\/h2>\n\nAs infec\u00e7\u00f5es respirat\u00f3rias superiores (como as gripes) s\u00e3o uma das principais causas da anosmia e hiposmia. Por isso, os v\u00edrus respons\u00e1veis pela perda de olfato s\u00e3o in\u00fameros e, entre eles, est\u00e3o os da fam\u00edlia dos coronav\u00edrus.<br \/>\n\n\n\n\n<h2 class=\"wp-block-heading\">\u00c9 normal n\u00e3o sentir cheiro de nada?<\/h2>\n\n\n<p><\/p>As infec\u00e7\u00f5es respirat\u00f3rias superiores (como as gripes) s\u00e3o uma das principais causas da anosmia e hiposmia. Por isso, os v\u00edrus respons\u00e1veis pela perda de olfato s\u00e3o in\u00fameros e, entre eles, est\u00e3o os da fam\u00edlia dos coronav\u00edrus.<br \/>\n\n\n\n\n<h2 class=\"wp-block-heading\">Porque n\u00e3o consigo sentir o cheiro das coisas?<\/h2>\n\n\n<p><\/p>O sintoma pode ser causado por les\u00f5es nasais, obstru\u00e7\u00e3o do canal nasal (como desvio de septo), rinite, sinusite, infec\u00e7\u00f5es que atinjam o nariz, ou ainda problemas neurol\u00f3gicos (como Alzheimer e Parkinson), c\u00e2ncer e determinados medicamentos.<br \/>\n\n\n\n\n<h2 class=\"wp-block-heading\">Quais medicamentos podem causar perda de olfato?<\/h2>\n\n\n<p><\/p>Medicamentos que podem afetar o paladar e o olfato : Antibi\u00f3ticos: amoxicilina , azitromicina e ciprofloxacino. Medicamentos para press\u00e3o arterial: amlodipina e enalapril. Medicamentos estatinas (reduzem o colesterol): atorvastatina , lovastatina e pravastatina.<br \/>\n\n\n\n\n<h2 class=\"wp-block-heading\">\u00c9 normal n\u00e3o sentir o pr\u00f3prio cheiro?<\/h2>\n\n\n<p><\/p>\n\n<ul class=\"wp-block-list\">\n<li>Diferentes causas<\/li>\n<li> \u201cAs causas da perda olfativa podem ser das mais variadas. Ela pode decorrer de uma simples obstru\u00e7\u00e3o nasal por rinite ou desvio de septo; pode ser um indicativo de diabetes; pode ser consequ\u00eancia de um processo natural de envelhecimento ou, at\u00e9 mesmo, da exist\u00eancia de um tumor.<\/li>\n<\/ul>\n\n\n\n\n<h2 class=\"wp-block-heading\">Qual doen\u00e7a faz perder o olfato?<\/h2>\n\n\n<p><\/p>Algumas infec\u00e7\u00f5es podem causar o problema, como o Rhinovirus e o Adenovirus, por exemplo. O ponto principal \u00e9 que, nesses casos, a obstru\u00e7\u00e3o nasal e a coriza acabam reduzindo o olfato. J\u00e1 no caso do Covid-19, os sintomas s\u00e3o mais severos.<br \/>\n\n\n\n\n<h2 class=\"wp-block-heading\">Quais doen\u00e7as podem afetar o paladar e o olfato?<\/h2>\n\n\n<p><\/p>\n\n<ul class=\"wp-block-list\">\n<li>Infec\u00e7\u00f5es dos seios paranasais.<\/li>\n<li>Dano parcial dos nervos olfat\u00f3rios.<\/li>\n<li>Higiene oral insuficiente.<\/li>\n<li>Infec\u00e7\u00f5es da boca.<\/li>\n<li>Depress\u00e3o.<\/li>\n<li>Hepatite viral, que pode causar disosmia, que resulta em n\u00e1usea desencadeada por odores antes inofensivos.<\/li>\n<li>Defici\u00eancias nutricionais.<\/li>\n<\/ul>\n\n\n\n\n<h2 class=\"wp-block-heading\">Qual \u00e9 a diferen\u00e7a entre a perda de olfato em casos de gripe e de covid-19?<\/h2>\n\nQuando os pacientes com covid-19 apresentam perda de olfato, ela tende a ser repentina e severa e geralmente n\u00e3o envolve nariz entupido, congestionado ou escorrendo \u2014 a maioria das pessoas com coronav\u00edrus ainda consegue respirar livremente. Outra coisa que os diferencia \u00e9 sua contundente perda do paladar.<br \/>\n\n\n\n\n<h2 class=\"wp-block-heading\">Como saber se \u00e9 s\u00f3 uma gripe ou covid?<\/h2>\n\n\n<p><\/p>2- Como diferenciar um caso de Covid-19 e um de gripe? N\u00e3o \u00e9 poss\u00edvel fazer a diferencia\u00e7\u00e3o entre Covid-19 e influenza apenas pela avalia\u00e7\u00e3o cl\u00ednica porque os sintomas e sinais das duas doen\u00e7as s\u00e3o inespec\u00edficos.<br \/>\n\n\n\n\n<h2 class=\"wp-block-heading\">Quanto tempo dura a perda de olfato pela Covid?<\/h2>\n\n\n<p><\/p>Quanto tempo dura a perda de olfato e paladar da Covid -19? A maioria dos pacientes apresenta melhora geralmente nas primeiras semanas, entre 14 e 21 dias. Em alguns indiv\u00edduos, a altera\u00e7\u00e3o pode durar mais tempo. H\u00e1 relatos de pessoas que referem dist\u00farbios do olfato por mais de sete meses.<br \/>\n\n\n\n\n<h2 class=\"wp-block-heading\">Como saber se \u00e9 gripe ou outra coisa?<\/h2>\n\n\n<p><\/p>A principal diferen\u00e7a entre a gripe e o resfriado reside na febre elevada, caracter\u00edstica da gripe. \u201cA gripe leva a uma condi\u00e7\u00e3o em que o indiv\u00edduo fica muito mais prostrado, tem febre elevada, uma dor no corpo intensa, tosse, dor de garganta, dor de cabe\u00e7a e coriza\u201d, destaca Damasceno.<br \/>\n\n\n\n\n<h2 class=\"wp-block-heading\">O que devo fazer se n\u00e3o sinto cheiro de nada?<\/h2>\n\n\n<p><\/p>O tratamento para anosmia est\u00e1 diretamente ligado ao tratamento da condi\u00e7\u00e3o que est\u00e1 ocasionando a perda de olfato: Nas gripes e resfriados, descongestionantes, sprays nasais e inala\u00e7\u00f5es podem ser decisivos para ajudar na revers\u00e3o do quadro rapidamente.<br \/>\n\n\n\n\n<h2 class=\"wp-block-heading\">Quais s\u00e3o os sintomas da covid-19 hoje?<\/h2>\n\n\n<p><\/p>J\u00e1 a Covid -19 \u00e9 caracterizada por sintomas respirat\u00f3rios, como tosse, dor de garganta e coriza, principalmente em casos leves. Nos casos moderados a graves, podem surgir tosse e febre persistentes, falta de ar, desconforto respirat\u00f3rio e dificuldade para se alimentar.<br \/>\n\n\n\n\n<h2 class=\"wp-block-heading\">Quem est\u00e1 com covid sente cheiro?<\/h2>\n\nNo in\u00edcio da pandemia de COVID-19 era not\u00f3ria a alta frequ\u00eancia de perda de olfato (anosmia) e do paladar (ageusia) nos pacientes que adquiriam essa doen\u00e7a.<br \/>\n\n\n\n\n<h2 class=\"wp-block-heading\">Quem tem covid sente cheiro?<\/h2>\n\n\n<p><\/p>No in\u00edcio da pandemia de COVID-19 era not\u00f3ria a alta frequ\u00eancia de perda de olfato (anosmia) e do paladar (ageusia) nos pacientes que adquiriam essa doen\u00e7a.<br \/>\n\n\n\n\n<h2 class=\"wp-block-heading\">Quantos dias volta a sentir cheiro covid?<\/h2>\n\n\n<p><\/p>Quanto tempo dura a perda de olfato e paladar da Covid-19? A maioria dos pacientes apresenta melhora geralmente nas primeiras semanas, entre 14 e 21 dias. Em alguns indiv\u00edduos, a altera\u00e7\u00e3o pode durar mais tempo. H\u00e1 relatos de pessoas que referem dist\u00farbios do olfato por mais de sete meses.<br \/>\n\n\n\n\n<h2 class=\"wp-block-heading\">Qual \u00e9 a diferen\u00e7a entre a perda do olfato em casos de gripe e de covid-19?<\/h2>\n\n\n<p><\/p>Quando os pacientes com covid-19 apresentam perda de olfato, ela tende a ser repentina e severa e geralmente n\u00e3o envolve nariz entupido, congestionado ou escorrendo \u2014 a maioria das pessoas com coronav\u00edrus ainda consegue respirar livremente. Outra coisa que os diferencia \u00e9 sua contundente perda do paladar.<br \/>\n\n\n\n\n<h2 class=\"wp-block-heading\">O que pode ser quando n\u00e3o est\u00e1 sentindo cheiro?<\/h2>\n\n\n<p><\/p>Anosmia \u00e9 a perda do olfato, que pode acontecer de maneira tempor\u00e1ria ou permanente. A obstru\u00e7\u00e3o nasal \u00e9 uma das principais causas, principalmente quando o indiv\u00edduo est\u00e1 passando por uma gripe ou resfriado. Mas isso pode acontecer tamb\u00e9m por conta do tabagismo ou at\u00e9 mesmo pelo efeito colateral de alguma medica\u00e7\u00e3o.<br \/>\n\n\n\n\n<h2 class=\"wp-block-heading\">Como saber se \u00e9 gripe ou covid?<\/h2>\n\n\n<p><\/p>2- Como diferenciar um caso de Covid-19 e um de gripe? N\u00e3o \u00e9 poss\u00edvel fazer a diferencia\u00e7\u00e3o entre Covid-19 e influenza apenas pela avalia\u00e7\u00e3o cl\u00ednica porque os sintomas e sinais das duas doen\u00e7as s\u00e3o inespec\u00edficos.<br \/>\n\n\n\n\n<h2 class=\"wp-block-heading\">Quanto tempo leva para o olfato voltar depois da Covid?<\/h2>\n\nQuanto tempo dura a perda de olfato e paladar da Covid-19? A maioria dos pacientes apresenta melhora geralmente nas primeiras semanas, entre 14 e 21 dias. Em alguns indiv\u00edduos, a altera\u00e7\u00e3o pode durar mais tempo. H\u00e1 relatos de pessoas que referem dist\u00farbios do olfato por mais de sete meses.<br \/>\n\n\n\n\n<h2 class=\"wp-block-heading\">Quanto tempo o olfato volta com a Covid?<\/h2>\n\n\n<p><\/p>Quanto tempo dura a perda de olfato e paladar da Covid-19? A maioria dos pacientes apresenta melhora geralmente nas primeiras semanas, entre 14 e 21 dias. Em alguns indiv\u00edduos, a altera\u00e7\u00e3o pode durar mais tempo. H\u00e1 relatos de pessoas que referem dist\u00farbios do olfato por mais de sete meses.<br \/>\n\n\n\n\n<h2 class=\"wp-block-heading\">O que causa a perda do olfato?<\/h2>\n\n\n<p><\/p>A perda de olfato pode ser parte do envelhecimento normal. As causas comuns incluem infec\u00e7\u00f5es das vias a\u00e9reas superiores, sinusite e traumatismo craniano. \u00c9 geralmente necess\u00e1rio realizar um exame por imagem, como TC e RM, a n\u00e3o ser que a causa seja \u00f3bvia para o m\u00e9dico.<br \/>\n\n\n\n\n<h2 class=\"wp-block-heading\">Quais s\u00e3o as causas de altera\u00e7\u00f5es no olfato?<\/h2>\n\nO sintoma pode ser causado por les\u00f5es nasais, obstru\u00e7\u00e3o do canal nasal (como desvio de septo), rinite, sinusite, infec\u00e7\u00f5es que atinjam o nariz, ou ainda problemas neurol\u00f3gicos (como Alzheimer e Parkinson), c\u00e2ncer e determinados medicamentos.<br \/>\n\n\n\n\n<h2 class=\"wp-block-heading\">Quais s\u00e3o as causas do olfato alterado?<\/h2>\n\n\n<p><\/p>O sintoma pode ser causado por les\u00f5es nasais, obstru\u00e7\u00e3o do canal nasal (como desvio de septo), rinite, sinusite, infec\u00e7\u00f5es que atinjam o nariz, ou ainda problemas neurol\u00f3gicos (como Alzheimer e Parkinson), c\u00e2ncer e determinados medicamentos.<br \/>\n\n\n\n\n<h2 class=\"wp-block-heading\">Quais s\u00e3o as causas da perda olfativa?<\/h2>\n\n\n<p><\/p>Anosmia \u00e9 a perda total do olfato. Hiposmia \u00e9 a perda parcial do olfato. A maioria das pessoas com anosmia consegue reconhecer subst\u00e2ncias salgadas, doces, \u00e1cidas e amargas, mas n\u00e3o consegue determinar a diferen\u00e7a entre sabores espec\u00edficos.<br \/>\n\n\n\n\n<h2 class=\"wp-block-heading\">Quais fatores podem influenciar o olfato?<\/h2>\n\n\n<p><\/p>\n\n<ul class=\"wp-block-list\">\n<li>1 \u2013 Gripes e resfriados. Os v\u00edrus que causam o resfriado comum podem causar incha\u00e7o no nariz e danificar o revestimento das vias a\u00e9reas a ponto de causar perda de olfato. &#8230;<\/li>\n<li>2 \u2013 Alergias. &#8230;<\/li>\n<li>3 \u2013 P\u00f3lipos nasais. &#8230;<\/li>\n<li>4 \u2013 Cigarros e tabaco. &#8230;<\/li>\n<li>5 \u2013 Medicamentos.<\/li>\n<\/ul>\n\n\n","protected":false},"excerpt":{"rendered":"<p>Quanto tempo dura a perda de olfato e paladar da Covid-19? A maioria dos pacientes apresenta melhora geralmente nas primeiras semanas, entre 14 e 21 dias. Em alguns indiv\u00edduos, a altera\u00e7\u00e3o pode durar mais tempo. H\u00e1 relatos de pessoas que referem dist\u00farbios do olfato por mais de sete meses. A perda de olfato \u00e9 uma [&hellip;]<\/p>\n","protected":false},"author":2,"featured_media":0,"comment_status":"open","ping_status":"closed","sticky":false,"template":"","format":"standard","meta":{"footnotes":""},"categories":[1],"tags":[],"class_list":["post-21819","post","type-post","status-publish","format-standard","hentry","category-conteudo"],"_links":{"self":[{"href":"https:\/\/ammabarbacena.com.br\/perguntas-frequentes\/wp-json\/wp\/v2\/posts\/21819","targetHints":{"allow":["GET"]}}],"collection":[{"href":"https:\/\/ammabarbacena.com.br\/perguntas-frequentes\/wp-json\/wp\/v2\/posts"}],"about":[{"href":"https:\/\/ammabarbacena.com.br\/perguntas-frequentes\/wp-json\/wp\/v2\/types\/post"}],"author":[{"embeddable":true,"href":"https:\/\/ammabarbacena.com.br\/perguntas-frequentes\/wp-json\/wp\/v2\/users\/2"}],"replies":[{"embeddable":true,"href":"https:\/\/ammabarbacena.com.br\/perguntas-frequentes\/wp-json\/wp\/v2\/comments?post=21819"}],"version-history":[{"count":1,"href":"https:\/\/ammabarbacena.com.br\/perguntas-frequentes\/wp-json\/wp\/v2\/posts\/21819\/revisions"}],"predecessor-version":[{"id":21820,"href":"https:\/\/ammabarbacena.com.br\/perguntas-frequentes\/wp-json\/wp\/v2\/posts\/21819\/revisions\/21820"}],"wp:attachment":[{"href":"https:\/\/ammabarbacena.com.br\/perguntas-frequentes\/wp-json\/wp\/v2\/media?parent=21819"}],"wp:term":[{"taxonomy":"category","embeddable":true,"href":"https:\/\/ammabarbacena.com.br\/perguntas-frequentes\/wp-json\/wp\/v2\/categories?post=21819"},{"taxonomy":"post_tag","embeddable":true,"href":"https:\/\/ammabarbacena.com.br\/perguntas-frequentes\/wp-json\/wp\/v2\/tags?post=21819"}],"curies":[{"name":"wp","href":"https:\/\/api.w.org\/{rel}","templated":true}]}}