{"id":21811,"date":"2025-08-09T05:31:01","date_gmt":"2025-08-09T05:31:01","guid":{"rendered":"http:\/\/7418abc9-819e-4e5a-8705-b0157340e978"},"modified":"2025-08-09T05:31:01","modified_gmt":"2025-08-09T05:31:01","slug":"quanto-tempo-vale-o-plano-de-saude-apos-demissao","status":"publish","type":"post","link":"https:\/\/ammabarbacena.com.br\/perguntas-frequentes\/quanto-tempo-vale-o-plano-de-saude-apos-demissao\/","title":{"rendered":"Quanto tempo vale o plano de sa\u00fade ap\u00f3s demiss\u00e3o"},"content":{"rendered":"\n\n<h2 class=\"wp-block-heading\">Quanto tempo o plano de sa\u00fade fica ativo ap\u00f3s demiss\u00e3o?<\/h2>\n\n\n\n<h2 class=\"wp-block-heading\">Quanto tempo o plano de sa\u00fade fica ativo?<\/h2>\n\n\n<p><\/p>\n\n<ul class=\"wp-block-list\">\n<li>O que acontece depois dos 30 dias<\/li>\n<li> A operadora n\u00e3o tem obriga\u00e7\u00e3o de manter o benefici\u00e1rio e a cobertura ser\u00e1 encerrada. J\u00e1 se o trabalhador optar pela perman\u00eancia dentro do prazo, o plano continuar\u00e1 ativo, agora com ele como respons\u00e1vel financeiro.<\/li>\n<\/ul>\n\n\n\n\n<h2 class=\"wp-block-heading\">Como funciona o cancelamento de plano de sa\u00fade empresarial?<\/h2>\n\n\n<p><\/p>Geralmente, \u00e9 necess\u00e1rio um aviso pr\u00e9vio de 30 dias para a operadora de sa\u00fade sobre a inten\u00e7\u00e3o de cancelamento. Al\u00e9m disso, \u00e9 importante verificar as cl\u00e1usulas contratuais, pois podem existir especificidades quanto aos prazos e condi\u00e7\u00f5es para o cancelamento efetivo do servi\u00e7o.<br \/>\n\n\n\n\n<h2 class=\"wp-block-heading\">Quanto tempo de car\u00eancia ap\u00f3s sair da empresa?<\/h2>\n\nO inciso II estabelece que o segurado que deixar de exercer atividade remunerada, ou seja, que ficar desempregado, mant\u00e9m a qualidade de segurado por um per\u00edodo de at\u00e9 12 meses ap\u00f3s a \u00faltima contribui\u00e7\u00e3o realizada.<br \/>\n\n\n\n\n<h2 class=\"wp-block-heading\">Quanto tempo de car\u00eancia depois da demiss\u00e3o?<\/h2>\n\n\n<p><\/p>Esse prazo \u00e9 essencial e est\u00e1 previsto na legisla\u00e7\u00e3o. Durante esses 30 dias, o ex-funcion\u00e1rio deve ser comunicado formalmente pela empresa sobre o direito \u00e0 manuten\u00e7\u00e3o, e ter\u00e1 esse tempo para decidir e assinar o termo de op\u00e7\u00e3o.<br \/>\n\n\n\n\n<h2 class=\"wp-block-heading\">Quanto tempo depois de sair da empresa posso entrar no INSS?<\/h2>\n\n\n<p><\/p>A lei garante um per\u00edodo de tempo em que voc\u00ea continua sendo segurado mesmo sem estar contribuindo. Esse tempo varia conforme sua situa\u00e7\u00e3o, mas em geral \u00e9 de 12 meses, podendo ser maior em alguns casos (vamos detalhar isso mais \u00e0 frente).<br \/>\n\n\n\n\n<h2 class=\"wp-block-heading\">Quando se perde a car\u00eancia do INSS?<\/h2>\n\n\n<p><\/p>Por\u00e9m, h\u00e1 situa\u00e7\u00f5es em que o INSS n\u00e3o exige car\u00eancia m\u00ednima para os benef\u00edcios por incapacidade: Acidente de qualquer natureza, inclusive decorrente do trabalho; Doen\u00e7a profissional ou do trabalho; e. Doen\u00e7a considerada grave.<br \/>\n\n\n\n\n<h2 class=\"wp-block-heading\">Quem estava afastado pelo INSS e depois foi demitido tem direito ao seguro-desemprego?<\/h2>\n\n\n<p><\/p>\n\n<ul class=\"wp-block-list\">\n<li>A demiss\u00e3o ocorreu depois da alta do INSS:<\/li>\n<li> Se o trabalhador retorna ao trabalho ap\u00f3s o aux\u00edlio-doen\u00e7a e s\u00f3 depois \u00e9 dispensado, o tempo anterior \u00e0 doen\u00e7a n\u00e3o ser\u00e1 considerado para o seguro-desemprego. Ser\u00e1 necess\u00e1rio cumprir novamente o tempo m\u00ednimo de trabalho para ter direito ao benef\u00edcio.<\/li>\n<\/ul>\n\n\n\n\n<h2 class=\"wp-block-heading\">Quanto tempo posso usar o plano de sa\u00fade ap\u00f3s o cancelamento?<\/h2>\n\nQuanto tempo posso usar o plano de sa\u00fade ap\u00f3s o cancelamento? Ap\u00f3s o cancelamento do plano de sa\u00fade, o benefici\u00e1rio pode utilizar os servi\u00e7os at\u00e9 o \u00faltimo dia de vig\u00eancia do contrato ou at\u00e9 o prazo estipulado na notifica\u00e7\u00e3o de cancelamento.<br \/>\n\n\n\n\n<h2 class=\"wp-block-heading\">Quanto tempo posso usar o conv\u00eanio depois de cancelar?<\/h2>\n\n\n<p><\/p>Se essas condi\u00e7\u00f5es forem atendidas, o ex-funcion\u00e1rio pode permanecer no plano por um per\u00edodo equivalente a um ter\u00e7o do tempo em que ficou no plano, com um m\u00ednimo de seis meses e m\u00e1ximo de dois anos. Exemplo: Se o empregado contribuiu com o plano por 9 anos, poder\u00e1 permanecer por at\u00e9 3 anos (limite de 2 anos).<br \/>\n\n\n\n\n<h2 class=\"wp-block-heading\">Quanto tempo sem pagar o plano de sa\u00fade ele \u00e9 cancelado?<\/h2>\n\n\n<p><\/p>Agora, o plano poder\u00e1 ser cancelado se houver pelo menos duas mensalidades em atraso dentro de um per\u00edodo de 12 meses, independentemente de serem consecutivas ou n\u00e3o.<br \/>\n\n\n\n\n<h2 class=\"wp-block-heading\">Quando voc\u00ea cancela o plano de sa\u00fade, o que acontece?<\/h2>\n\n\n<p><\/p>Quando uma operadora decide cancelar um plano de sa\u00fade sem justificativa ou aviso pr\u00e9vio adequado, o benefici\u00e1rio tem o direito de recorrer e buscar ressarcimento, assegurando sua prote\u00e7\u00e3o e acesso aos servi\u00e7os de sa\u00fade necess\u00e1rios.<br \/>\n\n\n\n\n<h2 class=\"wp-block-heading\">Posso permanecer no plano de sa\u00fade ap\u00f3s o desligamento?<\/h2>\n\n\n<p><\/p>Para ter direito a permanecer no plano de sa\u00fade ap\u00f3s a aposentadoria ou demiss\u00e3o\/exonera\u00e7\u00e3o sem justa causa \u00e9 necess\u00e1rio que o benefici\u00e1rio tenha contribu\u00eddo com o pagamento mensal do plano. Ou seja, esse direito n\u00e3o se aplica para os planos de sa\u00fade que s\u00e3o pagos integralmente pela empresa aos seus empregados.<br \/>\n\n\n\n\n<h2 class=\"wp-block-heading\">Quanto tempo ap\u00f3s a demiss\u00e3o posso usar o plano de sa\u00fade Unimed?<\/h2>\n\nO ex-empregado demitido ou exonerado sem justa causa ou aposentado deve optar pela manuten\u00e7\u00e3o do benefici\u00e1rio no prazo m\u00e1ximo de 30 (trinta) dias contados da comunica\u00e7\u00e3o inequ\u00edvoca do empregador sobre a op\u00e7\u00e3o de manuten\u00e7\u00e3o da condi\u00e7\u00e3o de benefici\u00e1rio de que gozava quando da vig\u00eancia do contrato de trabalho formalizada &#8230;<br \/>\n\n\n\n\n<h2 class=\"wp-block-heading\">Quanto tempo posso usar a Unimed depois de ser demitido?<\/h2>\n\n\n<p><\/p>Al\u00e9m de seguir essas condi\u00e7\u00f5es, para manter o conv\u00eanio, o trabalhador deve solicitar a continuidade do plano \u00e0 empresa em um prazo m\u00e1ximo de 30 dias ap\u00f3s o desligamento. Outro ponto importante \u00e9 que o ex-empregado deve assumir integralmente o pagamento do plano de sa\u00fade ap\u00f3s a demiss\u00e3o.<br \/>\n\n\n\n\n<h2 class=\"wp-block-heading\">Quanto tempo depois posso usar o plano de sa\u00fade?<\/h2>\n\n\n<p><\/p>Ap\u00f3s a demiss\u00e3o, o plano de sa\u00fade pode continuar a ser utilizado pelo ex-funcion\u00e1rio por mais de 30 dias, desde que ele cumpra determinados requisitos previstos na legisla\u00e7\u00e3o brasileira.<br \/>\n\n\n\n\n<h2 class=\"wp-block-heading\">Pode usar o plano de sa\u00fade no aviso pr\u00e9vio?<\/h2>\n\n\n<p><\/p>Plano de sa\u00fade n\u00e3o pode ser suprimido durante aviso pr\u00e9vio indenizado.<br \/>\n\n\n\n\n<h2 class=\"wp-block-heading\">Quanto tempo o plano de sa\u00fade fica ativo sem pagar?<\/h2>\n\nA operadora tem at\u00e9 50 dias ap\u00f3s o seu atraso para enviar a notifica\u00e7\u00e3o de inadimpl\u00eancia. A partir dessa notifica\u00e7\u00e3o, deve ser dada a oportunidade, durante 10 dias, para pagamento do valor em aberto.<br \/>\n\n\n\n\n<h2 class=\"wp-block-heading\">Quantos dias sem pagar o plano de sa\u00fade \u00e9 cancelado?<\/h2>\n\n\n<p><\/p>Agora, o plano poder\u00e1 ser cancelado se houver pelo menos duas mensalidades em atraso dentro de um per\u00edodo de 12 meses, independentemente de serem consecutivas ou n\u00e3o.<br \/>\n\n\n\n\n<h2 class=\"wp-block-heading\">Quantas parcelas pode atrasar do plano de sa\u00fade?<\/h2>\n\n\n<p><\/p>J\u00e1 para os planos individuais ou familiares continua valendo as regras da lei que disp\u00f5e sobre os planos e seguros privados de assist\u00eancia \u00e0 sa\u00fade. Nesse caso, o usu\u00e1rio poder\u00e1 ter o contrato cancelado se deixar de pagar, no m\u00ednimo, duas parcelas, consecutivas ou n\u00e3o, nos \u00faltimos 12 meses de vig\u00eancia.<br \/>\n\n\n\n\n<h2 class=\"wp-block-heading\">Quanto tempo posso usar o conv\u00eanio sem pagar?<\/h2>\n\n\n<p><\/p>Se n\u00e3o houver aviso pr\u00e9vio nem for confirmado o atraso h\u00e1 mais de 60 dias, a operadora N\u00c3O pode cancelar nem suspender o plano. Por isso que, mesmo com o pagamento atrasado fora dos 60 dias, o plano de sa\u00fade tem o dever de te atender, seja em caso de urg\u00eancia ou n\u00e3o.<br \/>\n\n\n\n\n<h2 class=\"wp-block-heading\">Quantos dias o plano de sa\u00fade fica ativo?<\/h2>\n\n\n<p><\/p>Se o trabalhador n\u00e3o manifestar interesse dentro do prazo de 30 dias contados do desligamento, o plano ser\u00e1 cancelado. A operadora n\u00e3o tem obriga\u00e7\u00e3o de manter o benefici\u00e1rio e a cobertura ser\u00e1 encerrada.<br \/>\n\n\n\n\n<h2 class=\"wp-block-heading\">Quais s\u00e3o as novas regras para inadimpl\u00eancia na sa\u00fade?<\/h2>\n\n\n<p><\/p>A resolu\u00e7\u00e3o entra em vigor a partir de 1\u00b0de fevereiro de 2025 e estabelece que o benefici\u00e1rio poder\u00e1 ser exclu\u00eddo ou ter seu contrato cancelado por inadimpl\u00eancia se deixar de pagar, no m\u00ednimo, duas mensalidades, consecutivas ou n\u00e3o, desde que haja pr\u00e9via notifica\u00e7\u00e3o.<br \/>\n\n\n\n\n<h2 class=\"wp-block-heading\">Como saber se meu plano de sa\u00fade est\u00e1 ativo?<\/h2>\n\n\n\n<h2 class=\"wp-block-heading\">Como consultar o plano de sa\u00fade pelo CPF?<\/h2>\n\n\n<p><\/p>A conta \u00fanica est\u00e1 dispon\u00edvel no site http:\/\/acesso.gov.br. Informa\u00e7\u00f5es como nome completo, data de nascimento, nome da m\u00e3e, CPF e Cart\u00e3o Nacional de Sa\u00fade (CNS) podem ser verificados, assim como dados relativos ao plano de sa\u00fade contratado.<br \/>\n\n\n\n\n<h2 class=\"wp-block-heading\">Como saber se meu plano de sa\u00fade assim est\u00e1 ativo?<\/h2>\n\n\n<p><\/p>Verifique tamb\u00e9m se o plano a ser contratado est\u00e1 devidamente registrado e ativo. Para isso, consulte o endere\u00e7o eletr\u00f4nico da Ag\u00eancia Nacional de Sa\u00fade Suplementar (www.ans.gov.br) ou ligue para o Disque-ANS: 0800-701-9656.<br \/>\n\n\n\n\n<h2 class=\"wp-block-heading\">Como saber se meu plano de sa\u00fade est\u00e1 cancelado?<\/h2>\n\n\n<p><\/p>No site da ag\u00eancia, procure por \u201cPlanos de Sa\u00fade\u201d e, logo depois, v\u00e1 para a guia \u201cEmitir certid\u00e3o de situa\u00e7\u00e3o cadastral de plano de sa\u00fade\u201d. Para facilitar, inserimos o link aqui. Nesse link, voc\u00ea receber\u00e1 uma certid\u00e3o atual da situa\u00e7\u00e3o cadastral do seu plano, caso precise provar.<br \/>\n\n\n\n\n<h2 class=\"wp-block-heading\">Como eu sei meu plano do conv\u00eanio?<\/h2>\n\n\n<p><\/p>Fique com a gente! Para n\u00e3o perder um temp\u00e3o no telefone, a op\u00e7\u00e3o mais pr\u00e1tica \u00e9 acessar o site da ANS (Ag\u00eancia Nacional de Sa\u00fade Suplementar) e conferir o status do seu plano. A cerca de dois anos, o site disponibiliza uma ferramenta de pesquisa que permite saber um panorama geral do plano e da operadora.<br \/>\n\n\n\n\n<h2 class=\"wp-block-heading\">Como posso verificar se meu plano Unimed est\u00e1 ativo?<\/h2>\n\n\n<p><\/p>Para saber se o plano da Central Nacional Unimed est\u00e1 ativo, o benefici\u00e1rio deve entrar em contato com a operadora\/administradora via telefone ou via aplicativo\/site pelo portal do benefici\u00e1rio na operadora. O telefone da Central Nacional Unimed \u00e9 11 2505-1114.<br \/>\n\n\n","protected":false},"excerpt":{"rendered":"<p>Quanto tempo o plano de sa\u00fade fica ativo ap\u00f3s demiss\u00e3o? Quanto tempo o plano de sa\u00fade fica ativo? Como funciona o cancelamento de plano de sa\u00fade empresarial? Geralmente, \u00e9 necess\u00e1rio um aviso pr\u00e9vio de 30 dias para a operadora de sa\u00fade sobre a inten\u00e7\u00e3o de cancelamento. Al\u00e9m disso, \u00e9 importante verificar as cl\u00e1usulas contratuais, pois [&hellip;]<\/p>\n","protected":false},"author":2,"featured_media":0,"comment_status":"open","ping_status":"closed","sticky":false,"template":"","format":"standard","meta":{"footnotes":""},"categories":[1],"tags":[],"class_list":["post-21811","post","type-post","status-publish","format-standard","hentry","category-conteudo"],"_links":{"self":[{"href":"https:\/\/ammabarbacena.com.br\/perguntas-frequentes\/wp-json\/wp\/v2\/posts\/21811","targetHints":{"allow":["GET"]}}],"collection":[{"href":"https:\/\/ammabarbacena.com.br\/perguntas-frequentes\/wp-json\/wp\/v2\/posts"}],"about":[{"href":"https:\/\/ammabarbacena.com.br\/perguntas-frequentes\/wp-json\/wp\/v2\/types\/post"}],"author":[{"embeddable":true,"href":"https:\/\/ammabarbacena.com.br\/perguntas-frequentes\/wp-json\/wp\/v2\/users\/2"}],"replies":[{"embeddable":true,"href":"https:\/\/ammabarbacena.com.br\/perguntas-frequentes\/wp-json\/wp\/v2\/comments?post=21811"}],"version-history":[{"count":1,"href":"https:\/\/ammabarbacena.com.br\/perguntas-frequentes\/wp-json\/wp\/v2\/posts\/21811\/revisions"}],"predecessor-version":[{"id":21812,"href":"https:\/\/ammabarbacena.com.br\/perguntas-frequentes\/wp-json\/wp\/v2\/posts\/21811\/revisions\/21812"}],"wp:attachment":[{"href":"https:\/\/ammabarbacena.com.br\/perguntas-frequentes\/wp-json\/wp\/v2\/media?parent=21811"}],"wp:term":[{"taxonomy":"category","embeddable":true,"href":"https:\/\/ammabarbacena.com.br\/perguntas-frequentes\/wp-json\/wp\/v2\/categories?post=21811"},{"taxonomy":"post_tag","embeddable":true,"href":"https:\/\/ammabarbacena.com.br\/perguntas-frequentes\/wp-json\/wp\/v2\/tags?post=21811"}],"curies":[{"name":"wp","href":"https:\/\/api.w.org\/{rel}","templated":true}]}}