{"id":2178,"date":"2025-07-17T06:35:19","date_gmt":"2025-07-17T06:35:19","guid":{"rendered":"http:\/\/b6c68112-c0c4-4929-b7d8-f48a87e121f7"},"modified":"2025-07-17T06:35:19","modified_gmt":"2025-07-17T06:35:19","slug":"o-que-e-vernix-caseoso","status":"publish","type":"post","link":"https:\/\/ammabarbacena.com.br\/perguntas-frequentes\/o-que-e-vernix-caseoso\/","title":{"rendered":"O que \u00e9 vernix caseoso"},"content":{"rendered":"\n\n<h2 class=\"wp-block-heading\">Qual a fun\u00e7\u00e3o do v\u00e9rnix caseoso?<\/h2>\n\nO v\u00e9rnix caseoso desempenha v\u00e1rias fun\u00e7\u00f5es fisiol\u00f3gicas para auxiliar a adapta\u00e7\u00e3o extrauterina do feto ao ambiente.<br \/>\n\n\n\n\n<h2 class=\"wp-block-heading\">O que \u00e9 v\u00e9rnix caseoso e qual a sua fun\u00e7\u00e3o?<\/h2>\n\n\n<p><\/p>V\u00e9rnix caseoso \u00e9 o nome dado \u00e0 pel\u00edcula protetora composta por \u00e1gua, lip\u00eddio e prote\u00ednas que reveste o beb\u00ea a partir do terceiro trimestre de gesta\u00e7\u00e3o, garantindo que as camadas da pele \u2014 epiderme, derme e hipoderme \u2014 possam amadurecer sem o contato direto com o l\u00edquido amni\u00f3tico.<br \/>\n\n\n\n\n<h2 class=\"wp-block-heading\">O que \u00e9 o v\u00e9rnix caseoso?<\/h2>\n\n\n<p><\/p>O v\u00e9rnix caseoso \u00e9 um material branco e ceroso composto de lip\u00eddios e prote\u00ednas que envolve o feto no nascimento e fornece uma camada hidrof\u00f3bica de prote\u00e7\u00e3o para a pele do feto enquanto est\u00e1 no \u00fatero.<br \/>\n\n\n\n\n<h2 class=\"wp-block-heading\">Qual a fun\u00e7\u00e3o do v\u00e9rnix caseoso que se adere ao lanugo?<\/h2>\n\n\n<p><\/p>Prote\u00e7\u00e3o contra agentes infectantes como bact\u00e9rias e v\u00edrus.<br \/>\n\n\n\n\n<h2 class=\"wp-block-heading\">Para que serve o v\u00e9rnix?<\/h2>\n\n\n<p><\/p>Quando o beb\u00ea ainda est\u00e1 abrigado no \u00fatero materno, a fun\u00e7\u00e3o do v\u00e9rnix \u00e9 proteger e isol\u00e1-lo do l\u00edquido amni\u00f3tico. Ap\u00f3s o nascimento, a fun\u00e7\u00e3o dessa subst\u00e2ncia \u00e9 lubrificar e hidratar a pele sens\u00edvel. Ele tamb\u00e9m ajuda a regular a temperatura do corpo e diminuir o risco de infec\u00e7\u00f5es bacterianas.<br \/>\n\n\n\n\n<h2 class=\"wp-block-heading\">O que \u00e9 aspecto caseoso?<\/h2>\n\n\n<p><\/p>&#8220;Caseosa&#8221; significa &#8220;semelhante a queijo&#8221; e descreve a apar\u00eancia esbranqui\u00e7ada e quebradi\u00e7a do tecido ap\u00f3s sua morte.<br \/>\n\n\n\n\n<h2 class=\"wp-block-heading\">O que significa vernix caseosa?<\/h2>\n\nO v\u00e9rnix caseoso \u00e9 um biofilme branco, cremoso e natural que reveste a pele do feto durante o \u00faltimo trimestre da gesta\u00e7\u00e3o. O revestimento de v\u00e9rnix na pele neonatal protege a pele do rec\u00e9m-nascido e facilita a adapta\u00e7\u00e3o extrauterina da pele na primeira semana p\u00f3s-natal, caso n\u00e3o seja removido ap\u00f3s o nascimento.<br \/>\n\n\n\n\n<h2 class=\"wp-block-heading\">O que significa verniz caseoso?<\/h2>\n\n\n<p><\/p>Vernix caseosa, frequentemente chamada simplesmente de v\u00e9rnix, \u00e9 a subst\u00e2ncia branca e cremosa que voc\u00ea pode notar na pele do seu rec\u00e9m-nascido logo ap\u00f3s o nascimento. A defini\u00e7\u00e3o de v\u00e9rnix caseosa \u00e9 literalmente &#8220;verniz com apar\u00eancia de queijo&#8221;, e se encaixa perfeitamente.<br \/>\n\n\n\n\n<h2 class=\"wp-block-heading\">Porque tem beb\u00ea que nasce com muito v\u00e9rnix?<\/h2>\n\n\n<p><\/p>Beb\u00eas que nascem entre 36 e 39 semanas de gesta\u00e7\u00e3o t\u00eam mais chances de apresentar uma maior quantidade de v\u00e9rnix em sua pele. Isso ocorre porque nesse per\u00edodo, as gl\u00e2ndulas seb\u00e1ceas do feto est\u00e3o mais ativas, produzindo uma quantidade significativa dessa subst\u00e2ncia.<br \/>\n\n\n\n\n<h2 class=\"wp-block-heading\">O que \u00e9 um material caseoso?<\/h2>\n\n\n<p><\/p>&#8220;Caseosa&#8221; significa &#8220;semelhante a queijo&#8221; e descreve a apar\u00eancia esbranqui\u00e7ada e quebradi\u00e7a do tecido ap\u00f3s sua morte.<br \/>\n\n\n\n\n<h2 class=\"wp-block-heading\">Qual a fun\u00e7\u00e3o do vernix caseosa que se adere ao lanugo?<\/h2>\n\nEvita a desidrata\u00e7\u00e3o: prote\u00e7\u00e3o contra a perda de l\u00edquido para o meio externo; Prote\u00e7\u00e3o lip\u00eddica: at\u00e9 o desprendimento natural do v\u00e9rnix e a matura\u00e7\u00e3o da barreira transepid\u00e9rmica do beb\u00ea.<br \/>\n\n\n\n\n<h2 class=\"wp-block-heading\">Qual a fun\u00e7\u00e3o do verniz caseoso que se adere ao longo?<\/h2>\n\n\n<p><\/p>Al\u00e9m de garantir que a pele amadure\u00e7a dentro da m\u00e3e, o v\u00e9rnix caseoso, assim como outros fluidos, ajuda a diminuir o atrito durante o parto vaginal e a cicatrizar a pele mais rapidamente durante a passagem do beb\u00ea pelo canal.<br \/>\n\n\n\n\n<h2 class=\"wp-block-heading\">Quanto tempo dura o v\u00e9rnix caseoso?<\/h2>\n\n\n<p><\/p>O vernix caseoso \u00e9 uma subst\u00e2ncia gordurosa produzida pelas gl\u00e2ndulas seb\u00e1ceas e que recobre a pele do RN, desaparecendo geralmente ap\u00f3s 24 horas de vida.<br \/>\n\n\n\n\n<h2 class=\"wp-block-heading\">Para que serve o selante antes do verniz?<\/h2>\n\n\n<p><\/p>Voc\u00ea sabe qual \u00e9 a fun\u00e7\u00e3o do selador na pintura de parede? O produto \u00e9 extremamente importante para a prepara\u00e7\u00e3o da superf\u00edcie antes da aplica\u00e7\u00e3o da tinta. Dessa forma, ele possui papel fundamental para aumentar o rendimento da tinta, al\u00e9m de selar e uniformizar a parede, contribuindo de forma direta com o resultado.<br \/>\n\n\n\n\n<h2 class=\"wp-block-heading\">Quando o v\u00e9rnix caseoso \u00e9 produzido?<\/h2>\n\nSua produ\u00e7\u00e3o se inicia durante o terceiro trimestre de gesta\u00e7\u00e3o e vai se desprendendo da pele aos poucos, diluindo no l\u00edquido amni\u00f3tico, com a evolu\u00e7\u00e3o da gesta\u00e7\u00e3o, por esse motivo os beb\u00eas prematuros n\u00e3o t\u00eam ou tem pouco, os 37-40 semanas t\u00eam quantidade moderada, e os 41-42 semanas tem pouca quantidade, pois j\u00e1 diluiu &#8230;<br \/>\n\n\n\n\n<h2 class=\"wp-block-heading\">Quando o beb\u00ea nasce com muito v\u00e9rnix?<\/h2>\n\n\n<p><\/p>Se o seu beb\u00ea nascer com muito v\u00e9rnix, n\u00e3o se preocupe, pois \u00e9 completamente normal e geralmente um bom sinal de um parto saud\u00e1vel ou um pouco prematuro. Essa camada cremosa atua como um hidratante suave e pode at\u00e9 ajudar a regular a temperatura corporal durante as primeiras horas ap\u00f3s o parto.<br \/>\n\n\n\n\n<h2 class=\"wp-block-heading\">Quanto tempo deixar o v\u00e9rnix no beb\u00ea?<\/h2>\n\nPor quanto tempo o v\u00e9rnix deve permanecer em um beb\u00ea? A Organiza\u00e7\u00e3o Mundial da Sa\u00fade recomenda deixar o v\u00e9rnix no seu beb\u00ea por pelo menos seis horas, mas o ideal \u00e9 que ele permane\u00e7a por 24 horas. Isso ajuda a regular a temperatura, a criar v\u00ednculos e a proteger a pele.<br \/>\n\n\n\n\n<h2 class=\"wp-block-heading\">Qual a import\u00e2ncia de manter o v\u00e9rnix na pele do rec\u00e9m-nascido?<\/h2>\n\n\n<p><\/p>O revestimento de v\u00e9rnix na pele neonatal protege a pele do rec\u00e9m-nascido e facilita a adapta\u00e7\u00e3o extrauterina da pele na primeira semana p\u00f3s-natal, caso n\u00e3o seja removido ap\u00f3s o nascimento.<br \/>\n\n\n\n\n<h2 class=\"wp-block-heading\">Quais s\u00e3o os benef\u00edcios do v\u00e9rnix em rec\u00e9m-nascidos?<\/h2>\n\n\n<p><\/p>Ele atua como uma barreira protetora, ajudando a proteger a pele delicada do feto do l\u00edquido amni\u00f3tico. Ap\u00f3s o nascimento, parte do v\u00e9rnix ainda pode estar presente na pele do rec\u00e9m-nascido.<br \/>\n\n\n\n\n<h2 class=\"wp-block-heading\">Qual a import\u00e2ncia do v\u00e9rnix para a prote\u00e7\u00e3o do beb\u00ea?<\/h2>\n\n\n<p><\/p>Quando o beb\u00ea ainda est\u00e1 abrigado no \u00fatero materno, a fun\u00e7\u00e3o do v\u00e9rnix \u00e9 proteger e isol\u00e1-lo do l\u00edquido amni\u00f3tico. Ap\u00f3s o nascimento, a fun\u00e7\u00e3o dessa subst\u00e2ncia \u00e9 lubrificar e hidratar a pele sens\u00edvel. Ele tamb\u00e9m ajuda a regular a temperatura do corpo e diminuir o risco de infec\u00e7\u00f5es bacterianas.<br \/>\n\n\n\n\n<h2 class=\"wp-block-heading\">O v\u00e9rnix caseoso tem cheiro?<\/h2>\n\n\n\n<h2 class=\"wp-block-heading\">O v\u00e9rnix tem cheiro?<\/h2>\n\n\n<p><\/p>Os rec\u00e9m-nascidos chegam depois de passar meses flutuando no l\u00edquido amni\u00f3tico, cobertos por uma subst\u00e2ncia branca e cerosa conhecida como v\u00e9rnix caseoso . Alguns teorizam que esses fluidos e subst\u00e2ncias desempenham um papel no cheiro do beb\u00ea.<br \/>\n\n\n\n\n<h2 class=\"wp-block-heading\">O beb\u00ea sente o cheiro do leite materno?<\/h2>\n\n\n<p><\/p>Estudos mostraram que os rec\u00e9m-nascidos com apenas uma semana de vida reconhecem o leite das m\u00e3es pelo olfato. E s\u00e3o capazes de sentir o cheiro delas e perceber sua presen\u00e7a mesmo quando em um quarto escuro.<br \/>\n\n\n","protected":false},"excerpt":{"rendered":"<p>Qual a fun\u00e7\u00e3o do v\u00e9rnix caseoso? O v\u00e9rnix caseoso desempenha v\u00e1rias fun\u00e7\u00f5es fisiol\u00f3gicas para auxiliar a adapta\u00e7\u00e3o extrauterina do feto ao ambiente. O que \u00e9 v\u00e9rnix caseoso e qual a sua fun\u00e7\u00e3o? V\u00e9rnix caseoso \u00e9 o nome dado \u00e0 pel\u00edcula protetora composta por \u00e1gua, lip\u00eddio e prote\u00ednas que reveste o beb\u00ea a partir do terceiro [&hellip;]<\/p>\n","protected":false},"author":2,"featured_media":0,"comment_status":"open","ping_status":"closed","sticky":false,"template":"","format":"standard","meta":{"footnotes":""},"categories":[1],"tags":[],"class_list":["post-2178","post","type-post","status-publish","format-standard","hentry","category-conteudo"],"_links":{"self":[{"href":"https:\/\/ammabarbacena.com.br\/perguntas-frequentes\/wp-json\/wp\/v2\/posts\/2178","targetHints":{"allow":["GET"]}}],"collection":[{"href":"https:\/\/ammabarbacena.com.br\/perguntas-frequentes\/wp-json\/wp\/v2\/posts"}],"about":[{"href":"https:\/\/ammabarbacena.com.br\/perguntas-frequentes\/wp-json\/wp\/v2\/types\/post"}],"author":[{"embeddable":true,"href":"https:\/\/ammabarbacena.com.br\/perguntas-frequentes\/wp-json\/wp\/v2\/users\/2"}],"replies":[{"embeddable":true,"href":"https:\/\/ammabarbacena.com.br\/perguntas-frequentes\/wp-json\/wp\/v2\/comments?post=2178"}],"version-history":[{"count":1,"href":"https:\/\/ammabarbacena.com.br\/perguntas-frequentes\/wp-json\/wp\/v2\/posts\/2178\/revisions"}],"predecessor-version":[{"id":2179,"href":"https:\/\/ammabarbacena.com.br\/perguntas-frequentes\/wp-json\/wp\/v2\/posts\/2178\/revisions\/2179"}],"wp:attachment":[{"href":"https:\/\/ammabarbacena.com.br\/perguntas-frequentes\/wp-json\/wp\/v2\/media?parent=2178"}],"wp:term":[{"taxonomy":"category","embeddable":true,"href":"https:\/\/ammabarbacena.com.br\/perguntas-frequentes\/wp-json\/wp\/v2\/categories?post=2178"},{"taxonomy":"post_tag","embeddable":true,"href":"https:\/\/ammabarbacena.com.br\/perguntas-frequentes\/wp-json\/wp\/v2\/tags?post=2178"}],"curies":[{"name":"wp","href":"https:\/\/api.w.org\/{rel}","templated":true}]}}