{"id":2172,"date":"2025-07-17T06:31:06","date_gmt":"2025-07-17T06:31:06","guid":{"rendered":"http:\/\/217474d2-12ca-4bc9-9349-14cf92e73949"},"modified":"2025-07-17T06:31:06","modified_gmt":"2025-07-17T06:31:06","slug":"o-que-e-polo-passivo-em-um-processo","status":"publish","type":"post","link":"https:\/\/ammabarbacena.com.br\/perguntas-frequentes\/o-que-e-polo-passivo-em-um-processo\/","title":{"rendered":"O que \u00e9 polo passivo em um processo"},"content":{"rendered":"\n\n<h2 class=\"wp-block-heading\">O que \u00e9 uma pessoa polo passivo?<\/h2>\n\n\n\n<ul class=\"wp-block-list\">\n<li>O que \u00e9 polo passivo<\/li>\n<li> Ou seja, aquela contra quem a a\u00e7\u00e3o foi movida. A parte que figura no polo passivo \u00e9 a que dever\u00e1 responder pelas acusa\u00e7\u00f5es ou reivindica\u00e7\u00f5es feitas pela parte autora (polo ativo).<\/li>\n<\/ul>\n\n\n\n\n<h2 class=\"wp-block-heading\">Quem \u00e9 o polo passivo da lide?<\/h2>\n\n\n<p><\/p>Polo passivo \u00e9 o r\u00e9u ou requerido, aquele contra o qual se abre um processo. Uma a\u00e7\u00e3o judicial constitui-se de tr\u00eas elementos identificadores: as partes, o pedido e a causa de pedir. O autor e r\u00e9u s\u00e3o as partes processuais e formam, respectivamente, os polos ativo e passivo da a\u00e7\u00e3o.<br \/>\n\n\n\n\n<h2 class=\"wp-block-heading\">O que \u00e9 parte passiva de um processo?<\/h2>\n\nConclus\u00e3o. Em suma, a parte passiva \u00e9 aquela que sofre os efeitos de uma a\u00e7\u00e3o ou contrato, sem possuir o poder de iniciativa. Ela tem a responsabilidade de cumprir as obriga\u00e7\u00f5es decorrentes da situa\u00e7\u00e3o jur\u00eddica em quest\u00e3o, mas tamb\u00e9m possui direitos, como o direito de se defender e de ser tratada de forma justa.<br \/>\n\n\n\n\n<h2 class=\"wp-block-heading\">O que \u00e9 passivo no processo?<\/h2>\n\n\n<p><\/p>O polo passivo \u00e9 o termo utilizado para designar a parte de um processo judicial que est\u00e1 sendo demandada. Em outras palavras, \u00e9 a parte contra a qual a a\u00e7\u00e3o foi movida, tamb\u00e9m conhecida como r\u00e9u. Essa parte deve responder pelas acusa\u00e7\u00f5es ou reivindica\u00e7\u00f5es feitas pela parte autora, que ocupa o polo ativo.<br \/>\n\n\n\n\n<h2 class=\"wp-block-heading\">O que significa r\u00e9u passivo?<\/h2>\n\n\n<p><\/p>No centro do polo passivo figura o r\u00e9u, aquele que a lei aponta como respons\u00e1vel pela repara\u00e7\u00e3o do dano ou pelo cumprimento da obriga\u00e7\u00e3o pleiteada pelo autor.<br \/>\n\n\n\n\n<h2 class=\"wp-block-heading\">Quem pode figurar no polo passivo?<\/h2>\n\n\n<p><\/p>Apenas o Delegado da Receita Federal det\u00e9m legitimidade para figurar no p\u00f3lo passivo da demanda, a par da regra insculpida na pr\u00f3pria LC n.\u00ba 123 \/2006, que institui o Simples Nacional, em seu art.<br \/>\n\n\n\n\n<h2 class=\"wp-block-heading\">O que significa parte passiva no processo judicial?<\/h2>\n\n\n<p><\/p>Polo passivo \u00e9 o termo usado para designar a parte de um processo judicial que est\u00e1 sendo demandada. Ou seja, aquela contra quem a a\u00e7\u00e3o foi movida. A parte que figura no polo passivo \u00e9 a que dever\u00e1 responder pelas acusa\u00e7\u00f5es ou reivindica\u00e7\u00f5es feitas pela parte autora (polo ativo).<br \/>\n\n\n\n\n<h2 class=\"wp-block-heading\">O que \u00e9 considerado passivo?<\/h2>\n\n\n<p><\/p>Em contabilidade, um passivo equivale \u00e0s obriga\u00e7\u00f5es devidas de uma pessoa f\u00edsica ou jur\u00eddica em espec\u00edfico. Em outras palavras, os passivos representam todas as despesas, d\u00edvidas e encargos financeiros que uma empresa possui \u2014 isto \u00e9, a somat\u00f3ria de toda sa\u00edda de capital do empreendimento.<br \/>\n\n\n\n\n<h2 class=\"wp-block-heading\">Quem integra o polo passivo?<\/h2>\n\nPolo passivo \u00e9 o r\u00e9u ou requerido, aquele contra o qual se abre um processo. Uma a\u00e7\u00e3o judicial constitui-se de tr\u00eas elementos identificadores: as partes, o pedido e a causa de pedir. O autor e r\u00e9u s\u00e3o as partes processuais e formam, respectivamente, os polos ativo e passivo da a\u00e7\u00e3o.<br \/>\n\n\n\n\n<h2 class=\"wp-block-heading\">O que \u00e9 incluir no polo passivo?<\/h2>\n\n\n<p><\/p>\n\n<ul class=\"wp-block-list\">\n<li>O que \u00e9 polo passivo<\/li>\n<li> Polo passivo \u00e9 o termo usado para designar a parte de um processo judicial que est\u00e1 sendo demandada. Ou seja, aquela contra quem a a\u00e7\u00e3o foi movida. A parte que figura no polo passivo \u00e9 a que dever\u00e1 responder pelas acusa\u00e7\u00f5es ou reivindica\u00e7\u00f5es feitas pela parte autora (polo ativo).<\/li>\n<\/ul>\n\n\n\n\n<h2 class=\"wp-block-heading\">Quem fica no polo passivo do invent\u00e1rio?<\/h2>\n\n\n<p><\/p>LEGITIMIDADE DOS HERDEIROS PARA FIGURAR NO POLO PASSIVO NO LUGAR DO PRIMEIRO REQUERIDO FALECIDO. CASO CONCRETO EM QUE N\u00c3O H\u00c1 INVENT\u00c1RIO, EMBORA EXISTAM BENS, PORTANTO OS HERDEIROS S\u00c3O PARTE LEG\u00cdTIMA PARA FIGURAR NO POLO PASSIVO.<br \/>\n\n\n\n\n<h2 class=\"wp-block-heading\">O que significa polo passivo no INSS?<\/h2>\n\n\n<p><\/p>O INSS \u00c9 PARTE LEG\u00cdTIMA PARA FIGURAR NO POLO PASSIVO, UMA VEZ QUE DET\u00c9M A OBRIGA\u00c7\u00c3O DE VERIFICAR A IDONEIDADE FORMAL DA ASSOCIA\u00c7\u00c3O E A EXIST\u00caNCIA DE AUTORIZA\u00c7\u00c3O DO SEGURADO PARA OS DESCONTOS NO BENEF\u00cdCIO PREVIDENCI\u00c1RIO, CONFORME O ARTIGO 115 , INCISO V , DA LEI N\u00ba 8.213 \/1991.<br \/>\n\n\n\n\n<h2 class=\"wp-block-heading\">Quem deve compor o polo passivo?<\/h2>\n\n\n<p><\/p>O polo passivo \u00e9 o termo utilizado para designar a parte de um processo judicial que est\u00e1 sendo demandada. Em outras palavras, \u00e9 a parte contra a qual a a\u00e7\u00e3o foi movida, tamb\u00e9m conhecida como r\u00e9u. Essa parte deve responder pelas acusa\u00e7\u00f5es ou reivindica\u00e7\u00f5es feitas pela parte autora, que ocupa o polo ativo.<br \/>\n\n\n\n\n<h2 class=\"wp-block-heading\">O que \u00e9 o passivo em um processo judicial?<\/h2>\n\nO que \u00e9 o passivo em um processo judicial? Antes de mergulharmos na import\u00e2ncia da an\u00e1lise de passivo, \u00e9 fundamental compreender o que exatamente constitui o passivo em um processo judicial. O passivo se refere a todas as obriga\u00e7\u00f5es financeiras e jur\u00eddicas que uma parte pode ter em rela\u00e7\u00e3o ao processo.<br \/>\n\n\n\n\n<h2 class=\"wp-block-heading\">Quem \u00e9 o passivo no processo?<\/h2>\n\n\n<p><\/p>O autor \u00e9 o polo ativo do processo, em contraposi\u00e7\u00e3o ao r\u00e9u, que \u00e9 o polo passivo. O r\u00e9u \u00e9 a parte contra quem o processo \u00e9 promovido. \u00c9 contra ele que o pedido do autor \u00e9 apresentado. Ele pode ser acusado, responder por crime ou delito e, no fim do processo, ser considerado culpado ou inocente.<br \/>\n\n\n\n\n<h2 class=\"wp-block-heading\">Quem \u00e9 a parte passiva em um processo?<\/h2>\n\n\n<p><\/p>Conclus\u00e3o. Em suma, a parte passiva \u00e9 aquela que sofre os efeitos de uma a\u00e7\u00e3o ou contrato, sem possuir o poder de iniciativa. Ela tem a responsabilidade de cumprir as obriga\u00e7\u00f5es decorrentes da situa\u00e7\u00e3o jur\u00eddica em quest\u00e3o, mas tamb\u00e9m possui direitos, como o direito de se defender e de ser tratada de forma justa.<br \/>\n\n\n\n\n<h2 class=\"wp-block-heading\">O que significa passivo em um processo judicial?<\/h2>\n\n\n<p><\/p>O que \u00e9 o passivo em um processo judicial? Antes de mergulharmos na import\u00e2ncia da an\u00e1lise de passivo, \u00e9 fundamental compreender o que exatamente constitui o passivo em um processo judicial. O passivo se refere a todas as obriga\u00e7\u00f5es financeiras e jur\u00eddicas que uma parte pode ter em rela\u00e7\u00e3o ao processo.<br \/>\n\n\n\n\n<h2 class=\"wp-block-heading\">O que significa passivo em um processo?<\/h2>\n\n\n<p><\/p>O polo passivo \u00e9 o termo utilizado para designar a parte de um processo judicial que est\u00e1 sendo demandada. Em outras palavras, \u00e9 a parte contra a qual a a\u00e7\u00e3o foi movida, tamb\u00e9m conhecida como r\u00e9u. Essa parte deve responder pelas acusa\u00e7\u00f5es ou reivindica\u00e7\u00f5es feitas pela parte autora, que ocupa o polo ativo.<br \/>\n\n\n\n\n<h2 class=\"wp-block-heading\">Qual \u00e9 o papel do passivo?<\/h2>\n\n\n<p><\/p>A import\u00e2ncia do passivo \u00e9 ter um controle do balan\u00e7o patrimonial, que \u00e9 essencial para se manter a sa\u00fade financeira de qualquer neg\u00f3cio. Por isso, \u00e9 necess\u00e1rio o equil\u00edbrio entre ativo e passivo para assim manter a rentabilidade do neg\u00f3cio.<br \/>\n\n\n\n\n<h2 class=\"wp-block-heading\">Quem fica no polo passivo?<\/h2>\n\nO polo passivo \u00e9 a parte contra a qual uma a\u00e7\u00e3o judicial \u00e9 movida, ou seja, o r\u00e9u ou demandado. \u00c9 poss\u00edvel alterar o polo passivo durante o processo? Sim, \u00e9 poss\u00edvel alterar o polo passivo durante o processo, mesmo ap\u00f3s o saneamento, desde que n\u00e3o haja altera\u00e7\u00e3o do pedido ou da causa de pedir.<br \/>\n\n\n\n\n<h2 class=\"wp-block-heading\">Quem faz parte do polo passivo?<\/h2>\n\n\n<p><\/p>O autor \u00e9 o polo ativo do processo, em contraposi\u00e7\u00e3o ao r\u00e9u, que \u00e9 o polo passivo. O r\u00e9u \u00e9 a parte contra quem o processo \u00e9 promovido.<br \/>\n\n\n\n\n<h2 class=\"wp-block-heading\">O que \u00e9 estar no polo passivo?<\/h2>\n\n\n<p><\/p>\n\n<ul class=\"wp-block-list\">\n<li>O que \u00e9 polo passivo<\/li>\n<li> No direito processual brasileiro, essa configura\u00e7\u00e3o permite que a rela\u00e7\u00e3o processual se estabele\u00e7a de forma clara, garantindo que ambas as partes sejam adequadamente ouvidas e que o juiz possa decidir com base em argumentos de ambos os lados.<\/li>\n<\/ul>\n\n\n\n\n<h2 class=\"wp-block-heading\">O polo passivo \u00e9 o autor ou o r\u00e9u?<\/h2>\n\nO autor \u00e9 o polo ativo do processo, em contraposi\u00e7\u00e3o ao r\u00e9u, que \u00e9 o polo passivo. O r\u00e9u \u00e9 a parte contra quem o processo \u00e9 promovido. \u00c9 contra ele que o pedido do autor \u00e9 apresentado. Ele pode ser acusado, responder por crime ou delito e, no fim do processo, ser considerado culpado ou inocente.<br \/>\n\n\n\n\n<h2 class=\"wp-block-heading\">Quem \u00e9 o polo passivo do processo?<\/h2>\n\n\n<p><\/p>O autor \u00e9 o polo ativo do processo, em contraposi\u00e7\u00e3o ao r\u00e9u, que \u00e9 o polo passivo. O r\u00e9u \u00e9 a parte contra quem o processo \u00e9 promovido.<br \/>\n\n\n","protected":false},"excerpt":{"rendered":"<p>O que \u00e9 uma pessoa polo passivo? Quem \u00e9 o polo passivo da lide? Polo passivo \u00e9 o r\u00e9u ou requerido, aquele contra o qual se abre um processo. Uma a\u00e7\u00e3o judicial constitui-se de tr\u00eas elementos identificadores: as partes, o pedido e a causa de pedir. O autor e r\u00e9u s\u00e3o as partes processuais e [&hellip;]<\/p>\n","protected":false},"author":2,"featured_media":0,"comment_status":"open","ping_status":"closed","sticky":false,"template":"","format":"standard","meta":{"footnotes":""},"categories":[1],"tags":[],"class_list":["post-2172","post","type-post","status-publish","format-standard","hentry","category-conteudo"],"_links":{"self":[{"href":"https:\/\/ammabarbacena.com.br\/perguntas-frequentes\/wp-json\/wp\/v2\/posts\/2172","targetHints":{"allow":["GET"]}}],"collection":[{"href":"https:\/\/ammabarbacena.com.br\/perguntas-frequentes\/wp-json\/wp\/v2\/posts"}],"about":[{"href":"https:\/\/ammabarbacena.com.br\/perguntas-frequentes\/wp-json\/wp\/v2\/types\/post"}],"author":[{"embeddable":true,"href":"https:\/\/ammabarbacena.com.br\/perguntas-frequentes\/wp-json\/wp\/v2\/users\/2"}],"replies":[{"embeddable":true,"href":"https:\/\/ammabarbacena.com.br\/perguntas-frequentes\/wp-json\/wp\/v2\/comments?post=2172"}],"version-history":[{"count":1,"href":"https:\/\/ammabarbacena.com.br\/perguntas-frequentes\/wp-json\/wp\/v2\/posts\/2172\/revisions"}],"predecessor-version":[{"id":2173,"href":"https:\/\/ammabarbacena.com.br\/perguntas-frequentes\/wp-json\/wp\/v2\/posts\/2172\/revisions\/2173"}],"wp:attachment":[{"href":"https:\/\/ammabarbacena.com.br\/perguntas-frequentes\/wp-json\/wp\/v2\/media?parent=2172"}],"wp:term":[{"taxonomy":"category","embeddable":true,"href":"https:\/\/ammabarbacena.com.br\/perguntas-frequentes\/wp-json\/wp\/v2\/categories?post=2172"},{"taxonomy":"post_tag","embeddable":true,"href":"https:\/\/ammabarbacena.com.br\/perguntas-frequentes\/wp-json\/wp\/v2\/tags?post=2172"}],"curies":[{"name":"wp","href":"https:\/\/api.w.org\/{rel}","templated":true}]}}