{"id":21659,"date":"2025-08-09T03:14:21","date_gmt":"2025-08-09T03:14:21","guid":{"rendered":"http:\/\/dd4d2702-feb4-458a-97c6-85b5f51fc5b4"},"modified":"2025-08-09T03:14:21","modified_gmt":"2025-08-09T03:14:21","slug":"quanto-tempo-sem-tomar-sol-apos-depilacao-a-laser","status":"publish","type":"post","link":"https:\/\/ammabarbacena.com.br\/perguntas-frequentes\/quanto-tempo-sem-tomar-sol-apos-depilacao-a-laser\/","title":{"rendered":"Quanto tempo sem tomar sol ap\u00f3s depila\u00e7\u00e3o a laser"},"content":{"rendered":"\n\n<h2 class=\"wp-block-heading\">Quantos dias ap\u00f3s a depila\u00e7\u00e3o a laser posso tomar sol?<\/h2>\n\n\n\n<h2 class=\"wp-block-heading\">Pode ir na praia depois de fazer depila\u00e7\u00e3o a laser?<\/h2>\n\n\n<p><\/p>J\u00e1 se voc\u00ea fizer a depila\u00e7\u00e3o com luz pulsada ou laser, \u00e9 recomend\u00e1vel evitar a exposi\u00e7\u00e3o solar direta nas \u00e1reas tratadas por pelo menos uma semana. O laser deixa a pele mais sens\u00edvel, e a exposi\u00e7\u00e3o ao sol pode aumentar o risco de queimaduras e hiperpigmenta\u00e7\u00e3o.<br \/>\n\n\n\n\n<h2 class=\"wp-block-heading\">Porque n\u00e3o se pode tomar sol fazendo laser?<\/h2>\n\nO sol antes do laser tamb\u00e9m n\u00e3o \u00e9 recomend\u00e1vel. Isso porque a pele bronzeada produziu mais melanina e o laser trabalha buscando a melanina da raiz do pelo (aquela que ele deve queimar para eliminar). Por isso o protocolo \u00e9 um intervalo de 15 dias antes de cada sess\u00e3o sem tomar sol.<br \/>\n\n\n\n\n<h2 class=\"wp-block-heading\">Por que n\u00e3o se pode tomar sol depois do laser?<\/h2>\n\n\n<p><\/p>Ap\u00f3s a sess\u00e3o de depila\u00e7\u00e3o a laser, a pele estar\u00e1 sens\u00edvel e mais suscet\u00edvel a danos. \u00c9 recomendado evitar a exposi\u00e7\u00e3o direta ao sol por um per\u00edodo de duas semanas e continuar aplicando filtro solar regularmente.<br \/>\n\n\n\n\n<h2 class=\"wp-block-heading\">O que acontece se fizer depila\u00e7\u00e3o a laser bronzeada?<\/h2>\n\n\n<p><\/p>N\u00e3o. A pele bronzeada tem maior concentra\u00e7\u00e3o de melanina, o que pode aumentar o risco de queimaduras e manchas com o tipo de laser errado. Lasers como o Diodo e ND Yag s\u00e3o mais seguros para esse tipo de pele, pois possuem um comprimento de onda maior, permitindo uma aplica\u00e7\u00e3o eficaz e segura.<br \/>\n\n\n\n\n<h2 class=\"wp-block-heading\">Quantos dias depois da depila\u00e7\u00e3o pode pegar sol?<\/h2>\n\n\n<p><\/p>\u00c9 por isso que \u00e9 necess\u00e1rio um per\u00edodo de pelo menos 48 horas sem se expor ao sol depois da depila\u00e7\u00e3o. Esse \u00e9 o tempo necess\u00e1rio para que o nosso corpo possa curar o processo inflamat\u00f3rio da pele e volte ao normal.<br \/>\n\n\n\n\n<h2 class=\"wp-block-heading\">Posso ter rela\u00e7\u00f5es sexuais depois de fazer depila\u00e7\u00e3o a laser?<\/h2>\n\n\n\n<h2 class=\"wp-block-heading\">Quanto tempo depois da depila\u00e7\u00e3o a laser pode ter rela\u00e7\u00e3o?<\/h2>\n\n\n<p><\/p>Depois da depila\u00e7\u00e3o a laser pode ter rela\u00e7\u00e3o? Nos primeiros dois dias, \u00e9 importante evitar. Exce\u00e7\u00f5es: Exerc\u00edcios leves podem ser considerados caso n\u00e3o afetem diretamente a \u00e1rea tratada.<br \/>\n\n\n\n\n<h2 class=\"wp-block-heading\">O que n\u00e3o posso fazer depois da depila\u00e7\u00e3o a laser?<\/h2>\n\n\n<p><\/p>O que n\u00e3o devo fazer ap\u00f3s a depila\u00e7\u00e3o a laser? Voc\u00ea n\u00e3o deve se expor ao sol por pelo 15 dias ap\u00f3s o procedimento. Al\u00e9m disso, evite o uso de \u00e1cidos na regi\u00e3o tratada.<br \/>\n\n\n\n\n<h2 class=\"wp-block-heading\">Posso depilar e ter rela\u00e7\u00f5es sexuais no mesmo dia?<\/h2>\n\n\n<p><\/p>Segundo um farmac\u00eautico, o melhor \u00e9 esperar entre 24 a 48 horas para estar de novo com o seu companheiro. &#8220;Esperar entre 24 e 48 horas para fazer sexo depois de uma depila\u00e7\u00e3o \u00e9 geralmente recomendado por dar \u00e0 pele tempo para cicatrizar&#8221;, conta Abbas Kanani ao jornal Metro.<br \/>\n\n\n\n\n<h2 class=\"wp-block-heading\">Quantos dias sem rela\u00e7\u00e3o ap\u00f3s laser \u00edntimo?<\/h2>\n\n\n<p><\/p>Pode ter rela\u00e7\u00e3o sexual ap\u00f3s o laser? Quanto \u00e0 rela\u00e7\u00e3o sexual, geralmente \u00e9 recomendado aguardar 7 dias ap\u00f3s a sess\u00e3o de laser ginecol\u00f3gico para que a regi\u00e3o tratada tenha tempo suficiente para se recuperar e cicatrizar adequadamente.<br \/>\n\n\n\n\n<h2 class=\"wp-block-heading\">O que ningu\u00e9m te conta sobre depila\u00e7\u00e3o a laser?<\/h2>\n\nA depila\u00e7\u00e3o a laser definitiva n\u00e3o causa manchas! Essa \u00e9 mais uma mentira relacionada ao procedimento, por isso pode ficar tranquilo quanto a esse risco. Na verdade, o laser \u00e9 capaz de tratar a pele manchada por outros m\u00e9todos depila\u00e7\u00e3o, por isso \u00e9 natural que ocorra o efeito contr\u00e1rio ap\u00f3s as sess\u00f5es.<br \/>\n\n\n\n\n<h2 class=\"wp-block-heading\">O que dizem os ginecologistas sobre depila\u00e7\u00e3o a laser?<\/h2>\n\n\n<p><\/p>\u201c O laser \u00e9 ideal para \u00e1reas sens\u00edveis como a regi\u00e3o \u00edntima. Ele proporciona uma redu\u00e7\u00e3o permanente dos pelos e ajuda a prevenir os encravados, j\u00e1 que atua diretamente na raiz do pelo \u201d, explica a ginecologista. Al\u00e9m disso, o laser oferece outras vantagens.<br \/>\n\n\n\n\n<h2 class=\"wp-block-heading\">Quais os males que a depila\u00e7\u00e3o a laser pode causar?<\/h2>\n\n\n<p><\/p>\n\n<ul class=\"wp-block-list\">\n<li>Bolhas, queimaduras, incha\u00e7o ou cicatrizes.<\/li>\n<li>Surtos de herpes.<\/li>\n<li>Hiperpigmenta\u00e7\u00e3o ou hipopigmenta\u00e7\u00e3o, ou seja, algumas zonas da pele podem ficar mais escuras ou perder pigmento.<\/li>\n<li>Infe\u00e7\u00f5es.<\/li>\n<\/ul>\n\n\n\n\n<h2 class=\"wp-block-heading\">Como fica a PPK com depila\u00e7\u00e3o a laser?<\/h2>\n\n\n<p><\/p>Portanto, o laser penetra na raiz do pelo e faz com que ele seja queimado e destru\u00eddo. Uma vez que h\u00e1 uma frequ\u00eancia desse procedimento, acontece uma dano permanente no fol\u00edculo, o que impedir\u00e1\/retardar\u00e1 o crescimento de novos pelos.<br \/>\n\n\n\n\n<h2 class=\"wp-block-heading\">\u00c9 saud\u00e1vel fazer depila\u00e7\u00e3o a laser?<\/h2>\n\n\n<p><\/p>A depila\u00e7\u00e3o a laser traz muito mais benef\u00edcios do que outros m\u00e9todos e \u00e9 a \u00fanica depila\u00e7\u00e3o que elimina a raiz do pelo de forma definitiva. Ela trata bem sua pele, deixando-a com aspecto mais saud\u00e1vel.<br \/>\n\n\n\n\n<h2 class=\"wp-block-heading\">O que n\u00e3o devo fazer ap\u00f3s a depila\u00e7\u00e3o a laser?<\/h2>\n\n\n\n<h2 class=\"wp-block-heading\">O que atrapalha o resultado da depila\u00e7\u00e3o a laser?<\/h2>\n\n\n<p><\/p>Evite o uso de ceras, cremes depilat\u00f3rios e outros m\u00e9todos que puxem os pelos pela raiz, pois podem interferir no efeito do laser.<br \/>\n\n\n\n\n<h2 class=\"wp-block-heading\">Quantos dias depois da depila\u00e7\u00e3o a cera pode pegar sol?<\/h2>\n\n\n\n<h2 class=\"wp-block-heading\">Quantos dias devo depilar antes de ir \u00e0 praia?<\/h2>\n\n\n<p><\/p>No caso da cera morna, o ideal \u00e9 depilar pernas, axilas, virilha e bu\u00e7o com no m\u00ednimo 3 a 4 dias antes de embarcar para a praia, para que a pele esteja recuperada do processo, j\u00e1 que sua pele ficar\u00e1 muito sens\u00edvel e pode manchar quando exposta aos raios ultravioletas.<br \/>\n\n\n\n\n<h2 class=\"wp-block-heading\">Quanto tempo depois de depilar na cera pode fazer bronze?<\/h2>\n\n\n<p><\/p>Quanto tempo voc\u00ea deve esperar para fazer um bronzeamento artificial ap\u00f3s a depila\u00e7\u00e3o? Embora seja tentador, espere pelo menos 24 a 48 horas para fazer um bronzeamento artificial ap\u00f3s a depila\u00e7\u00e3o.<br \/>\n\n\n\n\n<h2 class=\"wp-block-heading\">Pode tomar sol ap\u00f3s depila\u00e7\u00e3o com cera?<\/h2>\n\n\n<p><\/p>Ap\u00f3s realizar a depila\u00e7\u00e3o com cera, por exemplo, \u00e9 aconselh\u00e1vel esperar pelo menos 48 horas antes de se expor ao sol na praia. A cera remove n\u00e3o apenas os pelos, mas tamb\u00e9m as c\u00e9lulas mortas da pele, deixando-a mais sens\u00edvel.<br \/>\n\n\n\n\n<h2 class=\"wp-block-heading\">Quantos dias pode depilar?<\/h2>\n\n\n<p><\/p>Em geral, recomendamos depilar a cada dois a tr\u00eas dias se voc\u00ea deseja uma depila\u00e7\u00e3o limpa; tr\u00eas a cinco dias se deseja apenas estilizar ou aparar; se deseja deixar os pelos crescer, basta parar de depilar.<br \/>\n\n\n","protected":false},"excerpt":{"rendered":"<p>Quantos dias ap\u00f3s a depila\u00e7\u00e3o a laser posso tomar sol? Pode ir na praia depois de fazer depila\u00e7\u00e3o a laser? J\u00e1 se voc\u00ea fizer a depila\u00e7\u00e3o com luz pulsada ou laser, \u00e9 recomend\u00e1vel evitar a exposi\u00e7\u00e3o solar direta nas \u00e1reas tratadas por pelo menos uma semana. O laser deixa a pele mais sens\u00edvel, e a [&hellip;]<\/p>\n","protected":false},"author":2,"featured_media":0,"comment_status":"open","ping_status":"closed","sticky":false,"template":"","format":"standard","meta":{"footnotes":""},"categories":[1],"tags":[],"class_list":["post-21659","post","type-post","status-publish","format-standard","hentry","category-conteudo"],"_links":{"self":[{"href":"https:\/\/ammabarbacena.com.br\/perguntas-frequentes\/wp-json\/wp\/v2\/posts\/21659","targetHints":{"allow":["GET"]}}],"collection":[{"href":"https:\/\/ammabarbacena.com.br\/perguntas-frequentes\/wp-json\/wp\/v2\/posts"}],"about":[{"href":"https:\/\/ammabarbacena.com.br\/perguntas-frequentes\/wp-json\/wp\/v2\/types\/post"}],"author":[{"embeddable":true,"href":"https:\/\/ammabarbacena.com.br\/perguntas-frequentes\/wp-json\/wp\/v2\/users\/2"}],"replies":[{"embeddable":true,"href":"https:\/\/ammabarbacena.com.br\/perguntas-frequentes\/wp-json\/wp\/v2\/comments?post=21659"}],"version-history":[{"count":1,"href":"https:\/\/ammabarbacena.com.br\/perguntas-frequentes\/wp-json\/wp\/v2\/posts\/21659\/revisions"}],"predecessor-version":[{"id":21660,"href":"https:\/\/ammabarbacena.com.br\/perguntas-frequentes\/wp-json\/wp\/v2\/posts\/21659\/revisions\/21660"}],"wp:attachment":[{"href":"https:\/\/ammabarbacena.com.br\/perguntas-frequentes\/wp-json\/wp\/v2\/media?parent=21659"}],"wp:term":[{"taxonomy":"category","embeddable":true,"href":"https:\/\/ammabarbacena.com.br\/perguntas-frequentes\/wp-json\/wp\/v2\/categories?post=21659"},{"taxonomy":"post_tag","embeddable":true,"href":"https:\/\/ammabarbacena.com.br\/perguntas-frequentes\/wp-json\/wp\/v2\/tags?post=21659"}],"curies":[{"name":"wp","href":"https:\/\/api.w.org\/{rel}","templated":true}]}}