{"id":2134,"date":"2025-07-17T06:11:24","date_gmt":"2025-07-17T06:11:24","guid":{"rendered":"http:\/\/927dd4f8-85fe-4d41-b358-e86084113982"},"modified":"2025-07-17T06:11:24","modified_gmt":"2025-07-17T06:11:24","slug":"o-que-e-desidratacao-dos-discos-intervertebrais","status":"publish","type":"post","link":"https:\/\/ammabarbacena.com.br\/perguntas-frequentes\/o-que-e-desidratacao-dos-discos-intervertebrais\/","title":{"rendered":"O que \u00e9 desidrata\u00e7\u00e3o dos discos intervertebrais"},"content":{"rendered":"\n\n<h2 class=\"wp-block-heading\">Como tratar desidrata\u00e7\u00e3o dos discos intervertebrais?<\/h2>\n\n\n\n<h2 class=\"wp-block-heading\">Como reverter a desidrata\u00e7\u00e3o discal?<\/h2>\n\n\n<p><\/p>manter-se bem hidratado, praticar exerc\u00edcios regularmente, manter uma boa postura, evitar sobrecarga na coluna.<br \/>\n\n\n\n\n<h2 class=\"wp-block-heading\">Como hidratar discos intervertebrais?<\/h2>\n\n\n<p><\/p>\n\n<ul class=\"wp-block-list\">\n<li>Pratique Exerc\u00edcios: Movimentos regulares melhoram a circula\u00e7\u00e3o e a nutri\u00e7\u00e3o discal.<\/li>\n<li>Manuten\u00e7\u00e3o do Peso Corporal: Reduza a carga na coluna.<\/li>\n<li>Evite o Tabagismo: Melhore o fluxo sangu\u00edneo e a nutri\u00e7\u00e3o dos discos.<\/li>\n<\/ul>\n\n\n\n\n<h2 class=\"wp-block-heading\">Como nutrir o disco intervertebral?<\/h2>\n\n\n<p><\/p>Para manter a sa\u00fade dos discos intervertebrais e da coluna como um todo, \u00e9 importante adotar h\u00e1bitos saud\u00e1veis, como manter uma postura adequada, praticar exerc\u00edcios regulares que fortale\u00e7am a musculatura da coluna, evitar o sedentarismo, adotar uma alimenta\u00e7\u00e3o equilibrada e evitar o tabagismo.<br \/>\n\n\n\n\n<h2 class=\"wp-block-heading\">O que causa desidrata\u00e7\u00e3o nos discos da coluna?<\/h2>\n\n\n<p><\/p>Traumas ou les\u00f5es: Acidentes, quedas ou les\u00f5es esportivas tamb\u00e9m podem causar danos aos discos e contribuir para sua desidrata\u00e7\u00e3o. Tabagismo: O cigarro prejudica a circula\u00e7\u00e3o sangu\u00ednea, o que pode reduzir o fluxo de nutrientes para os discos, acelerando a degenera\u00e7\u00e3o e desidrata\u00e7\u00e3o.<br \/>\n\n\n\n\n<h2 class=\"wp-block-heading\">Como se recuperar rapidamente de uma desidrata\u00e7\u00e3o?<\/h2>\n\n\n<p><\/p>Beber bastante \u00e1gua talvez seja suficiente para tratar a desidrata\u00e7\u00e3o leve. Na desidrata\u00e7\u00e3o moderada e grave, os eletr\u00f3litos perdidos (principalmente s\u00f3dio e pot\u00e1ssio) devem ser repostos. Solu\u00e7\u00f5es de reidrata\u00e7\u00e3o oral que cont\u00eam volumes adequados de eletr\u00f3litos est\u00e3o dispon\u00edveis sem receita m\u00e9dica.<br \/>\n\n\n\n\n<h2 class=\"wp-block-heading\">O que significa desidrata\u00e7\u00e3o discal em L4, L5 e L5 S1?<\/h2>\n\n\n\n<h2 class=\"wp-block-heading\">O que significa desidrata\u00e7\u00e3o discal de L4, L5 e L5-S1?<\/h2>\n\n\n<p><\/p>A desidrata\u00e7\u00e3o discal nas regi\u00f5es L4, L5 e L5-S1 refere-se \u00e0 perda de hidrata\u00e7\u00e3o nos discos intervertebrais localizados na regi\u00e3o lombar da coluna. Esses discos suportam grande parte do peso do corpo e s\u00e3o mais suscet\u00edveis ao desgaste devido \u00e0 sua fun\u00e7\u00e3o de absorver impactos.<br \/>\n\n\n\n\n<h2 class=\"wp-block-heading\">O que a desidrata\u00e7\u00e3o discal pode causar?<\/h2>\n\n\n<p><\/p>Entre as condi\u00e7\u00f5es que afetam a coluna, algumas se desenvolvem de forma gradual, passando despercebidas at\u00e9 que se tornam mais graves. Uma dessas condi\u00e7\u00f5es \u00e9 a desidrata\u00e7\u00e3o discal, que pode comprometer a flexibilidade e a funcionalidade da coluna, levando a complica\u00e7\u00f5es como a temida h\u00e9rnia de disco.<br \/>\n\n\n\n\n<h2 class=\"wp-block-heading\">Quem tem desidrata\u00e7\u00e3o discal pode se aposentar?<\/h2>\n\nA desidrata\u00e7\u00e3o discal \u00e9 uma condi\u00e7\u00e3o s\u00e9ria que pode afetar a mobilidade e qualidade de vida, levando, em casos graves, \u00e0 aposentadoria por invalidez. Para solicitar esse benef\u00edcio, \u00e9 essencial seguir o processo corretamente, reunindo toda a documenta\u00e7\u00e3o necess\u00e1ria e agendando uma per\u00edcia m\u00e9dica no INSS.<br \/>\n\n\n\n\n<h2 class=\"wp-block-heading\">Quem tem desidrata\u00e7\u00e3o na coluna pode se aposentar?<\/h2>\n\n\n<p><\/p>Sim, a desidrata\u00e7\u00e3o discal pode dar direito \u00e0 aposentadoria, mas isso depende da gravidade do caso. Quando a condi\u00e7\u00e3o provoca limita\u00e7\u00f5es severas, como dores intensas, dificuldade de mobilidade e impossibilidade de trabalho, o trabalhador pode solicitar a aposentadoria por invalidez.<br \/>\n\n\n\n\n<h2 class=\"wp-block-heading\">Quem tem desgaste na coluna se aposenta?<\/h2>\n\n\n<p><\/p>Sim, a osteoporose na coluna pode levar \u00e0 aposentadoria por invalidez se causar incapacidade permanente e significativa para o trabalho. Na coluna, a osteoporose pode resultar em fraturas vertebrais dolorosas e deformidades que afetam seriamente a capacidade de realizar atividades di\u00e1rias e laborais.<br \/>\n\n\n\n\n<h2 class=\"wp-block-heading\">Qual o tempo de afastamento m\u00e9dico para desidrata\u00e7\u00e3o?<\/h2>\n\n\n<p><\/p>O tempo de afastamento depende da gravidade do quadro. Em geral, o repouso pode variar de 1 a 5 dias, mas casos mais graves \u2014 com desidrata\u00e7\u00e3o ou infec\u00e7\u00e3o bacteriana \u2014 podem exigir mais tempo. A decis\u00e3o deve ser feita por um m\u00e9dico, com base no quadro cl\u00ednico do paciente.<br \/>\n\n\n\n\n<h2 class=\"wp-block-heading\">O que causa a desidrata\u00e7\u00e3o discal?<\/h2>\n\n\n\n<h2 class=\"wp-block-heading\">O que fazer para hidratar a coluna?<\/h2>\n\n\n<p><\/p>\n\n<ul class=\"wp-block-list\">\n<li>Beba \u00e1gua.<\/li>\n<li>Durma bem.<\/li>\n<li>Fa\u00e7a exerc\u00edcios f\u00edsicos.<\/li>\n<li>Mantenha um peso adequado.<\/li>\n<\/ul>\n\n\n\n\n<h2 class=\"wp-block-heading\">Porque o disco da coluna desidrata?<\/h2>\n\n\n<p><\/p>Quando jovens, esses discos s\u00e3o ricos em \u00e1gua, o que permite que funcionem como verdadeiros \u201camortecedores\u201d para a coluna. A desidrata\u00e7\u00e3o discal ocorre quando essa quantidade de \u00e1gua diminui, afetando a capacidade do disco de absorver impactos e manter a flexibilidade.<br \/>\n\n\n\n\n<h2 class=\"wp-block-heading\">Quem tem desidrata\u00e7\u00e3o discal pode trabalhar?<\/h2>\n\nPara isso, \u00e9 necess\u00e1rio passar por uma per\u00edcia m\u00e9dica do INSS, que analisar\u00e1 se a desidrata\u00e7\u00e3o discal realmente impede o exerc\u00edcio de qualquer atividade profissional. \u00c9 essencial apresentar exames, laudos m\u00e9dicos e atestados que comprovem incapacidade.<br \/>\n\n\n\n\n<h2 class=\"wp-block-heading\">O que fazer quando o disco da coluna est\u00e1 desidratado?<\/h2>\n\n\n<p><\/p>Posi\u00e7\u00e3o para dormir: Adotar posturas que mantenham a coluna alinhada. Hidrata\u00e7\u00e3o e alimenta\u00e7\u00e3o saud\u00e1vel: Apoiar a recupera\u00e7\u00e3o com boa nutri\u00e7\u00e3o e hidrata\u00e7\u00e3o. Retorno gradual \u00e0s atividades: Voltar ao trabalho e exerc\u00edcios de forma progressiva.<br \/>\n\n\n\n\n<h2 class=\"wp-block-heading\">Tem cura a desidrata\u00e7\u00e3o discal?<\/h2>\n\n\n<p><\/p>A desidrata\u00e7\u00e3o discal n\u00e3o tem cura, mas \u00e9 poss\u00edvel melhorar a condi\u00e7\u00e3o e aliviar os sintomas com tratamento adequado.<br \/>\n\n\n\n\n<h2 class=\"wp-block-heading\">O que causa desidrata\u00e7\u00e3o?<\/h2>\n\n\n\n<h2 class=\"wp-block-heading\">O que leva uma pessoa \u00e0 desidrata\u00e7\u00e3o?<\/h2>\n\n\n<p><\/p>A desidrata\u00e7\u00e3o \u00e9 a defici\u00eancia de \u00e1gua no corpo. V\u00f4mito, diarreia, sudorese excessiva, queimaduras, insufici\u00eancia renal e uso de diur\u00e9ticos podem causar desidrata\u00e7\u00e3o.<br \/>\n\n\n\n\n<h2 class=\"wp-block-heading\">Qual \u00e9 o primeiro sinal de desidrata\u00e7\u00e3o?<\/h2>\n\n\n<p><\/p>sensa\u00e7\u00e3o de fome, quando na verdade \u00e9 sede; dor de cabe\u00e7a, principalmente pela manh\u00e3 ; e.<br \/>\n\n\n\n\n<h2 class=\"wp-block-heading\">Quando a desidrata\u00e7\u00e3o \u00e9 perigosa?<\/h2>\n\n\n<p><\/p>Sintomas de desidrata\u00e7\u00e3o grave: Tontura ou sensa\u00e7\u00e3o de desmaio iminente, sobretudo quando a pessoa se levanta. Choque (uma queda perigosa da press\u00e3o arterial) e danos graves aos \u00f3rg\u00e3os, como aos rins, f\u00edgado e c\u00e9rebro.<br \/>\n\n\n\n\n<h2 class=\"wp-block-heading\">Quais s\u00e3o os tr\u00eas tipos principais de desidrata\u00e7\u00e3o?<\/h2>\n\n\n<p><\/p>Dependendo da rela\u00e7\u00e3o entre a perda de \u00e1gua e de eletr\u00f3litos, a desidrata\u00e7\u00e3o \u00e9 chamada isot\u00f4nica, hipert\u00f4nica ou hipot\u00f4nica.<br \/>\n\n\n","protected":false},"excerpt":{"rendered":"<p>Como tratar desidrata\u00e7\u00e3o dos discos intervertebrais? Como reverter a desidrata\u00e7\u00e3o discal? manter-se bem hidratado, praticar exerc\u00edcios regularmente, manter uma boa postura, evitar sobrecarga na coluna. Como hidratar discos intervertebrais? Como nutrir o disco intervertebral? Para manter a sa\u00fade dos discos intervertebrais e da coluna como um todo, \u00e9 importante adotar h\u00e1bitos saud\u00e1veis, como manter uma [&hellip;]<\/p>\n","protected":false},"author":2,"featured_media":0,"comment_status":"open","ping_status":"closed","sticky":false,"template":"","format":"standard","meta":{"footnotes":""},"categories":[1],"tags":[],"class_list":["post-2134","post","type-post","status-publish","format-standard","hentry","category-conteudo"],"_links":{"self":[{"href":"https:\/\/ammabarbacena.com.br\/perguntas-frequentes\/wp-json\/wp\/v2\/posts\/2134","targetHints":{"allow":["GET"]}}],"collection":[{"href":"https:\/\/ammabarbacena.com.br\/perguntas-frequentes\/wp-json\/wp\/v2\/posts"}],"about":[{"href":"https:\/\/ammabarbacena.com.br\/perguntas-frequentes\/wp-json\/wp\/v2\/types\/post"}],"author":[{"embeddable":true,"href":"https:\/\/ammabarbacena.com.br\/perguntas-frequentes\/wp-json\/wp\/v2\/users\/2"}],"replies":[{"embeddable":true,"href":"https:\/\/ammabarbacena.com.br\/perguntas-frequentes\/wp-json\/wp\/v2\/comments?post=2134"}],"version-history":[{"count":1,"href":"https:\/\/ammabarbacena.com.br\/perguntas-frequentes\/wp-json\/wp\/v2\/posts\/2134\/revisions"}],"predecessor-version":[{"id":2135,"href":"https:\/\/ammabarbacena.com.br\/perguntas-frequentes\/wp-json\/wp\/v2\/posts\/2134\/revisions\/2135"}],"wp:attachment":[{"href":"https:\/\/ammabarbacena.com.br\/perguntas-frequentes\/wp-json\/wp\/v2\/media?parent=2134"}],"wp:term":[{"taxonomy":"category","embeddable":true,"href":"https:\/\/ammabarbacena.com.br\/perguntas-frequentes\/wp-json\/wp\/v2\/categories?post=2134"},{"taxonomy":"post_tag","embeddable":true,"href":"https:\/\/ammabarbacena.com.br\/perguntas-frequentes\/wp-json\/wp\/v2\/tags?post=2134"}],"curies":[{"name":"wp","href":"https:\/\/api.w.org\/{rel}","templated":true}]}}