{"id":21217,"date":"2025-08-08T12:34:57","date_gmt":"2025-08-08T12:34:57","guid":{"rendered":"http:\/\/3d5a0b3c-3167-49cf-8edd-de8c087f1e31"},"modified":"2025-08-08T12:34:57","modified_gmt":"2025-08-08T12:34:57","slug":"quanto-tempo-ficar-sem-lavar-o-cabelo-apos-progressiva","status":"publish","type":"post","link":"https:\/\/ammabarbacena.com.br\/perguntas-frequentes\/quanto-tempo-ficar-sem-lavar-o-cabelo-apos-progressiva\/","title":{"rendered":"Quanto tempo ficar sem lavar o cabelo ap\u00f3s progressiva"},"content":{"rendered":"\n\n<h2 class=\"wp-block-heading\">Quantos dias ap\u00f3s a progressiva posso lavar o cabelo?<\/h2>\n\n\n\n<h2 class=\"wp-block-heading\">Precisa esperar 3 dias para lavar o cabelo depois da progressiva?<\/h2>\n\n\n<p class=\"wp-block-paragraph\"><\/p>Ap\u00f3s realizar a progressiva no cabelo, adotar uma rotina de cuidados espec\u00edficos \u00e9 essencial para prolongar o efeito liso e manter os fios saud\u00e1veis. Veja as principais recomenda\u00e7\u00f5es: Evitar lavar o cabelo nas primeiras 48 horas: esse intervalo permite que o produto se fixe melhor na fibra capilar.<br \/>\n\n\n\n\n<h2 class=\"wp-block-heading\">O que acontece se lavar o cabelo no dia que fez a progressiva?<\/h2>\n\n\n<p class=\"wp-block-paragraph\"><\/p>8. \u201cAp\u00f3s realizar a escova progressiva n\u00e3o pode lavar o cabelo por 3 dias\u201d MITO. Apesar do mito de que a lavagem vai tirar o efeito do procedimento, o cabelo pode ser lavado desde o primeiro dia da escova progressiva.<br \/>\n\n\n\n\n<h2 class=\"wp-block-heading\">O que acontece se molhar o cabelo depois da progressiva?<\/h2>\n\n\n<p class=\"wp-block-paragraph\"><\/p>4. Evite prender o cabelo molhado. Quando os cabelos est\u00e3o molhados, t\u00eam mais chances de sofrer danos devido \u00e0 estrutura enfraquecida. Isso ocorre porque a \u00e1gua altera temporariamente as liga\u00e7\u00f5es de hidrog\u00eanio presentes nas prote\u00ednas do cabelo, tornando-os mais male\u00e1veis.<br \/>\n\n\n\n\n<h2 class=\"wp-block-heading\">Como deve ser a primeira lavagem ap\u00f3s progressiva?<\/h2>\n\n\n<p class=\"wp-block-paragraph\"><\/p>&#8220;Pode lavar assim que voc\u00ea fizer, se o cabelo ficar muito pesado; pode lavar no dia seguinte e, assim, sucessivamente. Mas eu, particularmente, recomendo aguardar, pelo menos, um dia, porque a progressiva ainda estar\u00e1 fazendo efeito&#8221;, explica.<br \/>\n\n\n\n\n<h2 class=\"wp-block-heading\">Quanto tempo ficar com a progressiva no cabelo sem lavar?<\/h2>\n\ntem que ficar 3 dias sem lavar o cabelo. depois da progressiva n\u00e3o. n\u00e3o existe mais essa necessidade. hoje n\u00f3s temos produto com alta tecnologia n\u00e9.<br \/>\n\n\n\n\n<h2 class=\"wp-block-heading\">Pode passar a progressiva no cabelo sem lavar?<\/h2>\n\n\n<p class=\"wp-block-paragraph\"><\/p>Voc\u00ea tamb\u00e9m j\u00e1 ouviu isso? Entenda porque n\u00e3o \u00e9 certo, al\u00e9m de lavar os cabelos precisam de uma limpeza adequada com ativos que v\u00e3o agir de forma precisa, proporcionando uma limpeza sem ressecamento e abertura excessiva da cut\u00edcula.<br \/>\n\n\n\n\n<h2 class=\"wp-block-heading\">O que acontece se lavar o cabelo no mesmo dia da progressiva?<\/h2>\n\n\n<p class=\"wp-block-paragraph\"><\/p>Esperar para lavar pode trazer problemas como oleosidade excessiva, caspa e at\u00e9 queda. Al\u00e9m disso, lavar no mesmo dia ajuda a manter o couro cabeludo equilibrado e os fios mais soltos e saud\u00e1veis.<br \/>\n\n\n\n\n<h2 class=\"wp-block-heading\">Como fazer a progressiva pegar bem?<\/h2>\n\n\n<p class=\"wp-block-paragraph\"><\/p>\n\n<ul class=\"wp-block-list\">\n<li>Solu\u00e7\u00e3o: Teste de Mecha<\/li>\n<li> Ent\u00e3o, \u00e9 necess\u00e1rio separar uma mecha do topo da cabe\u00e7a, passar o produto e conferir de 5 em 5 minutos os efeitos que v\u00e3o acontecer, incluindo o efeito liso desejado e quanto tempo est\u00e1 durando (lembrando de n\u00e3o ultrapassar o tempo m\u00e1ximo determinado no r\u00f3tulo do produto).<\/li>\n<\/ul>\n\n\n\n\n<h2 class=\"wp-block-heading\">\u00c9 verdade que lavar o cabelo tira a progressiva?<\/h2>\n\n\n\n<h2 class=\"wp-block-heading\">O que acontece se lavar o cabelo ap\u00f3s a progressiva?<\/h2>\n\n\n<p class=\"wp-block-paragraph\"><\/p>Esperar para lavar pode trazer problemas como oleosidade excessiva, caspa e at\u00e9 queda. Al\u00e9m disso, lavar no mesmo dia ajuda a manter o couro cabeludo equilibrado e os fios mais soltos e saud\u00e1veis. Ou seja, progressiva feita, cabelo limpo e tratado desde o primeiro dia!<br \/>\n\n\n\n\n<h2 class=\"wp-block-heading\">Quantas lavagens tira a progressiva?<\/h2>\n\n\n<p class=\"wp-block-paragraph\"><\/p>Verdade. Como dito anteriormente, a maioria das escovas progressivas dura cerca de 90 a 120 dias, de acordo com a quantidade de lavagens do cabelo. Isto porque a cada lavagem um pouco da qu\u00edmica do produto \u00e9 retirada dos fios.<br \/>\n\n\n\n\n<h2 class=\"wp-block-heading\">Porque esperar 3 dias para lavar o cabelo?<\/h2>\n\nDe acordo Karine Cade, passar tr\u00eas dias ou mais sem lavar o cabelo e o couro cabeludo pode acarretar uma s\u00e9rie de condi\u00e7\u00f5es prejudiciais para a regi\u00e3o, o que inclui desde o ac\u00famulo de oleosidade, a prolifera\u00e7\u00e3o de fungos e bact\u00e9rias, a obstru\u00e7\u00e3o de fol\u00edculos capilares, o surgimento de caspa at\u00e9 o ressecamento dos fios &#8230;<br \/>\n\n\n\n\n<h2 class=\"wp-block-heading\">O que acontece se ficar mais de 3 dias sem lavar o cabelo?<\/h2>\n\n\n<p class=\"wp-block-paragraph\"><\/p>Ficar muito tempo sem lavar o cabelo pode alterar o PH do couro cabeludo, que fica mais \u00e1cido e, apesar do aspecto oleoso, deixa os fios mais ressecados, fr\u00e1geis e quebradi\u00e7os. Al\u00e9m disso, pode levar ao aparecimento de fungos e dermatite seborreica (caspa).<br \/>\n\n\n\n\n<h2 class=\"wp-block-heading\">Por que dia 29 de janeiro n\u00e3o se pode lavar cabelo?<\/h2>\n\n\n<p class=\"wp-block-paragraph\"><\/p>Voc\u00eas viram o v\u00eddeo da menina falando que n\u00e3o \u00e9 para lavar o cabelo hoje, dia 29 de janeiro, porque \u00e9 o Ano Novo Chin\u00eas, baseado no calend\u00e1rio lunar. Eles acreditam que se lavarem o cabelo hoje, sua prosperidade vai ralo abaixo&#8221;, informou. &#8220;N\u00e3o custa nada n\u00e3o lavar o cabelo hoje.<br \/>\n\n\n\n\n<h2 class=\"wp-block-heading\">Posso lavar o cabelo de 3 em 3 dias?<\/h2>\n\n\n<p class=\"wp-block-paragraph\"><\/p>A frequ\u00eancia ideal de lavagem dos cabelos varia de acordo com o tipo de cabelo, o estilo de vida e as prefer\u00eancias pessoais. Em geral, cabelos oleosos podem exigir lavagens mais frequentes, a cada 1-2 dias, enquanto cabelos secos ou com qu\u00edmica podem se beneficiar de lavagens menos frequentes, a cada 3-4 dias.<br \/>\n\n\n\n\n<h2 class=\"wp-block-heading\">Quantos dias s\u00e3o certos para lavar o cabelo?<\/h2>\n\n\n<p class=\"wp-block-paragraph\"><\/p>Muitos especialistas recomendam que os cabelos sejam lavados dia sim e dia n\u00e3o, j\u00e1 que o Brasil \u00e9 um pa\u00eds tropical e, por isso, o couro cabeludo transpira mais. As pessoas que possuem cabelo comprido e n\u00e3o t\u00eam tempo de sec\u00e1-lo, a sugest\u00e3o \u00e9 lavar a cada dois dias.<br \/>\n\n\n\n\n<h2 class=\"wp-block-heading\">Qual \u00e9 o tempo m\u00e1ximo que pode ficar sem lavar o cabelo?<\/h2>\n\n\n<p class=\"wp-block-paragraph\"><\/p>H\u00e1 quem fique uma semana sem lavar e n\u00e3o apresente nenhum problema com isso. No entanto, segundo dermatologistas, o ideal \u00e9 n\u00e3o ficar mais de cinco dias sem lav\u00e1-lo. Isso porque o couro cabeludo produz sebo continuamente.<br \/>\n\n\n\n\n<h2 class=\"wp-block-heading\">O que n\u00e3o fazer p\u00f3s progressiva?<\/h2>\n\nEvite lavar os cabelos todos os dias, pois quanto maior for a frequ\u00eancia de lavagem, mais r\u00e1pido o produto sair\u00e1 do cabelo e mais r\u00e1pido vai querer repetir o procedimento, enfraquecendo ainda mais os fios. Por isso, opte por lavar em dias alternados, o que vai prolongar o efeito da escova.<br \/>\n\n\n\n\n<h2 class=\"wp-block-heading\">O que n\u00e3o pode fazer quando faz progressiva?<\/h2>\n\n\n<p class=\"wp-block-paragraph\"><\/p>\n\n<ul class=\"wp-block-list\">\n<li>Evitar lavar o cabelo nas primeiras 48 horas: esse intervalo permite que o produto se fixe melhor na fibra capilar.<\/li>\n<li>Usar produtos adequados: prefira shampoos sem sulfato e condicionadores hidratantes, que ajudam a preservar o selamento das cut\u00edculas.<\/li>\n<\/ul>\n\n\n\n\n<h2 class=\"wp-block-heading\">O que corta o efeito da progressiva?<\/h2>\n\n\n<p class=\"wp-block-paragraph\"><\/p>\n\n<ul class=\"wp-block-list\">\n<li>1- Lavar os cabelos todos os dias. &#8230;<\/li>\n<li>2- Tingir os fios logo depois da progressiva. &#8230;<\/li>\n<li>3- Tomar banho de piscina com frequ\u00eancia. &#8230;<\/li>\n<li>4- Esquecer de vez do secador de cabelo.<\/li>\n<\/ul>\n\n\n\n\n<h2 class=\"wp-block-heading\">Quais os cuidados depois de fazer uma progressiva?<\/h2>\n\n\n<p class=\"wp-block-paragraph\"><\/p>\n\n<ul class=\"wp-block-list\">\n<li>Evite o uso de produtos de limpeza profunda.<\/li>\n<li>Utilize protetor t\u00e9rmico.<\/li>\n<li>Cuide do couro cabeludo.<\/li>\n<li>Use \u00f3leos nas pontas.<\/li>\n<li>Aten\u00e7\u00e3o \u00e0 lavagem dos cabelos.<\/li>\n<li>Durma com touca de cetim.<\/li>\n<li>Corte regularmente as pontas.<\/li>\n<li>Linha Progress Home Care.<\/li>\n<\/ul>\n\n\n\n\n<h2 class=\"wp-block-heading\">O que \u00e9 melhor fazer depois da progressiva?<\/h2>\n\n\n<p class=\"wp-block-paragraph\"><\/p>A reconstru\u00e7\u00e3o \u00e9 o tratamento menos frequente do cronograma capilar, mas isso n\u00e3o significa que ele \u00e9 menos importante. Para o cabelo com progressiva, a reconstru\u00e7\u00e3o \u00e9 fundamental para repor as prote\u00ednas e fortalecer os fios, prevenindo a quebra.<br \/>\n\n\n\n\n<h2 class=\"wp-block-heading\">Quantos dias pode ficar sem lavar o cabelo?<\/h2>\n\n\n\n<h2 class=\"wp-block-heading\">Quantos dias n\u00e3o pode lavar o cabelo?<\/h2>\n\n\n<p class=\"wp-block-paragraph\"><\/p>A frequ\u00eancia ideal de lavagem dos cabelos varia de acordo com o tipo de cabelo, o estilo de vida e as prefer\u00eancias pessoais. Em geral, cabelos oleosos podem exigir lavagens mais frequentes, a cada 1-2 dias, enquanto cabelos secos ou com qu\u00edmica podem se beneficiar de lavagens menos frequentes, a cada 3-4 dias.<br \/>\n\n\n","protected":false},"excerpt":{"rendered":"<p>Quantos dias ap\u00f3s a progressiva posso lavar o cabelo? Precisa esperar 3 dias para lavar o cabelo depois da progressiva? Ap\u00f3s realizar a progressiva no cabelo, adotar uma rotina de cuidados espec\u00edficos \u00e9 essencial para prolongar o efeito liso e manter os fios saud\u00e1veis. Veja as principais recomenda\u00e7\u00f5es: Evitar lavar o cabelo nas primeiras 48 [&hellip;]<\/p>\n","protected":false},"author":2,"featured_media":0,"comment_status":"open","ping_status":"closed","sticky":false,"template":"","format":"standard","meta":{"footnotes":""},"categories":[1],"tags":[],"class_list":["post-21217","post","type-post","status-publish","format-standard","hentry","category-conteudo"],"_links":{"self":[{"href":"https:\/\/ammabarbacena.com.br\/perguntas-frequentes\/wp-json\/wp\/v2\/posts\/21217","targetHints":{"allow":["GET"]}}],"collection":[{"href":"https:\/\/ammabarbacena.com.br\/perguntas-frequentes\/wp-json\/wp\/v2\/posts"}],"about":[{"href":"https:\/\/ammabarbacena.com.br\/perguntas-frequentes\/wp-json\/wp\/v2\/types\/post"}],"author":[{"embeddable":true,"href":"https:\/\/ammabarbacena.com.br\/perguntas-frequentes\/wp-json\/wp\/v2\/users\/2"}],"replies":[{"embeddable":true,"href":"https:\/\/ammabarbacena.com.br\/perguntas-frequentes\/wp-json\/wp\/v2\/comments?post=21217"}],"version-history":[{"count":1,"href":"https:\/\/ammabarbacena.com.br\/perguntas-frequentes\/wp-json\/wp\/v2\/posts\/21217\/revisions"}],"predecessor-version":[{"id":21218,"href":"https:\/\/ammabarbacena.com.br\/perguntas-frequentes\/wp-json\/wp\/v2\/posts\/21217\/revisions\/21218"}],"wp:attachment":[{"href":"https:\/\/ammabarbacena.com.br\/perguntas-frequentes\/wp-json\/wp\/v2\/media?parent=21217"}],"wp:term":[{"taxonomy":"category","embeddable":true,"href":"https:\/\/ammabarbacena.com.br\/perguntas-frequentes\/wp-json\/wp\/v2\/categories?post=21217"},{"taxonomy":"post_tag","embeddable":true,"href":"https:\/\/ammabarbacena.com.br\/perguntas-frequentes\/wp-json\/wp\/v2\/tags?post=21217"}],"curies":[{"name":"wp","href":"https:\/\/api.w.org\/{rel}","templated":true}]}}