{"id":21049,"date":"2025-08-08T02:53:40","date_gmt":"2025-08-08T02:53:40","guid":{"rendered":"http:\/\/fde61630-3727-4598-b6e5-67396c1497fd"},"modified":"2025-08-08T02:53:40","modified_gmt":"2025-08-08T02:53:40","slug":"quanto-tempo-dura-a-coceira-apos-dengue","status":"publish","type":"post","link":"https:\/\/ammabarbacena.com.br\/perguntas-frequentes\/quanto-tempo-dura-a-coceira-apos-dengue\/","title":{"rendered":"Quanto tempo dura a coceira ap\u00f3s dengue"},"content":{"rendered":"\n\n<h2 class=\"wp-block-heading\">Quanto tempo leva para passar a coceira da dengue?<\/h2>\n\nO prurido na dengue pode ser extremamente inc\u00f4modo, mas \u00e9 autolimitado, durando de 36 a 72 horas, em m\u00e9dia.<br \/>\n\n\n\n\n<h2 class=\"wp-block-heading\">O que fazer para diminuir a coceira causada pela dengue?<\/h2>\n\n\n<p class=\"wp-block-paragraph\"><\/p>\n\n<ul class=\"wp-block-list\">\n<li>tomar banhos com \u00e1gua fria;<\/li>\n<li>aplicar compressas sobre a pele, tamb\u00e9m com a temperatura mais baixa;<\/li>\n<li>se for o caso, utilizar anti-histam\u00ednicos ou cremes que reduzem a sensibilidade, sempre com a supervis\u00e3o profissional;<\/li>\n<li>usar roupas mais largas.<\/li>\n<\/ul>\n\n\n\n\n<h2 class=\"wp-block-heading\">Quanto tempo dura a coceira por dengue?<\/h2>\n\n\n<p class=\"wp-block-paragraph\"><\/p>Ela geralmente dura de 2 a 5 dias e pode ser aliviada com medidas simples, que incluem banhos frios e compressas.<br \/>\n\n\n\n\n<h2 class=\"wp-block-heading\">O que fazer para acabar com a coceira da dengue?<\/h2>\n\n\n\n<h2 class=\"wp-block-heading\">Que pomada usar para coceira da dengue?<\/h2>\n\n\n<p class=\"wp-block-paragraph\"><\/p>Andantol Gel 40g &#8211; Drogaria Sao Paulo.<br \/>\n\n\n\n\n<h2 class=\"wp-block-heading\">Por que a dengue causa muita coceira?<\/h2>\n\nA dengue causa coceira na pele devido a libera\u00e7\u00e3o de subst\u00e2ncias inflamat\u00f3rias, como histamina e citocinas, como uma resposta do sistema imunol\u00f3gico para combater o v\u00edrus da dengue. Isso provoca a ativa\u00e7\u00e3o e inflama\u00e7\u00e3o de c\u00e9lulas da pele, resultando na coceira da dengue.<br \/>\n\n\n\n\n<h2 class=\"wp-block-heading\">Porque a dengue traz coceira?<\/h2>\n\n\n<p class=\"wp-block-paragraph\"><\/p>A dengue causa coceira na pele devido a libera\u00e7\u00e3o de subst\u00e2ncias inflamat\u00f3rias, como histamina e citocinas, como uma resposta do sistema imunol\u00f3gico para combater o v\u00edrus da dengue. Isso provoca a ativa\u00e7\u00e3o e inflama\u00e7\u00e3o de c\u00e9lulas da pele, resultando na coceira da dengue.<br \/>\n\n\n\n\n<h2 class=\"wp-block-heading\">O que \u00e9 bom para parar de se co\u00e7ar?<\/h2>\n\n\n\n<h2 class=\"wp-block-heading\">O que fazer quando n\u00e3o para de se co\u00e7ar?<\/h2>\n\n\n<p class=\"wp-block-paragraph\"><\/p>\n\n<ul class=\"wp-block-list\">\n<li>tomar banho com \u00e1gua fria;<\/li>\n<li>aplicar compressa de gelo;<\/li>\n<li>passar hidratante corporal;<\/li>\n<li>lavar a pele com ch\u00e1\u00b2.<\/li>\n<\/ul>\n\n\n\n\n<h2 class=\"wp-block-heading\">O que \u00e9 bom para aliviar coceira r\u00e1pido?<\/h2>\n\n\n<p class=\"wp-block-paragraph\"><\/p>\n\n<ul class=\"wp-block-list\">\n<li>Compressas frias: reduzem a inflama\u00e7\u00e3o e \u201cenganam\u201d os nervos da pele.<\/li>\n<li>Hidratantes: restauram a barreira cut\u00e2nea (optar por f\u00f3rmulas hipoalerg\u00eanicas).<\/li>\n<li>Anti-histam\u00ednicos orais: como loratadina, para rea\u00e7\u00f5es al\u00e9rgicas &#8211; mas sempre com orienta\u00e7\u00e3o m\u00e9dica.<\/li>\n<\/ul>\n\n\n\n\n<h2 class=\"wp-block-heading\">O que posso fazer para aliviar a coceira no corpo?<\/h2>\n\n\n<p class=\"wp-block-paragraph\"><\/p>O tratamento da coceira no corpo varia de acordo com sua causa. Em casos de alergias, medicamentos como anti-histam\u00ednicos podem ser usados para aliviar o prurido. Quando o problema \u00e9 o ressecamento da pele, cremes e lo\u00e7\u00f5es hidratantes s\u00e3o recomendados.<br \/>\n\n\n\n\n<h2 class=\"wp-block-heading\">Qual rem\u00e9dio caseiro mata coceira?<\/h2>\n\n\n<p class=\"wp-block-paragraph\"><\/p>Aplicar ch\u00e1 de camomila frio, j\u00e1 que a camomila possui propriedades anti-inflamat\u00f3rias e calmantes. Em alternativa, podem usar-se sach\u00eas de ch\u00e1 de camomila diretamente nas regi\u00f5es irritadas; Aplicar um gel de arnica ou de babosa.<br \/>\n\n\n\n\n<h2 class=\"wp-block-heading\">Qual o melhor creme para aliviar a coceira no corpo?<\/h2>\n\n\n<p class=\"wp-block-paragraph\"><\/p>Quando se trata de aliviar a coceira na pele causada por alergias, a escolha de produtos adequados pode fazer toda a diferen\u00e7a. Pomadas como o Cicaplast Baume B5+ e o Lipikar Baume AP+M s\u00e3o exemplos not\u00e1veis.<br \/>\n\n\n\n\n<h2 class=\"wp-block-heading\">Qual \u00e9 a fase final da dengue?<\/h2>\n\nPassada a fase cr\u00edtica da dengue, o paciente entra na fase de recupera\u00e7\u00e3o. No entanto, a doen\u00e7a pode progredir para formas graves que est\u00e3o associadas ao extravasamento grave de plasma, hemorragias severas ou comprometimento de grave de \u00f3rg\u00e3os, que podem evoluir para o \u00f3bito do indiv\u00edduo.<br \/>\n\n\n\n\n<h2 class=\"wp-block-heading\">Quando eu sei que a dengue est\u00e1 acabando?<\/h2>\n\n\n<p class=\"wp-block-paragraph\"><\/p>Se n\u00e3o evoluir para a forma grave (popularmente conhecida como \u201cdengue hemorr\u00e1gica), a fase final da dengue \u00e9 marcada principalmente pela aus\u00eancia de febre.<br \/>\n\n\n\n\n<h2 class=\"wp-block-heading\">Quais s\u00e3o os sintomas da dengue na fase final?<\/h2>\n\n\n<p class=\"wp-block-paragraph\"><\/p>Perda de peso, n\u00e1useas e v\u00f4mitos s\u00e3o comuns. Em alguns casos tamb\u00e9m apresenta manchas vermelhas na pele. Na fase febril inicial da dengue, pode ser dif\u00edcil diferenci\u00e1-la. A forma grave da doen\u00e7a inclui dor abdominal intensa e cont\u00ednua, v\u00f4mitos persistentes e sangramento de mucosas.<br \/>\n\n\n\n\n<h2 class=\"wp-block-heading\">O que acontece quando a dengue est\u00e1 sarando?<\/h2>\n\n\n<p class=\"wp-block-paragraph\"><\/p>Na maioria dos casos, h\u00e1 uma cura espont\u00e2nea depois de dez dias. No caso da forma grave da doen\u00e7a, o protocolo do Minist\u00e9rio da Sa\u00fade \u00e9 a interna\u00e7\u00e3o do paciente para o manejo cl\u00ednico adequado.<br \/>\n\n\n\n\n<h2 class=\"wp-block-heading\">Quando saber se estou melhorando da dengue?<\/h2>\n\n\n<p class=\"wp-block-paragraph\"><\/p>Fase de recupera\u00e7\u00e3o: a fase de recupera\u00e7\u00e3o pode durar a partir de tr\u00eas dias e compreende o tempo que o corpo precisa para restabelecer as fun\u00e7\u00f5es b\u00e1sicas afetadas pela doen\u00e7a. Esse per\u00edodo pode demorar mais ou menos, conforme a severidade do quadro de dengue.<br \/>\n\n\n\n\n<h2 class=\"wp-block-heading\">Como \u00e9 o quinto dia da dengue?<\/h2>\n\n\n<p class=\"wp-block-paragraph\"><\/p>Em uma minoria, outros sintomas mais espec\u00edficos podem surgir na sequ\u00eancia, principalmente quando a febre cessa por volta do quinto dia. Os sintomas mais caracter\u00edsticos dessa fase s\u00e3o dores abdominais, v\u00f4mitos intensos, desidrata\u00e7\u00e3o, falta de apetite e sangramentos nas mucosas.<br \/>\n\n\n\n\n<h2 class=\"wp-block-heading\">Quais s\u00e3o as sequelas da dengue na pele?<\/h2>\n\n\n\n<h2 class=\"wp-block-heading\">Como saber se fiquei com sequelas da dengue?<\/h2>\n\n\n<p class=\"wp-block-paragraph\"><\/p>Segundo o Minist\u00e9rio da Sa\u00fade, as manifesta\u00e7\u00f5es desse problema incluem convuls\u00f5es, del\u00edrio, sonol\u00eancia, irritabilidade, amn\u00e9sia e paralisias. Uma das complica\u00e7\u00f5es mais graves \u00e9 a encefalite. A condi\u00e7\u00e3o \u00e9 uma inflama\u00e7\u00e3o que ocorre no c\u00e9rebro quando um v\u00edrus (em alguns casos, bact\u00e9rias) consegue atac\u00e1-lo diretamente.<br \/>\n\n\n\n\n<h2 class=\"wp-block-heading\">Como fica a pele p\u00f3s-dengue?<\/h2>\n\n\n<p class=\"wp-block-paragraph\"><\/p>Em alguns casos, lembram as les\u00f5es do sarampo, com manchas avermelhadas, bordas irregulares, coceira e pequenas eleva\u00e7\u00f5es na pele. Em outros, surgem agrupadas no t\u00f3rax e se espalham para bra\u00e7os, rosto e costas, muito semelhantes \u00e0s feridas que costumam surgir em rea\u00e7\u00f5es al\u00e9rgicas ou outras viroses.<br \/>\n\n\n\n\n<h2 class=\"wp-block-heading\">O que a dengue deixa de sequela?<\/h2>\n\n\n<p class=\"wp-block-paragraph\"><\/p>Se n\u00e3o tratada, a encefalite por dengue pode levar \u00e0 sequelas motoras e da fala, al\u00e9m de paralisia. Em alguns casos, podem levar ao \u00f3bito.<br \/>\n\n\n\n\n<h2 class=\"wp-block-heading\">Quanto tempo o corpo volta ao normal depois da dengue?<\/h2>\n\n\n<p class=\"wp-block-paragraph\"><\/p>Enquanto o ciclo da dengue no corpo dura de 5 a 14 dias, os efeitos colaterais podem persistir por mais tempo. Entre os sintomas comuns est\u00e3o a fadiga, a falta de energia e at\u00e9 mesmo a tristeza. Muitas vezes, esses sinais s\u00e3o associados a um quadro que pode ser denominado p\u00f3s-dengue.<br \/>\n\n\n","protected":false},"excerpt":{"rendered":"<p>Quanto tempo leva para passar a coceira da dengue? O prurido na dengue pode ser extremamente inc\u00f4modo, mas \u00e9 autolimitado, durando de 36 a 72 horas, em m\u00e9dia. O que fazer para diminuir a coceira causada pela dengue? Quanto tempo dura a coceira por dengue? Ela geralmente dura de 2 a 5 dias e pode [&hellip;]<\/p>\n","protected":false},"author":2,"featured_media":0,"comment_status":"open","ping_status":"closed","sticky":false,"template":"","format":"standard","meta":{"footnotes":""},"categories":[1],"tags":[],"class_list":["post-21049","post","type-post","status-publish","format-standard","hentry","category-conteudo"],"_links":{"self":[{"href":"https:\/\/ammabarbacena.com.br\/perguntas-frequentes\/wp-json\/wp\/v2\/posts\/21049","targetHints":{"allow":["GET"]}}],"collection":[{"href":"https:\/\/ammabarbacena.com.br\/perguntas-frequentes\/wp-json\/wp\/v2\/posts"}],"about":[{"href":"https:\/\/ammabarbacena.com.br\/perguntas-frequentes\/wp-json\/wp\/v2\/types\/post"}],"author":[{"embeddable":true,"href":"https:\/\/ammabarbacena.com.br\/perguntas-frequentes\/wp-json\/wp\/v2\/users\/2"}],"replies":[{"embeddable":true,"href":"https:\/\/ammabarbacena.com.br\/perguntas-frequentes\/wp-json\/wp\/v2\/comments?post=21049"}],"version-history":[{"count":1,"href":"https:\/\/ammabarbacena.com.br\/perguntas-frequentes\/wp-json\/wp\/v2\/posts\/21049\/revisions"}],"predecessor-version":[{"id":21050,"href":"https:\/\/ammabarbacena.com.br\/perguntas-frequentes\/wp-json\/wp\/v2\/posts\/21049\/revisions\/21050"}],"wp:attachment":[{"href":"https:\/\/ammabarbacena.com.br\/perguntas-frequentes\/wp-json\/wp\/v2\/media?parent=21049"}],"wp:term":[{"taxonomy":"category","embeddable":true,"href":"https:\/\/ammabarbacena.com.br\/perguntas-frequentes\/wp-json\/wp\/v2\/categories?post=21049"},{"taxonomy":"post_tag","embeddable":true,"href":"https:\/\/ammabarbacena.com.br\/perguntas-frequentes\/wp-json\/wp\/v2\/tags?post=21049"}],"curies":[{"name":"wp","href":"https:\/\/api.w.org\/{rel}","templated":true}]}}