{"id":20985,"date":"2025-08-08T02:21:36","date_gmt":"2025-08-08T02:21:36","guid":{"rendered":"http:\/\/16621549-cdd1-4635-8273-cb5c0974f166"},"modified":"2025-08-08T02:21:36","modified_gmt":"2025-08-08T02:21:36","slug":"quanto-tempo-demora-voltar-o-paladar-apos-covid","status":"publish","type":"post","link":"https:\/\/ammabarbacena.com.br\/perguntas-frequentes\/quanto-tempo-demora-voltar-o-paladar-apos-covid\/","title":{"rendered":"Quanto tempo demora voltar o paladar ap\u00f3s covid"},"content":{"rendered":"\n\n<h2 class=\"wp-block-heading\">Quanto tempo dura a perda de paladar da Covid?<\/h2>\n\nQuanto tempo dura a perda de olfato e paladar da Covid -19? A maioria dos pacientes apresenta melhora geralmente nas primeiras semanas, entre 14 e 21 dias. Em alguns indiv\u00edduos, a altera\u00e7\u00e3o pode durar mais tempo. H\u00e1 relatos de pessoas que referem dist\u00farbios do olfato por mais de sete meses.<br \/>\n\n\n\n\n<h2 class=\"wp-block-heading\">Quanto tempo dura a perda de paladar covid?<\/h2>\n\n\n<p><\/p>Quanto tempo dura a perda de olfato e paladar da Covid -19? A maioria dos pacientes apresenta melhora geralmente nas primeiras semanas, entre 14 e 21 dias. Em alguns indiv\u00edduos, a altera\u00e7\u00e3o pode durar mais tempo. H\u00e1 relatos de pessoas que referem dist\u00farbios do olfato por mais de sete meses.<br \/>\n\n\n\n\n<h2 class=\"wp-block-heading\">A covid pode alterar o paladar?<\/h2>\n\n\n<p><\/p>Esses achados indicam que a presen\u00e7a de altera\u00e7\u00f5es de olfato e paladar n\u00e3o t\u00eam mais valor preditivo para o diagn\u00f3stico de COVID-19 para as variantes \u00d4micron do SARS-CoV-2 dominantes h\u00e1 pelo menos um ano.<br \/>\n\n\n\n\n<h2 class=\"wp-block-heading\">Quantos dias os sintomas da covid ficam no corpo?<\/h2>\n\n\n<p><\/p>&#8220;No geral, a tend\u00eancia \u00e9 que os sintomas piores, como dor de garganta e febre, durem cerca de tr\u00eas dias &#8220;, estima a especialista, que tamb\u00e9m integra a Sociedade Brasileira de Infectologia (SBI). &#8220;Ap\u00f3s esse per\u00edodo, \u00e9 normal que manifesta\u00e7\u00f5es mais leves, como coriza e tosse, ainda persistam por sete a dez dias&#8221;, conclui.<br \/>\n\n\n\n\n<h2 class=\"wp-block-heading\">Como \u00e9 a evolu\u00e7\u00e3o dos sintomas da Covid?<\/h2>\n\n\n<p><\/p>Por isso, a maioria das pessoas apresenta apenas sintomas leves e recupera-se ap\u00f3s alguns dias. Entretanto, de 15% a 20% dos pacientes v\u00e3o apresentar sintomas mais severos. O que isso quer dizer? Depois de 5 a 14 dias ap\u00f3s o primeiro sintoma, o v\u00edrus finalmente consegue chegar ao pulm\u00e3o, iniciando uma inflama\u00e7\u00e3o grave.<br \/>\n\n\n\n\n<h2 class=\"wp-block-heading\">O que fazer quando n\u00e3o sente o gosto da comida?<\/h2>\n\nA perda do olfato ou do paladar \u00e9 um sinal da covid-19. Por esse motivo, os m\u00e9dicos ficam em alerta m\u00e1ximo quando seus pacientes lhes dizem que a comida n\u00e3o tem mais sabor \u2014e \u00e9 importante fazer o exame o quanto antes para saber se voc\u00ea est\u00e1 infectado com o coronav\u00edrus.<br \/>\n\n\n\n\n<h2 class=\"wp-block-heading\">Porque n\u00e3o sinto o sabor dos alimentos?<\/h2>\n\n\n<p><\/p>Uma delas pode ser um problema neurol\u00f3gico relacionado ao sentido e interpreta\u00e7\u00e3o do paladar no c\u00e9rebro. Esses fatores podem levar a: Hipogeusia Capacidade reduzida de saborear alimentos \u2013doces, azedos, amargos ou salgados. Ageusia Eliminar o paladar completamente.<br \/>\n\n\n\n\n<h2 class=\"wp-block-heading\">O que fazer para voltar o paladar e olfato?<\/h2>\n\n\n<p><\/p>Avalia\u00e7\u00e3o e acompanhamento m\u00e9dico s\u00e3o essenciais para a condu\u00e7\u00e3o desses casos. Al\u00e9m disso, existem treinamentos para o sentido do olfato, chamados treinamentos olfat\u00f3rios. Essa estrat\u00e9gia consiste em utilizar \u00f3leos essenciais ou produtos com cheiros bem caracter\u00edsticos para treinar o sentido.<br \/>\n\n\n\n\n<h2 class=\"wp-block-heading\">O que fazer quando a boca est\u00e1 sem gosto?<\/h2>\n\n\n<p><\/p>\n\n<ul class=\"wp-block-list\">\n<li>Aumentar a ingest\u00e3o de l\u00edquidos para melhorar a hidrata\u00e7\u00e3o e, assim, estimular a produ\u00e7\u00e3o de saliva, o que ajuda a neutralizar o sabor amargo;<\/li>\n<li>Usar um enxaguante bucal sem \u00e1lcool para combater as bact\u00e9rias e refrescar o h\u00e1lito;<\/li>\n<\/ul>\n\n\n\n\n<h2 class=\"wp-block-heading\">O que fazer para desentupir o nariz e sentir o gosto da comida?<\/h2>\n\n\n<p><\/p>Para tratar a congest\u00e3o nasal e voltar a sentir o gosto dos alimentos normalmente, vale apostar em m\u00e9todos simples, tais como usar soro fisiol\u00f3gico, beber bastante \u00e1gua sempre e consumir alimentos ricos em minerais e vitaminas importantes para manter a imunidade alta.<br \/>\n\n\n\n\n<h2 class=\"wp-block-heading\">Quais s\u00e3o as doen\u00e7as que afetam o paladar?<\/h2>\n\n\n<p><\/p>Dist\u00farbios neurol\u00f3gicos, incluindo depress\u00e3o e convuls\u00f5es, podem comprometer o paladar. A distor\u00e7\u00e3o do paladar (disgeusia) pode ser causada por uma inflama\u00e7\u00e3o das gengivas (gengivite) ou por muitas das mesmas condi\u00e7\u00f5es que resultam em perda do paladar e do olfato, incluindo depress\u00e3o e convuls\u00f5es.<br \/>\n\n\n\n\n<h2 class=\"wp-block-heading\">Como sentir o sabor da comida?<\/h2>\n\n\n<p><\/p>A l\u00edngua e suas papilas gustativas s\u00e3o capazes de perceber os quatro sabores prim\u00e1rios (amargo, azedo, doce e salgado), embora em cada parte da l\u00edngua, as papilas linguais sejam mais sens\u00edveis a um tipo de sabor. E temais, as papilas linguais s\u00f3 captam o sabor de alimentos em estado l\u00edquido.<br \/>\n\n\n\n\n<h2 class=\"wp-block-heading\">Covid altera o paladar?<\/h2>\n\nEsses achados indicam que a presen\u00e7a de altera\u00e7\u00f5es de olfato e paladar n\u00e3o t\u00eam mais valor preditivo para o diagn\u00f3stico de COVID-19 para as variantes \u00d4micron do SARS-CoV-2 dominantes h\u00e1 pelo menos um ano.<br \/>\n\n\n\n\n<h2 class=\"wp-block-heading\">Como fica o paladar de quem est\u00e1 com covid?<\/h2>\n\n\n<p><\/p>O olfato e o paladar est\u00e3o intrinsecamente ligados. Curiosamente, entre os sintomas de coronav\u00edrus, o surgimento de anosmia e ageusia (perda do paladar) \u00e9 muito maior do que em outras infec\u00e7\u00f5es virais que afetam as vias a\u00e9reas.<br \/>\n\n\n\n\n<h2 class=\"wp-block-heading\">O que pode causar a mudan\u00e7a no paladar?<\/h2>\n\n\n<p><\/p>defici\u00eancias vitam\u00ednicas, como defici\u00eancia de Zinco e de vitamina B12; cirurgias ortod\u00f4nticas; cirurgias no ouvido; ser tabagista.<br \/>\n\n\n\n\n<h2 class=\"wp-block-heading\">Quais s\u00e3o as sequelas da covid no olfato e paladar?<\/h2>\n\n\n<p><\/p>Doze volunt\u00e1rios apresentaram alucina\u00e7\u00f5es olfativas (sentem cheiros que outras pessoas n\u00e3o sentem) e nove pessoas relataram alucina\u00e7\u00f5es gustativas (sentem o gosto de um alimento sem t\u00ea-lo provado). Nos dois casos, a maioria afirmou que essas alucina\u00e7\u00f5es s\u00f3 apareceram ap\u00f3s a infec\u00e7\u00e3o pelo coronav\u00edrus.<br \/>\n\n\n\n\n<h2 class=\"wp-block-heading\">Estou sentindo gosto diferente nos alimentos.?<\/h2>\n\n\n<p><\/p>A perda do olfato ou do paladar \u00e9 um sinal da covid-19. Por esse motivo, os m\u00e9dicos ficam em alerta m\u00e1ximo quando seus pacientes lhes dizem que a comida n\u00e3o tem mais sabor \u2014e \u00e9 importante fazer o exame o quanto antes para saber se voc\u00ea est\u00e1 infectado com o coronav\u00edrus.<br \/>\n\n\n\n\n<h2 class=\"wp-block-heading\">Quais doen\u00e7as podem afetar o paladar?<\/h2>\n\n\n<p><\/p>Dist\u00farbios neurol\u00f3gicos, incluindo depress\u00e3o e convuls\u00f5es, podem comprometer o paladar. A distor\u00e7\u00e3o do paladar (disgeusia) pode ser causada por uma inflama\u00e7\u00e3o das gengivas (gengivite) ou por muitas das mesmas condi\u00e7\u00f5es que resultam em perda do paladar e do olfato, incluindo depress\u00e3o e convuls\u00f5es.<br \/>\n\n\n\n\n<h2 class=\"wp-block-heading\">Quanto tempo dura a disgeusia?<\/h2>\n\nPor quantos dias o sintoma de falta de paladar persiste? O sintoma se inicia logo no come\u00e7o da doen\u00e7a e pode persistir at\u00e9 a cura total, ou mais. Pacientes relatam que o tempo de dura\u00e7\u00e3o pode variar: uns recuperaram seu paladar e olfato ap\u00f3s 15 dias, outros ap\u00f3s 2 meses e alguns ainda n\u00e3o recuperaram seus sentidos.<br \/>\n\n\n\n\n<h2 class=\"wp-block-heading\">Quanto tempo o paladar volta ao normal?<\/h2>\n\n\n<p><\/p>Quanto tempo dura a perda de olfato e paladar da Covid-19? A maioria dos pacientes apresenta melhora geralmente nas primeiras semanas, entre 14 e 21 dias. Em alguns indiv\u00edduos, a altera\u00e7\u00e3o pode durar mais tempo. H\u00e1 relatos de pessoas que referem dist\u00farbios do olfato por mais de sete meses.<br \/>\n\n\n\n\n<h2 class=\"wp-block-heading\">O que \u00e9 bom para disgeusia?<\/h2>\n\n\n<p><\/p>O tratamento depende da causa da disgeusia. Por exemplo, se a disgeusia estiver sendo causada por algum medicamento, a troca de medicamentos pode ajudar. Se voc\u00ea tiver uma infec\u00e7\u00e3o viral, como a COVID-19, que afeta seu olfato e paladar, seu m\u00e9dico pode recomendar terapia de treinamento olfativo.<br \/>\n\n\n\n\n<h2 class=\"wp-block-heading\">O que pode causar disgeusia?<\/h2>\n\n\n<p><\/p>A distor\u00e7\u00e3o do paladar (disgeusia) pode ser causada por uma inflama\u00e7\u00e3o das gengivas (gengivite) ou por muitas das mesmas condi\u00e7\u00f5es que resultam em perda do paladar e do olfato, incluindo depress\u00e3o e convuls\u00f5es. O paladar pode ser distorcido por alguns medicamentos, como os seguintes: Antibi\u00f3ticos.<br \/>\n\n\n\n\n<h2 class=\"wp-block-heading\">A hipogeusia tem cura?<\/h2>\n\n\n<p><\/p>Na maioria dos casos, a hipogeusia desaparece assim que a condi\u00e7\u00e3o subjacente desaparece. Por exemplo, se um resfriado ou sinusite causou um enfraquecimento do paladar, seu paladar deve retornar assim que voc\u00ea se sentir melhor. A hipogeusia devido \u00e0 COVID-19 pode persistir, \u00e0s vezes por v\u00e1rias semanas ou meses.<br \/>\n\n\n\n\n<h2 class=\"wp-block-heading\">Quantos dias para mudar o paladar?<\/h2>\n\n\n<p><\/p>Isso \u00e9 ci\u00eancia pura e pode transformar sua dieta de forma definitiva! \ud83d\ude0b\u2728 \ud83e\uddea A ci\u00eancia por tr\u00e1s disso: Estudos mostram que nossas papilas gustativas se renovam a cada 10 a 14 dias. Durante esse per\u00edodo, podemos \u201ctrein\u00e1-las\u201d a se adaptar a novos sabores, como menos a\u00e7\u00facar ou mais alimentos naturais.<br \/>\n\n\n\n\n<h2 class=\"wp-block-heading\">Quantos dias dura o covid?<\/h2>\n\n\n\n<h2 class=\"wp-block-heading\">Quantos dias de isolamento depois do teste positivo?<\/h2>\n\n\n<p><\/p>\u201cPacientes com exame positivo para covid-19 devem manter o isolamento, inicialmente, por cinco dias. Caso os sintomas permane\u00e7am, deve ficar em isolamento at\u00e9 o s\u00e9timo dia. Com cinco dias de isolamento e sem sintomas, o paciente pode refazer o teste (opcional).<br \/>\n\n\n\n\n<h2 class=\"wp-block-heading\">Quantos dias dura a cura da Covid leve?<\/h2>\n\n\n<p><\/p>Felizmente, a maioria das pessoas se recupera bem dentro de alguns dias apenas com repouso, hidrata\u00e7\u00e3o e rem\u00e9dios para aliviar os sintomas. \u00c9 importante que pacientes e familiares estejam atentos aos sinais de gravidade, tais como falta de ar, dor persistente no peito e colora\u00e7\u00e3o azulada dos l\u00e1bios.<br \/>\n\n\n\n\n<h2 class=\"wp-block-heading\">O que piora a Covid?<\/h2>\n\n\n<p><\/p>Alta concentra\u00e7\u00e3o de prote\u00edna orosomucoide est\u00e1 relacionada \u00e0 piora em casos de covid-19 \u2013 Jornal da USP.<br \/>\n\n\n\n\n<h2 class=\"wp-block-heading\">Quantos dias tem que ficar de m\u00e1scara Covid?<\/h2>\n\n\n<p><\/p>Indiv\u00edduos com teste r\u00e1pido negativo ap\u00f3s o quinto dia do in\u00edcio do quadro ou com remiss\u00e3o dos sintomas ap\u00f3s o s\u00e9timo dia poder\u00e3o flexibilizar o isolamento, retornando suas atividades, observando entretanto diversos cuidados, como o uso da m\u00e1scara, at\u00e9 completar 10 dias.<br \/>\n\n\n\n\n<h2 class=\"wp-block-heading\">Quantos dias com Covid ainda transmite?<\/h2>\n\n\n<p><\/p>Transmissibilidade. A transmissibilidade dos pacientes infectados por SARSCoV \u00e9 em m\u00e9dia de 07 dias ap\u00f3s o in\u00edcio dos sintomas. No entanto, dados preliminares do coronav\u00edrus (SARS-CoV-2) sugerem que a transmiss\u00e3o possa ocorrer mesmo sem o aparecimento de sinais e sintomas.<br \/>\n\n\n\n\n<h2 class=\"wp-block-heading\">Qual o protocolo para Covid hoje?<\/h2>\n\n\n<p><\/p>Uso de m\u00e1scaras: Recomendado para pessoas com sintomas gripais, casos confirmados, imunossuprimidos, idosos e em ambientes com risco de transmiss\u00e3o, como locais fechados ou aglomera\u00e7\u00f5es. Em unidades de sa\u00fade, o uso de m\u00e1scaras \u00e9 obrigat\u00f3rio para profissionais e visitantes.<br \/>\n\n\n\n\n<h2 class=\"wp-block-heading\">Como saber se \u00e9 gripe ou covid?<\/h2>\n\n2- Como diferenciar um caso de Covid-19 e um de gripe? N\u00e3o \u00e9 poss\u00edvel fazer a diferencia\u00e7\u00e3o entre Covid-19 e influenza apenas pela avalia\u00e7\u00e3o cl\u00ednica porque os sintomas e sinais das duas doen\u00e7as s\u00e3o inespec\u00edficos.<br \/>\n\n\n\n\n<h2 class=\"wp-block-heading\">Qual a diferen\u00e7a entre Covid, gripe e resfriado?<\/h2>\n\n\n<p><\/p>No caso da febre, por exemplo, a ocorr\u00eancia dela \u00e9 comum em casos de Covid-19 e de gripe, mas rara em resfriados. Os espirros s\u00e3o comuns em resfriados, mas raros tanto em gripes quanto em Covid-19. O nariz entupido aparece frequentemente em resfriados, \u00e0s vezes em gripes e, raramente, em casos do novo coronav\u00edrus.<br \/>\n\n\n\n\n<h2 class=\"wp-block-heading\">Como saber se est\u00e1 com covid ou n\u00e3o?<\/h2>\n\n\n<p><\/p>J\u00e1 a Covid -19 \u00e9 caracterizada por sintomas respirat\u00f3rios, como tosse, dor de garganta e coriza, principalmente em casos leves. Nos casos moderados a graves, podem surgir tosse e febre persistentes, falta de ar, desconforto respirat\u00f3rio e dificuldade para se alimentar.<br \/>\n\n\n\n\n<h2 class=\"wp-block-heading\">Quais s\u00e3o os sintomas de covid atualmente?<\/h2>\n\n\n<p><\/p>\n\n<ul class=\"wp-block-list\">\n<li>TOSSE.<\/li>\n<li>PERDA DE OLFATO E PALADAR.<\/li>\n<li>FEBRE.<\/li>\n<li>QUEIXAS GASTROINTESTINAIS.<\/li>\n<li>DORES MUSCULARES.<\/li>\n<li>FALTA DE AR.<\/li>\n<\/ul>\n\n\n\n\n<h2 class=\"wp-block-heading\">Quem est\u00e1 com covid tem catarro?<\/h2>\n\n\n<p><\/p>Segundo um levantamento da OMS (Organiza\u00e7\u00e3o Mundial da Sa\u00fade), que analisou 55 mil casos confirmados na China, a tosse seca est\u00e1 presente em 68% dos casos , sendo o segundo sinal mais frequente depois da febre. A tosse com catarro esteve presente em 33% deles.<br \/>\n\n\n\n\n<h2 class=\"wp-block-heading\">Como saber se \u00e9 dengue, covid ou gripe?<\/h2>\n\n\n<p><\/p>Como diferenciar essas doen\u00e7as? O quadro respirat\u00f3rio \u00e9 a principal forma de distinguir a gripe, dengue e Covid-19. Sintomas respirat\u00f3rios, como dor no peito, falta de ar, tosse, altera\u00e7\u00f5es do olfato e paladar, n\u00e3o est\u00e3o presentes na dengue.<br \/>\n\n\n","protected":false},"excerpt":{"rendered":"<p>Quanto tempo dura a perda de paladar da Covid? Quanto tempo dura a perda de olfato e paladar da Covid -19? A maioria dos pacientes apresenta melhora geralmente nas primeiras semanas, entre 14 e 21 dias. Em alguns indiv\u00edduos, a altera\u00e7\u00e3o pode durar mais tempo. H\u00e1 relatos de pessoas que referem dist\u00farbios do olfato por [&hellip;]<\/p>\n","protected":false},"author":2,"featured_media":0,"comment_status":"open","ping_status":"closed","sticky":false,"template":"","format":"standard","meta":{"footnotes":""},"categories":[1],"tags":[],"class_list":["post-20985","post","type-post","status-publish","format-standard","hentry","category-conteudo"],"_links":{"self":[{"href":"https:\/\/ammabarbacena.com.br\/perguntas-frequentes\/wp-json\/wp\/v2\/posts\/20985","targetHints":{"allow":["GET"]}}],"collection":[{"href":"https:\/\/ammabarbacena.com.br\/perguntas-frequentes\/wp-json\/wp\/v2\/posts"}],"about":[{"href":"https:\/\/ammabarbacena.com.br\/perguntas-frequentes\/wp-json\/wp\/v2\/types\/post"}],"author":[{"embeddable":true,"href":"https:\/\/ammabarbacena.com.br\/perguntas-frequentes\/wp-json\/wp\/v2\/users\/2"}],"replies":[{"embeddable":true,"href":"https:\/\/ammabarbacena.com.br\/perguntas-frequentes\/wp-json\/wp\/v2\/comments?post=20985"}],"version-history":[{"count":1,"href":"https:\/\/ammabarbacena.com.br\/perguntas-frequentes\/wp-json\/wp\/v2\/posts\/20985\/revisions"}],"predecessor-version":[{"id":20986,"href":"https:\/\/ammabarbacena.com.br\/perguntas-frequentes\/wp-json\/wp\/v2\/posts\/20985\/revisions\/20986"}],"wp:attachment":[{"href":"https:\/\/ammabarbacena.com.br\/perguntas-frequentes\/wp-json\/wp\/v2\/media?parent=20985"}],"wp:term":[{"taxonomy":"category","embeddable":true,"href":"https:\/\/ammabarbacena.com.br\/perguntas-frequentes\/wp-json\/wp\/v2\/categories?post=20985"},{"taxonomy":"post_tag","embeddable":true,"href":"https:\/\/ammabarbacena.com.br\/perguntas-frequentes\/wp-json\/wp\/v2\/tags?post=20985"}],"curies":[{"name":"wp","href":"https:\/\/api.w.org\/{rel}","templated":true}]}}