{"id":20977,"date":"2025-08-08T02:17:14","date_gmt":"2025-08-08T02:17:14","guid":{"rendered":"http:\/\/788982fa-7535-4510-8807-a0be7aa68233"},"modified":"2025-08-08T02:17:14","modified_gmt":"2025-08-08T02:17:14","slug":"quanto-tempo-demora-para-voltar-olfato-e-paladar-apos-covid","status":"publish","type":"post","link":"https:\/\/ammabarbacena.com.br\/perguntas-frequentes\/quanto-tempo-demora-para-voltar-olfato-e-paladar-apos-covid\/","title":{"rendered":"Quanto tempo demora para voltar olfato e paladar ap\u00f3s covid"},"content":{"rendered":"Quanto tempo dura a perda de olfato e paladar da Covid-19? A maioria dos pacientes apresenta melhora geralmente nas primeiras semanas, entre 14 e 21 dias. Em alguns indiv\u00edduos, a altera\u00e7\u00e3o pode durar mais tempo. H\u00e1 relatos de pessoas que referem dist\u00farbios do olfato por mais de sete meses.<br \/>\n\n\n\n\n<h2 class=\"wp-block-heading\">A perda de olfato \u00e9 uma sequela da covid?<\/h2>\n\n\n\n<ul class=\"wp-block-list\">\n<li>A origem do dano<\/li>\n<li> J\u00e1 a perda de olfato associada \u00e0 covid-19, segundo Pinna, \u00e9 decorrente da inflama\u00e7\u00e3o desencadeada pelo sars-cov-2 na mucosa olfat\u00f3ria. \u201cIsso leva a uma diminui\u00e7\u00e3o do muco olfat\u00f3rio. N\u00e3o temos visto uma les\u00e3o direta nos neur\u00f4nios olfat\u00f3rios.<\/li>\n<\/ul>\n\n\n\n\n<h2 class=\"wp-block-heading\">Quanto tempo dura a perda de olfato pela Covid?<\/h2>\n\n\n<p><\/p>Quanto tempo dura a perda de olfato e paladar da Covid -19? A maioria dos pacientes apresenta melhora geralmente nas primeiras semanas, entre 14 e 21 dias. Em alguns indiv\u00edduos, a altera\u00e7\u00e3o pode durar mais tempo. H\u00e1 relatos de pessoas que referem dist\u00farbios do olfato por mais de sete meses.<br \/>\n\n\n\n\n<h2 class=\"wp-block-heading\">Quais s\u00e3o as sequelas de quem teve covid?<\/h2>\n\n\n<p><\/p>Uma pesquisa realizada pela Funda\u00e7\u00e3o Oswaldo Cruz (Fiocruz), no Rio de Janeiro, constatou que a infec\u00e7\u00e3o pelo coronav\u00edrus deixou sequelas graves e persistentes em uma parcela significativa da popula\u00e7\u00e3o, entre as quais fadiga, dor intramuscular, encefalite mi\u00e1lgica e comprometimento cognitivo.<br \/>\n\n\n\n\n<h2 class=\"wp-block-heading\">Quais s\u00e3o as sequelas da covid no paladar e no olfato?<\/h2>\n\n\n<p><\/p>Doze volunt\u00e1rios apresentaram alucina\u00e7\u00f5es olfativas (sentem cheiros que outras pessoas n\u00e3o sentem) e nove pessoas relataram alucina\u00e7\u00f5es gustativas (sentem o gosto de um alimento sem t\u00ea-lo provado). Nos dois casos, a maioria afirmou que essas alucina\u00e7\u00f5es s\u00f3 apareceram ap\u00f3s a infec\u00e7\u00e3o pelo coronav\u00edrus.<br \/>\n\n\n\n\n<h2 class=\"wp-block-heading\">A fisioterapia olfativa \u00e9 eficaz no tratamento da covid?<\/h2>\n\n\n<p><\/p>Fisioterapia de cheiros ajuda a recuperar perda de olfato pela Covid-19. A perda da capacidade de sentir cheiro ou olfato, \u00e9 um dos principais sintomas da Covid-19. H\u00e1 v\u00e1rios graus para essa perda e ela pode ocorrer em qualquer fase da doen\u00e7a ou at\u00e9 n\u00e3o aparecer. Dra.<br \/>\n\n\n\n\n<h2 class=\"wp-block-heading\">O que acontece quando uma pessoa n\u00e3o sente cheiro?<\/h2>\n\n\n<p><\/p>O que \u00e9 anosmia? A anosmia \u00e9 o termo que se refere \u00e0 perda completa do olfato, gerando a incapacidade tempor\u00e1ria ou permanente de perceber odores. Essa condi\u00e7\u00e3o pode acontecer de modo repentino ou gradual. Sua forma tempor\u00e1ria pode acometer pessoas de todas as idades.<br \/>\n\n\n\n\n<h2 class=\"wp-block-heading\">Por que meu paladar vai e volta?<\/h2>\n\nMesmo que voc\u00ea n\u00e3o chegue a \u201cqueimar\u201d a l\u00edngua, alimentos ou bebidas quentes podem causar mudan\u00e7as no paladar pelo \u201ctrauma\u201d local e tempor\u00e1rio nas papilas gustativas. Por\u00e9m, fique tranquilo, \u00e9 tempor\u00e1rio e, assim que reestabelecer, o paladar volta ao normal.<br \/>\n\n\n\n\n<h2 class=\"wp-block-heading\">Quando o paladar volta ao normal?<\/h2>\n\n\n<p><\/p>Quanto tempo dura a perda de olfato e paladar da Covid-19? A maioria dos pacientes apresenta melhora geralmente nas primeiras semanas, entre 14 e 21 dias. Em alguns indiv\u00edduos, a altera\u00e7\u00e3o pode durar mais tempo. H\u00e1 relatos de pessoas que referem dist\u00farbios do olfato por mais de sete meses.<br \/>\n\n\n\n\n<h2 class=\"wp-block-heading\">O que pode causar altera\u00e7\u00e3o no paladar?<\/h2>\n\n\n<p><\/p>defici\u00eancias vitam\u00ednicas, como defici\u00eancia de Zinco e de vitamina B12; cirurgias ortod\u00f4nticas; cirurgias no ouvido; ser tabagista.<br \/>\n\n\n\n\n<h2 class=\"wp-block-heading\">O que significa quando o paladar muda?<\/h2>\n\n\n<p><\/p>Segundo a especialista, essas altera\u00e7\u00f5es podem ser causadas por motivos mais simples como o h\u00e1bito de fumar, uso de alguns medicamentos ou at\u00e9 por um ferimento da boca. Mas algumas doen\u00e7as s\u00e9rias tamb\u00e9m podem causar o problema.<br \/>\n\n\n\n\n<h2 class=\"wp-block-heading\">A sinusite pode alterar o paladar?<\/h2>\n\n\n<p><\/p>As sinusites podem ser al\u00e9rgicas, virais, bacterianas ou f\u00fangicas. A inflama\u00e7\u00e3o afeta o paladar quando o nariz fica muito congestionado e diminui o olfato. \u201cO paladar \u00e9 respons\u00e1vel por perceber os gostos doce, salgado, azedo, amargo e umami, mas o olfato \u00e9 o respons\u00e1vel pelo discernimento dos sabores.<br \/>\n\n\n\n\n<h2 class=\"wp-block-heading\">O que devo fazer se n\u00e3o sinto cheiro de nada?<\/h2>\n\nO tratamento para anosmia est\u00e1 diretamente ligado ao tratamento da condi\u00e7\u00e3o que est\u00e1 ocasionando a perda de olfato: Nas gripes e resfriados, descongestionantes, sprays nasais e inala\u00e7\u00f5es podem ser decisivos para ajudar na revers\u00e3o do quadro rapidamente.<br \/>\n\n\n\n\n<h2 class=\"wp-block-heading\">O que devo fazer se n\u00e3o consigo sentir cheiro de nada?<\/h2>\n\n\n<p><\/p>O tratamento para anosmia est\u00e1 diretamente ligado ao tratamento da condi\u00e7\u00e3o que est\u00e1 ocasionando a perda de olfato: Nas gripes e resfriados, descongestionantes, sprays nasais e inala\u00e7\u00f5es podem ser decisivos para ajudar na revers\u00e3o do quadro rapidamente.<br \/>\n\n\n\n\n<h2 class=\"wp-block-heading\">Porque n\u00e3o to sentindo cheiro de nada?<\/h2>\n\n\n<p><\/p>O sintoma pode ser causado por les\u00f5es nasais, obstru\u00e7\u00e3o do canal nasal (como desvio de septo), rinite, sinusite, infec\u00e7\u00f5es que atinjam o nariz, ou ainda problemas neurol\u00f3gicos (como Alzheimer e Parkinson), c\u00e2ncer e determinados medicamentos.<br \/>\n\n\n\n\n<h2 class=\"wp-block-heading\">O que pode ser quando voc\u00ea n\u00e3o est\u00e1 sentindo cheiro?<\/h2>\n\n\n<p><\/p>Algumas infec\u00e7\u00f5es podem causar o problema, como o Rhinovirus e o Adenovirus, por exemplo. O ponto principal \u00e9 que, nesses casos, a obstru\u00e7\u00e3o nasal e a coriza acabam reduzindo o olfato. J\u00e1 no caso do Covid-19, os sintomas s\u00e3o mais severos.<br \/>\n\n\n\n\n<h2 class=\"wp-block-heading\">O que pode causar a perda do olfato?<\/h2>\n\n\n<p><\/p>A perda de olfato pode ser parte do envelhecimento normal. As causas comuns incluem infec\u00e7\u00f5es das vias a\u00e9reas superiores, sinusite e traumatismo craniano. \u00c9 geralmente necess\u00e1rio realizar um exame por imagem, como TC e RM, a n\u00e3o ser que a causa seja \u00f3bvia para o m\u00e9dico.<br \/>\n\n\n\n\n<h2 class=\"wp-block-heading\">O que fazer para voltar o paladar e olfato?<\/h2>\n\n\n<p><\/p>Avalia\u00e7\u00e3o e acompanhamento m\u00e9dico s\u00e3o essenciais para a condu\u00e7\u00e3o desses casos. Al\u00e9m disso, existem treinamentos para o sentido do olfato, chamados treinamentos olfat\u00f3rios. Essa estrat\u00e9gia consiste em utilizar \u00f3leos essenciais ou produtos com cheiros bem caracter\u00edsticos para treinar o sentido.<br \/>\n\n\n\n\n<h2 class=\"wp-block-heading\">Como posso desenvolver meu olfato?<\/h2>\n\n\n<p><\/p>Fazer exerc\u00edcios para melhorar o olfato pode ajudar muito a treinar o seu c\u00e9rebro para perceber diferentes est\u00edmulos arom\u00e1ticos. Uma maneira de colocar essa ideia em pr\u00e1tica \u00e9 separar algumas fragr\u00e2ncias diferentes para cheirar regularmente e estimular os seus canais olfativos.<br \/>\n\n\n\n\n<h2 class=\"wp-block-heading\">Qual \u00e9 a diferen\u00e7a entre a perda de olfato em casos de gripe e de covid-19?<\/h2>\n\nQuando os pacientes com covid-19 apresentam perda de olfato, ela tende a ser repentina e severa e geralmente n\u00e3o envolve nariz entupido, congestionado ou escorrendo \u2014 a maioria das pessoas com coronav\u00edrus ainda consegue respirar livremente. Outra coisa que os diferencia \u00e9 sua contundente perda do paladar.<br \/>\n\n\n\n\n<h2 class=\"wp-block-heading\">Como saber se \u00e9 s\u00f3 uma gripe ou covid?<\/h2>\n\n\n<p><\/p>2- Como diferenciar um caso de Covid-19 e um de gripe? N\u00e3o \u00e9 poss\u00edvel fazer a diferencia\u00e7\u00e3o entre Covid-19 e influenza apenas pela avalia\u00e7\u00e3o cl\u00ednica porque os sintomas e sinais das duas doen\u00e7as s\u00e3o inespec\u00edficos.<br \/>\n\n\n\n\n<h2 class=\"wp-block-heading\">Quanto tempo dura a perda de olfato no covid?<\/h2>\n\n\n<p><\/p>Quanto tempo dura a perda de olfato e paladar da Covid -19? A maioria dos pacientes apresenta melhora geralmente nas primeiras semanas, entre 14 e 21 dias. Em alguns indiv\u00edduos, a altera\u00e7\u00e3o pode durar mais tempo. H\u00e1 relatos de pessoas que referem dist\u00farbios do olfato por mais de sete meses.<br \/>\n\n\n\n\n<h2 class=\"wp-block-heading\">Como saber se \u00e9 gripe ou outra coisa?<\/h2>\n\n\n<p><\/p>A principal diferen\u00e7a entre a gripe e o resfriado reside na febre elevada, caracter\u00edstica da gripe. \u201cA gripe leva a uma condi\u00e7\u00e3o em que o indiv\u00edduo fica muito mais prostrado, tem febre elevada, uma dor no corpo intensa, tosse, dor de garganta, dor de cabe\u00e7a e coriza\u201d, destaca Damasceno.<br \/>\n\n\n\n\n<h2 class=\"wp-block-heading\">Quais s\u00e3o os sintomas da covid-19 hoje?<\/h2>\n\n\n<p><\/p>J\u00e1 a Covid -19 \u00e9 caracterizada por sintomas respirat\u00f3rios, como tosse, dor de garganta e coriza, principalmente em casos leves. Nos casos moderados a graves, podem surgir tosse e febre persistentes, falta de ar, desconforto respirat\u00f3rio e dificuldade para se alimentar.<br \/>\n\n\n\n\n<h2 class=\"wp-block-heading\">Quem est\u00e1 com covid tem catarro?<\/h2>\n\n\n<p><\/p>Segundo um levantamento da OMS (Organiza\u00e7\u00e3o Mundial da Sa\u00fade), que analisou 55 mil casos confirmados na China, a tosse seca est\u00e1 presente em 68% dos casos , sendo o segundo sinal mais frequente depois da febre. A tosse com catarro esteve presente em 33% deles.<br \/>\n\n\n\n\n<h2 class=\"wp-block-heading\">Quanto tempo volta a sentir gosto e cheiro covid?<\/h2>\n\nQuanto tempo dura a perda de olfato e paladar da Covid-19? A maioria dos pacientes apresenta melhora geralmente nas primeiras semanas, entre 14 e 21 dias. Em alguns indiv\u00edduos, a altera\u00e7\u00e3o pode durar mais tempo. H\u00e1 relatos de pessoas que referem dist\u00farbios do olfato por mais de sete meses.<br \/>\n\n\n\n\n<h2 class=\"wp-block-heading\">O que fazer quando n\u00e3o sente o gosto da comida?<\/h2>\n\n\n<p><\/p>A perda do olfato ou do paladar \u00e9 um sinal da covid-19. Por esse motivo, os m\u00e9dicos ficam em alerta m\u00e1ximo quando seus pacientes lhes dizem que a comida n\u00e3o tem mais sabor \u2014e \u00e9 importante fazer o exame o quanto antes para saber se voc\u00ea est\u00e1 infectado com o coronav\u00edrus.<br \/>\n\n\n\n\n<h2 class=\"wp-block-heading\">Quem est\u00e1 com covid sente cheiro?<\/h2>\n\n\n<p><\/p>No in\u00edcio da pandemia de COVID-19 era not\u00f3ria a alta frequ\u00eancia de perda de olfato (anosmia) e do paladar (ageusia) nos pacientes que adquiriam essa doen\u00e7a.<br \/>\n\n\n\n\n<h2 class=\"wp-block-heading\">Covid altera o paladar?<\/h2>\n\n\n<p><\/p>\n\n<ul class=\"wp-block-list\">\n<li>Distor\u00e7\u00f5es do olfato e paladar<\/li>\n<li> Al\u00e9m da diminui\u00e7\u00e3o e perda, alguns pacientes tamb\u00e9m relataram outras distor\u00e7\u00f5es do olfato e do paladar. Elas se manifestam de algumas formas: Parosmia: distor\u00e7\u00e3o dos odores. A pessoa sente cheiro de acetona ou comida estragada em qualquer alimento, por exemplo.<\/li>\n<\/ul>\n\n\n\n\n<h2 class=\"wp-block-heading\">Como saber se \u00e9 gripe ou covid?<\/h2>\n\n\n<p><\/p>2- Como diferenciar um caso de Covid-19 e um de gripe? N\u00e3o \u00e9 poss\u00edvel fazer a diferencia\u00e7\u00e3o entre Covid-19 e influenza apenas pela avalia\u00e7\u00e3o cl\u00ednica porque os sintomas e sinais das duas doen\u00e7as s\u00e3o inespec\u00edficos.<br \/>\n\n\n\n\n<h2 class=\"wp-block-heading\">Quais s\u00e3o as causas da perda definitiva do olfato?<\/h2>\n\nAnosmia \u00e9 a perda do olfato, que pode acontecer de maneira tempor\u00e1ria ou permanente. A obstru\u00e7\u00e3o nasal \u00e9 uma das principais causas, principalmente quando o indiv\u00edduo est\u00e1 passando por uma gripe ou resfriado. Mas isso pode acontecer tamb\u00e9m por conta do tabagismo ou at\u00e9 mesmo pelo efeito colateral de alguma medica\u00e7\u00e3o.<br \/>\n\n\n\n\n<h2 class=\"wp-block-heading\">Quais medicamentos podem causar perda de olfato?<\/h2>\n\n\n<p><\/p>Medicamentos que podem afetar o paladar e o olfato : Antibi\u00f3ticos: amoxicilina , azitromicina e ciprofloxacino. Medicamentos para press\u00e3o arterial: amlodipina e enalapril. Medicamentos estatinas (reduzem o colesterol): atorvastatina , lovastatina e pravastatina.<br \/>\n\n\n\n\n<h2 class=\"wp-block-heading\">Perda de olfato e paladar pode ser tumor?<\/h2>\n\n\n<p><\/p>A perda do paladar e do olfato \u00e9 algo muito falado nos \u00faltimos anos, pois \u00e9 um sintoma importante do coronav\u00edrus (COVID-19) e pode durar semanas ou meses em alguns casos. Mas, por isso, \u00e9 importante saber se a perda do paladar e do olfato tamb\u00e9m pode ser resultado de um tumor cerebral.<br \/>\n\n\n\n\n<h2 class=\"wp-block-heading\">Como tratar fantosmia?<\/h2>\n\n\n<p><\/p>\n\n<ul class=\"wp-block-list\">\n<li>Tratamento de Fantosmia<\/li>\n<li> Medicamentos : Antipsic\u00f3ticos, medicamentos antienxaqueca e anticonvulsivantes podem ser usados para tratar a fantosmia. Cirurgia : A cirurgia de excis\u00e3o da mucosa olfat\u00f3ria pode aliviar a fantosmia, preservando a fun\u00e7\u00e3o olfat\u00f3ria.<\/li>\n<\/ul>\n\n\n","protected":false},"excerpt":{"rendered":"<p>Quanto tempo dura a perda de olfato e paladar da Covid-19? A maioria dos pacientes apresenta melhora geralmente nas primeiras semanas, entre 14 e 21 dias. Em alguns indiv\u00edduos, a altera\u00e7\u00e3o pode durar mais tempo. H\u00e1 relatos de pessoas que referem dist\u00farbios do olfato por mais de sete meses. A perda de olfato \u00e9 uma [&hellip;]<\/p>\n","protected":false},"author":2,"featured_media":0,"comment_status":"open","ping_status":"closed","sticky":false,"template":"","format":"standard","meta":{"footnotes":""},"categories":[1],"tags":[],"class_list":["post-20977","post","type-post","status-publish","format-standard","hentry","category-conteudo"],"_links":{"self":[{"href":"https:\/\/ammabarbacena.com.br\/perguntas-frequentes\/wp-json\/wp\/v2\/posts\/20977","targetHints":{"allow":["GET"]}}],"collection":[{"href":"https:\/\/ammabarbacena.com.br\/perguntas-frequentes\/wp-json\/wp\/v2\/posts"}],"about":[{"href":"https:\/\/ammabarbacena.com.br\/perguntas-frequentes\/wp-json\/wp\/v2\/types\/post"}],"author":[{"embeddable":true,"href":"https:\/\/ammabarbacena.com.br\/perguntas-frequentes\/wp-json\/wp\/v2\/users\/2"}],"replies":[{"embeddable":true,"href":"https:\/\/ammabarbacena.com.br\/perguntas-frequentes\/wp-json\/wp\/v2\/comments?post=20977"}],"version-history":[{"count":1,"href":"https:\/\/ammabarbacena.com.br\/perguntas-frequentes\/wp-json\/wp\/v2\/posts\/20977\/revisions"}],"predecessor-version":[{"id":20978,"href":"https:\/\/ammabarbacena.com.br\/perguntas-frequentes\/wp-json\/wp\/v2\/posts\/20977\/revisions\/20978"}],"wp:attachment":[{"href":"https:\/\/ammabarbacena.com.br\/perguntas-frequentes\/wp-json\/wp\/v2\/media?parent=20977"}],"wp:term":[{"taxonomy":"category","embeddable":true,"href":"https:\/\/ammabarbacena.com.br\/perguntas-frequentes\/wp-json\/wp\/v2\/categories?post=20977"},{"taxonomy":"post_tag","embeddable":true,"href":"https:\/\/ammabarbacena.com.br\/perguntas-frequentes\/wp-json\/wp\/v2\/tags?post=20977"}],"curies":[{"name":"wp","href":"https:\/\/api.w.org\/{rel}","templated":true}]}}