{"id":20975,"date":"2025-08-08T02:15:51","date_gmt":"2025-08-08T02:15:51","guid":{"rendered":"http:\/\/8ed625ab-135c-47bf-8146-e08cea7d6901"},"modified":"2025-08-08T02:15:51","modified_gmt":"2025-08-08T02:15:51","slug":"quanto-tempo-demora-para-voltar-o-paladar-apos-covid","status":"publish","type":"post","link":"https:\/\/ammabarbacena.com.br\/perguntas-frequentes\/quanto-tempo-demora-para-voltar-o-paladar-apos-covid\/","title":{"rendered":"Quanto tempo demora para voltar o paladar ap\u00f3s covid"},"content":{"rendered":"Quanto tempo dura a perda de olfato e paladar da Covid-19? A maioria dos pacientes apresenta melhora geralmente nas primeiras semanas, entre 14 e 21 dias. Em alguns indiv\u00edduos, a altera\u00e7\u00e3o pode durar mais tempo. H\u00e1 relatos de pessoas que referem dist\u00farbios do olfato por mais de sete meses.<br \/>\n\n\n\n\n<h2 class=\"wp-block-heading\">O que fazer quando n\u00e3o sente o gosto da comida?<\/h2>\n\nA perda do olfato ou do paladar \u00e9 um sinal da covid-19. Por esse motivo, os m\u00e9dicos ficam em alerta m\u00e1ximo quando seus pacientes lhes dizem que a comida n\u00e3o tem mais sabor \u2014e \u00e9 importante fazer o exame o quanto antes para saber se voc\u00ea est\u00e1 infectado com o coronav\u00edrus.<br \/>\n\n\n\n\n<h2 class=\"wp-block-heading\">Porque n\u00e3o sinto o sabor dos alimentos?<\/h2>\n\n\n<p><\/p>Uma delas pode ser um problema neurol\u00f3gico relacionado ao sentido e interpreta\u00e7\u00e3o do paladar no c\u00e9rebro. Esses fatores podem levar a: Hipogeusia Capacidade reduzida de saborear alimentos \u2013doces, azedos, amargos ou salgados. Ageusia Eliminar o paladar completamente.<br \/>\n\n\n\n\n<h2 class=\"wp-block-heading\">O que fazer para voltar o paladar e olfato?<\/h2>\n\n\n<p><\/p>Avalia\u00e7\u00e3o e acompanhamento m\u00e9dico s\u00e3o essenciais para a condu\u00e7\u00e3o desses casos. Al\u00e9m disso, existem treinamentos para o sentido do olfato, chamados treinamentos olfat\u00f3rios. Essa estrat\u00e9gia consiste em utilizar \u00f3leos essenciais ou produtos com cheiros bem caracter\u00edsticos para treinar o sentido.<br \/>\n\n\n\n\n<h2 class=\"wp-block-heading\">O que fazer quando a boca est\u00e1 sem gosto?<\/h2>\n\n\n<p><\/p>\n\n<ul class=\"wp-block-list\">\n<li>Aumentar a ingest\u00e3o de l\u00edquidos para melhorar a hidrata\u00e7\u00e3o e, assim, estimular a produ\u00e7\u00e3o de saliva, o que ajuda a neutralizar o sabor amargo;<\/li>\n<li>Usar um enxaguante bucal sem \u00e1lcool para combater as bact\u00e9rias e refrescar o h\u00e1lito;<\/li>\n<\/ul>\n\n\n\n\n<h2 class=\"wp-block-heading\">O que fazer para desentupir o nariz e sentir o gosto da comida?<\/h2>\n\n\n<p><\/p>Para tratar a congest\u00e3o nasal e voltar a sentir o gosto dos alimentos normalmente, vale apostar em m\u00e9todos simples, tais como usar soro fisiol\u00f3gico, beber bastante \u00e1gua sempre e consumir alimentos ricos em minerais e vitaminas importantes para manter a imunidade alta.<br \/>\n\n\n\n\n<h2 class=\"wp-block-heading\">Quais s\u00e3o as doen\u00e7as que afetam o paladar?<\/h2>\n\n\n<p><\/p>Dist\u00farbios neurol\u00f3gicos, incluindo depress\u00e3o e convuls\u00f5es, podem comprometer o paladar. A distor\u00e7\u00e3o do paladar (disgeusia) pode ser causada por uma inflama\u00e7\u00e3o das gengivas (gengivite) ou por muitas das mesmas condi\u00e7\u00f5es que resultam em perda do paladar e do olfato, incluindo depress\u00e3o e convuls\u00f5es.<br \/>\n\n\n\n\n<h2 class=\"wp-block-heading\">Como sentir o sabor da comida?<\/h2>\n\n\n<p><\/p>A l\u00edngua e suas papilas gustativas s\u00e3o capazes de perceber os quatro sabores prim\u00e1rios (amargo, azedo, doce e salgado), embora em cada parte da l\u00edngua, as papilas linguais sejam mais sens\u00edveis a um tipo de sabor. E temais, as papilas linguais s\u00f3 captam o sabor de alimentos em estado l\u00edquido.<br \/>\n\n\n\n\n<h2 class=\"wp-block-heading\">Covid altera o paladar?<\/h2>\n\nEsses achados indicam que a presen\u00e7a de altera\u00e7\u00f5es de olfato e paladar n\u00e3o t\u00eam mais valor preditivo para o diagn\u00f3stico de COVID-19 para as variantes \u00d4micron do SARS-CoV-2 dominantes h\u00e1 pelo menos um ano.<br \/>\n\n\n\n\n<h2 class=\"wp-block-heading\">Como fica o paladar de quem est\u00e1 com covid?<\/h2>\n\n\n<p><\/p>O olfato e o paladar est\u00e3o intrinsecamente ligados. Curiosamente, entre os sintomas de coronav\u00edrus, o surgimento de anosmia e ageusia (perda do paladar) \u00e9 muito maior do que em outras infec\u00e7\u00f5es virais que afetam as vias a\u00e9reas.<br \/>\n\n\n\n\n<h2 class=\"wp-block-heading\">O que pode causar a mudan\u00e7a no paladar?<\/h2>\n\n\n<p><\/p>defici\u00eancias vitam\u00ednicas, como defici\u00eancia de Zinco e de vitamina B12; cirurgias ortod\u00f4nticas; cirurgias no ouvido; ser tabagista.<br \/>\n\n\n\n\n<h2 class=\"wp-block-heading\">Quais s\u00e3o as sequelas da covid no olfato e paladar?<\/h2>\n\n\n<p><\/p>Doze volunt\u00e1rios apresentaram alucina\u00e7\u00f5es olfativas (sentem cheiros que outras pessoas n\u00e3o sentem) e nove pessoas relataram alucina\u00e7\u00f5es gustativas (sentem o gosto de um alimento sem t\u00ea-lo provado). Nos dois casos, a maioria afirmou que essas alucina\u00e7\u00f5es s\u00f3 apareceram ap\u00f3s a infec\u00e7\u00e3o pelo coronav\u00edrus.<br \/>\n\n\n\n\n<h2 class=\"wp-block-heading\">Estou sentindo gosto diferente nos alimentos.?<\/h2>\n\n\n<p><\/p>A perda do olfato ou do paladar \u00e9 um sinal da covid-19. Por esse motivo, os m\u00e9dicos ficam em alerta m\u00e1ximo quando seus pacientes lhes dizem que a comida n\u00e3o tem mais sabor \u2014e \u00e9 importante fazer o exame o quanto antes para saber se voc\u00ea est\u00e1 infectado com o coronav\u00edrus.<br \/>\n\n\n\n\n<h2 class=\"wp-block-heading\">Como saber se \u00e9 gripe ou covid?<\/h2>\n\n\n<p><\/p>2- Como diferenciar um caso de Covid-19 e um de gripe? N\u00e3o \u00e9 poss\u00edvel fazer a diferencia\u00e7\u00e3o entre Covid-19 e influenza apenas pela avalia\u00e7\u00e3o cl\u00ednica porque os sintomas e sinais das duas doen\u00e7as s\u00e3o inespec\u00edficos.<br \/>\n\n\n\n\n<h2 class=\"wp-block-heading\">Quais doen\u00e7as podem afetar o paladar?<\/h2>\n\n\n<p><\/p>Dist\u00farbios neurol\u00f3gicos, incluindo depress\u00e3o e convuls\u00f5es, podem comprometer o paladar. A distor\u00e7\u00e3o do paladar (disgeusia) pode ser causada por uma inflama\u00e7\u00e3o das gengivas (gengivite) ou por muitas das mesmas condi\u00e7\u00f5es que resultam em perda do paladar e do olfato, incluindo depress\u00e3o e convuls\u00f5es.<br \/>\n\n\n\n\n<h2 class=\"wp-block-heading\">Como voltar a sentir gosto e cheiro de sinusite?<\/h2>\n\nPor exemplo, no caso de sinusite, o uso de antibi\u00f3ticos pode ser eficaz para tratar a infec\u00e7\u00e3o e recuperar o olfato. Quando a perda do olfato \u00e9 causada por certos medicamentos, a substitui\u00e7\u00e3o destes pode aliviar os sintomas de anosmia.<br \/>\n\n\n\n\n<h2 class=\"wp-block-heading\">Como posso recuperar o cheiro de sinusite?<\/h2>\n\n\n<p><\/p>Em muitos casos, o tratamento da doen\u00e7a ou condi\u00e7\u00e3o que levou \u00e0 anosmia pode ajudar a restaurar o olfato. Por exemplo, no caso de sinusite, o uso de antibi\u00f3ticos pode ser eficaz para tratar a infec\u00e7\u00e3o e recuperar o olfato.<br \/>\n\n\n\n\n<h2 class=\"wp-block-heading\">Quanto tempo dura a perda de olfato e paladar na sinusite?<\/h2>\n\n\n<p><\/p>Mas a perda de olfato e paladar pode ser um sintoma presente entre casos da doen\u00e7a e chama a aten\u00e7\u00e3o dos pacientes e dos profissionais de sa\u00fade. Alguns estudos demonstram que o sintoma pode atingir grande parte dos infectados com sintomas leves. Felizmente, a anosmia costuma se reverter poucas semanas ap\u00f3s a infec\u00e7\u00e3o.<br \/>\n\n\n\n\n<h2 class=\"wp-block-heading\">Estou com sinusite e n\u00e3o sinto gosto.?<\/h2>\n\n\n<p><\/p>\n\n<ul class=\"wp-block-list\">\n<li>Paladar e olfato est\u00e3o fortemente ligados<\/li>\n<li> \u201cBoa parte do nosso paladar depende de um nariz funcionante. Quando o nariz fica entupido por diversos motivos, seja sinusite, tumores ou gripe, ocorre a hiposmia, diminui\u00e7\u00e3o do paladar, ou a anosmia, perda total do paladar \u201d, explica o otorrinolaringologista Fernando Maia.<\/li>\n<\/ul>\n\n\n\n\n<h2 class=\"wp-block-heading\">Como tirar o gosto ruim da boca por causa da sinusite?<\/h2>\n\n\n<p><\/p>O consumo de \u00e1gua tamb\u00e9m pode ser um bom aliado. \u201cAl\u00e9m disso, \u00e9 recomendado aumentar a quantidade de \u00e1gua ingerida, uma vez que a \u00e1gua \u00e9 considerada o melhor expectorante \u201d, esclarece a m\u00e9dica. Quanto ao tempo para que o gosto ruim na boca desapare\u00e7a, a dra.<br \/>\n\n\n\n\n<h2 class=\"wp-block-heading\">Quanto tempo dura o mau cheiro da sinusite?<\/h2>\n\n\n<p><\/p>Al\u00e9m dos sintomas t\u00edpicos da sinusite, tamb\u00e9m pode surgir mau h\u00e1lito, sensa\u00e7\u00e3o de mau cheiro no nariz e febre, podendo durar mais de 10 dias, ou permanecer por at\u00e9 4 semanas.<br \/>\n\n\n\n\n<h2 class=\"wp-block-heading\">O que devo fazer se n\u00e3o estou sentindo cheiro?<\/h2>\n\n\n<p><\/p>O tratamento para anosmia est\u00e1 diretamente ligado ao tratamento da condi\u00e7\u00e3o que est\u00e1 ocasionando a perda de olfato: Nas gripes e resfriados, descongestionantes, sprays nasais e inala\u00e7\u00f5es podem ser decisivos para ajudar na revers\u00e3o do quadro rapidamente.<br \/>\n\n\n\n\n<h2 class=\"wp-block-heading\">Qual \u00e9 a diferen\u00e7a entre a perda de olfato em casos de gripe e de covid-19?<\/h2>\n\nQuando os pacientes com covid-19 apresentam perda de olfato, ela tende a ser repentina e severa e geralmente n\u00e3o envolve nariz entupido, congestionado ou escorrendo \u2014 a maioria das pessoas com coronav\u00edrus ainda consegue respirar livremente. Outra coisa que os diferencia \u00e9 sua contundente perda do paladar.<br \/>\n\n\n\n\n<h2 class=\"wp-block-heading\">Como saber se \u00e9 s\u00f3 uma gripe ou covid?<\/h2>\n\n\n<p><\/p>2- Como diferenciar um caso de Covid-19 e um de gripe? N\u00e3o \u00e9 poss\u00edvel fazer a diferencia\u00e7\u00e3o entre Covid-19 e influenza apenas pela avalia\u00e7\u00e3o cl\u00ednica porque os sintomas e sinais das duas doen\u00e7as s\u00e3o inespec\u00edficos.<br \/>\n\n\n\n\n<h2 class=\"wp-block-heading\">Quanto tempo dura a perda de olfato pela Covid?<\/h2>\n\n\n<p><\/p>Quanto tempo dura a perda de olfato e paladar da Covid -19? A maioria dos pacientes apresenta melhora geralmente nas primeiras semanas, entre 14 e 21 dias. Em alguns indiv\u00edduos, a altera\u00e7\u00e3o pode durar mais tempo. H\u00e1 relatos de pessoas que referem dist\u00farbios do olfato por mais de sete meses.<br \/>\n\n\n\n\n<h2 class=\"wp-block-heading\">Como saber se \u00e9 gripe ou outra coisa?<\/h2>\n\n\n<p><\/p>A principal diferen\u00e7a entre a gripe e o resfriado reside na febre elevada, caracter\u00edstica da gripe. \u201cA gripe leva a uma condi\u00e7\u00e3o em que o indiv\u00edduo fica muito mais prostrado, tem febre elevada, uma dor no corpo intensa, tosse, dor de garganta, dor de cabe\u00e7a e coriza\u201d, destaca Damasceno.<br \/>\n\n\n\n\n<h2 class=\"wp-block-heading\">O que devo fazer se n\u00e3o sinto cheiro de nada?<\/h2>\n\n\n<p><\/p>O tratamento para anosmia est\u00e1 diretamente ligado ao tratamento da condi\u00e7\u00e3o que est\u00e1 ocasionando a perda de olfato: Nas gripes e resfriados, descongestionantes, sprays nasais e inala\u00e7\u00f5es podem ser decisivos para ajudar na revers\u00e3o do quadro rapidamente.<br \/>\n\n\n\n\n<h2 class=\"wp-block-heading\">Quais s\u00e3o os sintomas da covid-19 hoje?<\/h2>\n\n\n<p><\/p>J\u00e1 a Covid -19 \u00e9 caracterizada por sintomas respirat\u00f3rios, como tosse, dor de garganta e coriza, principalmente em casos leves. Nos casos moderados a graves, podem surgir tosse e febre persistentes, falta de ar, desconforto respirat\u00f3rio e dificuldade para se alimentar.<br \/>\n\n\n\n\n<h2 class=\"wp-block-heading\">Quem est\u00e1 com covid tem catarro?<\/h2>\n\n\n<p><\/p>Segundo um levantamento da OMS (Organiza\u00e7\u00e3o Mundial da Sa\u00fade), que analisou 55 mil casos confirmados na China, a tosse seca est\u00e1 presente em 68% dos casos , sendo o segundo sinal mais frequente depois da febre. A tosse com catarro esteve presente em 33% deles.<br \/>\n\n\n\n\n<h2 class=\"wp-block-heading\">Quanto tempo demora para voltar a sentir gosto e cheiro covid?<\/h2>\n\nQuanto tempo dura a perda de olfato e paladar da Covid-19? A maioria dos pacientes apresenta melhora geralmente nas primeiras semanas, entre 14 e 21 dias. Em alguns indiv\u00edduos, a altera\u00e7\u00e3o pode durar mais tempo. H\u00e1 relatos de pessoas que referem dist\u00farbios do olfato por mais de sete meses.<br \/>\n\n\n\n\n<h2 class=\"wp-block-heading\">Quanto tempo leva para voltar a sentir gosto e cheiro covid?<\/h2>\n\n\n<p><\/p>Quanto tempo dura a perda de olfato e paladar da Covid-19? A maioria dos pacientes apresenta melhora geralmente nas primeiras semanas, entre 14 e 21 dias. Em alguns indiv\u00edduos, a altera\u00e7\u00e3o pode durar mais tempo. H\u00e1 relatos de pessoas que referem dist\u00farbios do olfato por mais de sete meses.<br \/>\n\n\n\n\n<h2 class=\"wp-block-heading\">Quem est\u00e1 com covid sente cheiro?<\/h2>\n\n\n<p><\/p>No in\u00edcio da pandemia de COVID-19 era not\u00f3ria a alta frequ\u00eancia de perda de olfato (anosmia) e do paladar (ageusia) nos pacientes que adquiriam essa doen\u00e7a.<br \/>\n\n\n\n\n<h2 class=\"wp-block-heading\">A perda de olfato \u00e9 uma sequela da covid?<\/h2>\n\n\n<p><\/p>\n\n<ul class=\"wp-block-list\">\n<li>A origem do dano<\/li>\n<li> J\u00e1 a perda de olfato associada \u00e0 covid-19, segundo Pinna, \u00e9 decorrente da inflama\u00e7\u00e3o desencadeada pelo sars-cov-2 na mucosa olfat\u00f3ria. \u201cIsso leva a uma diminui\u00e7\u00e3o do muco olfat\u00f3rio. N\u00e3o temos visto uma les\u00e3o direta nos neur\u00f4nios olfat\u00f3rios.<\/li>\n<\/ul>\n\n\n\n\n<h2 class=\"wp-block-heading\">Quanto tempo dura a disgeusia?<\/h2>\n\n\n<p><\/p>Por quantos dias o sintoma de falta de paladar persiste? O sintoma se inicia logo no come\u00e7o da doen\u00e7a e pode persistir at\u00e9 a cura total, ou mais. Pacientes relatam que o tempo de dura\u00e7\u00e3o pode variar: uns recuperaram seu paladar e olfato ap\u00f3s 15 dias, outros ap\u00f3s 2 meses e alguns ainda n\u00e3o recuperaram seus sentidos.<br \/>\n\n\n\n\n<h2 class=\"wp-block-heading\">A fisioterapia olfativa \u00e9 eficaz no tratamento da covid?<\/h2>\n\n\n<p><\/p>Fisioterapia de cheiros ajuda a recuperar perda de olfato pela Covid-19. A perda da capacidade de sentir cheiro ou olfato, \u00e9 um dos principais sintomas da Covid-19. H\u00e1 v\u00e1rios graus para essa perda e ela pode ocorrer em qualquer fase da doen\u00e7a ou at\u00e9 n\u00e3o aparecer. Dra.<br \/>\n\n\n\n\n<h2 class=\"wp-block-heading\">O que deixa a boca sem sabor?<\/h2>\n\ndefici\u00eancias vitam\u00ednicas, como defici\u00eancia de Zinco e de vitamina B12; cirurgias ortod\u00f4nticas; cirurgias no ouvido; ser tabagista.<br \/>\n\n\n\n\n<h2 class=\"wp-block-heading\">O que significa quando a boca fica sem gosto?<\/h2>\n\n\n<p><\/p>M\u00e1 higiene bucal \u2013 na maior parte dos casos, sentir a boca amargar est\u00e1 relacionado com problemas de higiene oral, que facilita o ac\u00famulo de bact\u00e9rias nos dentes, gengiva e placas bacterianas na l\u00edngua. Boca seca &#8211; a tamb\u00e9m chamada de xerostomia provoca a boca amarga, pois causa a pouca produ\u00e7\u00e3o de saliva.<br \/>\n\n\n\n\n<h2 class=\"wp-block-heading\">O que causa falta de sabor?<\/h2>\n\n\n<p><\/p>Defici\u00eancia de nutrientes Quando nosso organismo est\u00e1 carente de certos nutrientes, como zinco e vitamina B12 \u2014relacionada ao funcionamento do sistema nervoso\u2014 pode ocorrer altera\u00e7\u00e3o do paladar.<br \/>\n\n\n\n\n<h2 class=\"wp-block-heading\">Qual doen\u00e7a deixa a boca amarga?<\/h2>\n\n\n<p><\/p>Sinusites, rinites e outras infec\u00e7\u00f5es do sistema respirat\u00f3rio superior podem deixar o paladar amargo. Isso se deve gra\u00e7as \u00e0 a\u00e7\u00e3o das bact\u00e9rias presentes nas secre\u00e7\u00f5es expelidas durante o processo infeccioso dessas doen\u00e7as.<br \/>\n\n\n\n\n<h2 class=\"wp-block-heading\">Que tipo de doen\u00e7a pode causar boca seca?<\/h2>\n\n\n<p><\/p>A boca seca \u00e9 muito comum entre pessoas com s\u00edndrome de Sj\u00f6gren. Algumas pessoas com diabetes ou infec\u00e7\u00e3o por HIV t\u00eam problemas com boca seca.<br \/>\n\n\n\n\n<h2 class=\"wp-block-heading\">Quais medicamentos alteram o paladar?<\/h2>\n\n\n<p><\/p>Medicamentos relatados como afetando apenas o paladar : Analg\u00e9sicos: aspirina , ibuprofeno e paracetamol. Medicamentos para press\u00e3o arterial: furosemida , lisinopril , propranolol , hidroclorotiazida e triantereno. Medicamento estatina: sinvastatina.<br \/>\n\n\n","protected":false},"excerpt":{"rendered":"<p>Quanto tempo dura a perda de olfato e paladar da Covid-19? A maioria dos pacientes apresenta melhora geralmente nas primeiras semanas, entre 14 e 21 dias. Em alguns indiv\u00edduos, a altera\u00e7\u00e3o pode durar mais tempo. H\u00e1 relatos de pessoas que referem dist\u00farbios do olfato por mais de sete meses. O que fazer quando n\u00e3o sente [&hellip;]<\/p>\n","protected":false},"author":2,"featured_media":0,"comment_status":"open","ping_status":"closed","sticky":false,"template":"","format":"standard","meta":{"footnotes":""},"categories":[1],"tags":[],"class_list":["post-20975","post","type-post","status-publish","format-standard","hentry","category-conteudo"],"_links":{"self":[{"href":"https:\/\/ammabarbacena.com.br\/perguntas-frequentes\/wp-json\/wp\/v2\/posts\/20975","targetHints":{"allow":["GET"]}}],"collection":[{"href":"https:\/\/ammabarbacena.com.br\/perguntas-frequentes\/wp-json\/wp\/v2\/posts"}],"about":[{"href":"https:\/\/ammabarbacena.com.br\/perguntas-frequentes\/wp-json\/wp\/v2\/types\/post"}],"author":[{"embeddable":true,"href":"https:\/\/ammabarbacena.com.br\/perguntas-frequentes\/wp-json\/wp\/v2\/users\/2"}],"replies":[{"embeddable":true,"href":"https:\/\/ammabarbacena.com.br\/perguntas-frequentes\/wp-json\/wp\/v2\/comments?post=20975"}],"version-history":[{"count":1,"href":"https:\/\/ammabarbacena.com.br\/perguntas-frequentes\/wp-json\/wp\/v2\/posts\/20975\/revisions"}],"predecessor-version":[{"id":20976,"href":"https:\/\/ammabarbacena.com.br\/perguntas-frequentes\/wp-json\/wp\/v2\/posts\/20975\/revisions\/20976"}],"wp:attachment":[{"href":"https:\/\/ammabarbacena.com.br\/perguntas-frequentes\/wp-json\/wp\/v2\/media?parent=20975"}],"wp:term":[{"taxonomy":"category","embeddable":true,"href":"https:\/\/ammabarbacena.com.br\/perguntas-frequentes\/wp-json\/wp\/v2\/categories?post=20975"},{"taxonomy":"post_tag","embeddable":true,"href":"https:\/\/ammabarbacena.com.br\/perguntas-frequentes\/wp-json\/wp\/v2\/tags?post=20975"}],"curies":[{"name":"wp","href":"https:\/\/api.w.org\/{rel}","templated":true}]}}