{"id":20973,"date":"2025-08-08T02:14:56","date_gmt":"2025-08-08T02:14:56","guid":{"rendered":"http:\/\/0a629686-ab0f-4971-ad3e-081cf23a63f0"},"modified":"2025-08-08T02:14:56","modified_gmt":"2025-08-08T02:14:56","slug":"quanto-tempo-demora-para-voltar-o-olfato-apos-covid","status":"publish","type":"post","link":"https:\/\/ammabarbacena.com.br\/perguntas-frequentes\/quanto-tempo-demora-para-voltar-o-olfato-apos-covid\/","title":{"rendered":"Quanto tempo demora para voltar o olfato ap\u00f3s covid"},"content":{"rendered":"\n\n<h2 class=\"wp-block-heading\">Quanto tempo demora para voltar a sentir cheiro depois do covid?<\/h2>\n\nQuanto tempo dura a perda de olfato e paladar da Covid-19? A maioria dos pacientes apresenta melhora geralmente nas primeiras semanas, entre 14 e 21 dias. Em alguns indiv\u00edduos, a altera\u00e7\u00e3o pode durar mais tempo. H\u00e1 relatos de pessoas que referem dist\u00farbios do olfato por mais de sete meses.<br \/>\n\n\n\n\n<h2 class=\"wp-block-heading\">Porque n\u00e3o estou sentindo cheiro de nada?<\/h2>\n\n\n<p><\/p>As infec\u00e7\u00f5es respirat\u00f3rias superiores (como as gripes) s\u00e3o uma das principais causas da anosmia e hiposmia. Por isso, os v\u00edrus respons\u00e1veis pela perda de olfato s\u00e3o in\u00fameros e, entre eles, est\u00e3o os da fam\u00edlia dos coronav\u00edrus.<br \/>\n\n\n\n\n<h2 class=\"wp-block-heading\">O que fazer quando perde o paladar e olfato no covid?<\/h2>\n\n\n<p><\/p>Avalia\u00e7\u00e3o e acompanhamento m\u00e9dico s\u00e3o essenciais para a condu\u00e7\u00e3o desses casos. Al\u00e9m disso, existem treinamentos para o sentido do olfato, chamados treinamentos olfat\u00f3rios. Essa estrat\u00e9gia consiste em utilizar \u00f3leos essenciais ou produtos com cheiros bem caracter\u00edsticos para treinar o sentido.<br \/>\n\n\n\n\n<h2 class=\"wp-block-heading\">Como posso recuperar meu olfato depois da sinusite?<\/h2>\n\n\n<p><\/p>A lavagem nasal com solu\u00e7\u00e3o salina ajuda a limpar as vias a\u00e9reas e reduzir o ac\u00famulo de muco, o que pode melhorar a fun\u00e7\u00e3o do olfato. Essa pr\u00e1tica simples e segura pode ser uma solu\u00e7\u00e3o complementar eficaz, especialmente em casos que afetam o olfato.<br \/>\n\n\n\n\n<h2 class=\"wp-block-heading\">A perda de olfato \u00e9 uma sequela da covid?<\/h2>\n\n\n\n<ul class=\"wp-block-list\">\n<li>A origem do dano<\/li>\n<li> J\u00e1 a perda de olfato associada \u00e0 covid-19, segundo Pinna, \u00e9 decorrente da inflama\u00e7\u00e3o desencadeada pelo sars-cov-2 na mucosa olfat\u00f3ria. \u201cIsso leva a uma diminui\u00e7\u00e3o do muco olfat\u00f3rio. N\u00e3o temos visto uma les\u00e3o direta nos neur\u00f4nios olfat\u00f3rios.<\/li>\n<\/ul>\n\n\n\n\n<h2 class=\"wp-block-heading\">Quanto tempo dura a perda de olfato com covid?<\/h2>\n\n\n<p><\/p>Quanto tempo dura a perda de olfato e paladar da Covid -19? A maioria dos pacientes apresenta melhora geralmente nas primeiras semanas, entre 14 e 21 dias. Em alguns indiv\u00edduos, a altera\u00e7\u00e3o pode durar mais tempo. H\u00e1 relatos de pessoas que referem dist\u00farbios do olfato por mais de sete meses.<br \/>\n\n\n\n\n<h2 class=\"wp-block-heading\">Quais s\u00e3o as sequelas da covid no olfato e paladar?<\/h2>\n\n\n<p><\/p>Doze volunt\u00e1rios apresentaram alucina\u00e7\u00f5es olfativas (sentem cheiros que outras pessoas n\u00e3o sentem) e nove pessoas relataram alucina\u00e7\u00f5es gustativas (sentem o gosto de um alimento sem t\u00ea-lo provado). Nos dois casos, a maioria afirmou que essas alucina\u00e7\u00f5es s\u00f3 apareceram ap\u00f3s a infec\u00e7\u00e3o pelo coronav\u00edrus.<br \/>\n\n\n\n\n<h2 class=\"wp-block-heading\">Quais s\u00e3o as causas da perda definitiva do olfato?<\/h2>\n\n\n<p><\/p>Anosmia \u00e9 a perda do olfato, que pode acontecer de maneira tempor\u00e1ria ou permanente. A obstru\u00e7\u00e3o nasal \u00e9 uma das principais causas, principalmente quando o indiv\u00edduo est\u00e1 passando por uma gripe ou resfriado. Mas isso pode acontecer tamb\u00e9m por conta do tabagismo ou at\u00e9 mesmo pelo efeito colateral de alguma medica\u00e7\u00e3o.<br \/>\n\n\n\n\n<h2 class=\"wp-block-heading\">Qual \u00e9 o tratamento para anosmia e hiposmia p\u00f3s-COVID-19?<\/h2>\n\n\n<p><\/p>Conclus\u00e3o: O tratamento para anosmia e hiposmia p\u00f3s-COVID-19 deve ser iniciado ap\u00f3s duas semanas do in\u00edcio dos sintomas olfativos. O uso de corticosteroides e a pr\u00e1tica do treinamento olfat\u00f3rio s\u00e3o as modalidades de tratamento que apresentaram as melhores evid\u00eancias em rela\u00e7\u00e3o \u00e0 recupera\u00e7\u00e3o da fun\u00e7\u00e3o olfat\u00f3ria.<br \/>\n\n\n\n\n<h2 class=\"wp-block-heading\">Qual \u00e9 a diferen\u00e7a entre a perda de olfato em caso de gripe de Covid-19?<\/h2>\n\n\n<p><\/p>Quando os pacientes com covid-19 apresentam perda de olfato, ela tende a ser repentina e severa e geralmente n\u00e3o envolve nariz entupido, congestionado ou escorrendo \u2014 a maioria das pessoas com coronav\u00edrus ainda consegue respirar livremente. Outra coisa que os diferencia \u00e9 sua contundente perda do paladar.<br \/>\n\n\n\n\n<h2 class=\"wp-block-heading\">A fisioterapia olfativa \u00e9 eficaz no tratamento da covid?<\/h2>\n\n\n<p><\/p>Fisioterapia de cheiros ajuda a recuperar perda de olfato pela Covid-19. A perda da capacidade de sentir cheiro ou olfato, \u00e9 um dos principais sintomas da Covid-19. H\u00e1 v\u00e1rios graus para essa perda e ela pode ocorrer em qualquer fase da doen\u00e7a ou at\u00e9 n\u00e3o aparecer. Dra.<br \/>\n\n\n\n\n<h2 class=\"wp-block-heading\">O que devo fazer se n\u00e3o sinto cheiro de nada?<\/h2>\n\nO tratamento para anosmia est\u00e1 diretamente ligado ao tratamento da condi\u00e7\u00e3o que est\u00e1 ocasionando a perda de olfato: Nas gripes e resfriados, descongestionantes, sprays nasais e inala\u00e7\u00f5es podem ser decisivos para ajudar na revers\u00e3o do quadro rapidamente.<br \/>\n\n\n\n\n<h2 class=\"wp-block-heading\">Porque n\u00e3o to sentindo cheiro de nada?<\/h2>\n\n\n<p><\/p>O sintoma pode ser causado por les\u00f5es nasais, obstru\u00e7\u00e3o do canal nasal (como desvio de septo), rinite, sinusite, infec\u00e7\u00f5es que atinjam o nariz, ou ainda problemas neurol\u00f3gicos (como Alzheimer e Parkinson), c\u00e2ncer e determinados medicamentos.<br \/>\n\n\n\n\n<h2 class=\"wp-block-heading\">O que pode ser quando voc\u00ea n\u00e3o est\u00e1 sentindo cheiro?<\/h2>\n\n\n<p><\/p>Algumas infec\u00e7\u00f5es podem causar o problema, como o Rhinovirus e o Adenovirus, por exemplo. O ponto principal \u00e9 que, nesses casos, a obstru\u00e7\u00e3o nasal e a coriza acabam reduzindo o olfato. J\u00e1 no caso do Covid-19, os sintomas s\u00e3o mais severos.<br \/>\n\n\n\n\n<h2 class=\"wp-block-heading\">O que pode causar a perda do olfato?<\/h2>\n\n\n<p><\/p>A perda de olfato pode ser parte do envelhecimento normal. As causas comuns incluem infec\u00e7\u00f5es das vias a\u00e9reas superiores, sinusite e traumatismo craniano. \u00c9 geralmente necess\u00e1rio realizar um exame por imagem, como TC e RM, a n\u00e3o ser que a causa seja \u00f3bvia para o m\u00e9dico.<br \/>\n\n\n\n\n<h2 class=\"wp-block-heading\">Como desenvolver o olfato?<\/h2>\n\n\n<p><\/p>Fazer exerc\u00edcios para melhorar o olfato pode ajudar muito a treinar o seu c\u00e9rebro para perceber diferentes est\u00edmulos arom\u00e1ticos. Uma maneira de colocar essa ideia em pr\u00e1tica \u00e9 separar algumas fragr\u00e2ncias diferentes para cheirar regularmente e estimular os seus canais olfativos.<br \/>\n\n\n\n\n<h2 class=\"wp-block-heading\">O que devo fazer se n\u00e3o consigo sentir cheiro de nada?<\/h2>\n\n\n<p><\/p>O tratamento para anosmia est\u00e1 diretamente ligado ao tratamento da condi\u00e7\u00e3o que est\u00e1 ocasionando a perda de olfato: Nas gripes e resfriados, descongestionantes, sprays nasais e inala\u00e7\u00f5es podem ser decisivos para ajudar na revers\u00e3o do quadro rapidamente.<br \/>\n\n\n\n\n<h2 class=\"wp-block-heading\">O que fazer para voltar o paladar e olfato?<\/h2>\n\n\n<p><\/p>Avalia\u00e7\u00e3o e acompanhamento m\u00e9dico s\u00e3o essenciais para a condu\u00e7\u00e3o desses casos. Al\u00e9m disso, existem treinamentos para o sentido do olfato, chamados treinamentos olfat\u00f3rios. Essa estrat\u00e9gia consiste em utilizar \u00f3leos essenciais ou produtos com cheiros bem caracter\u00edsticos para treinar o sentido.<br \/>\n\n\n\n\n<h2 class=\"wp-block-heading\">Qual \u00e9 a diferen\u00e7a entre a perda de olfato em casos de gripe e de covid-19?<\/h2>\n\nQuando os pacientes com covid-19 apresentam perda de olfato, ela tende a ser repentina e severa e geralmente n\u00e3o envolve nariz entupido, congestionado ou escorrendo \u2014 a maioria das pessoas com coronav\u00edrus ainda consegue respirar livremente. Outra coisa que os diferencia \u00e9 sua contundente perda do paladar.<br \/>\n\n\n\n\n<h2 class=\"wp-block-heading\">Como saber se \u00e9 s\u00f3 uma gripe ou covid?<\/h2>\n\n\n<p><\/p>2- Como diferenciar um caso de Covid-19 e um de gripe? N\u00e3o \u00e9 poss\u00edvel fazer a diferencia\u00e7\u00e3o entre Covid-19 e influenza apenas pela avalia\u00e7\u00e3o cl\u00ednica porque os sintomas e sinais das duas doen\u00e7as s\u00e3o inespec\u00edficos.<br \/>\n\n\n\n\n<h2 class=\"wp-block-heading\">Quanto tempo dura a perda de olfato pela Covid?<\/h2>\n\n\n<p><\/p>Quanto tempo dura a perda de olfato e paladar da Covid -19? A maioria dos pacientes apresenta melhora geralmente nas primeiras semanas, entre 14 e 21 dias. Em alguns indiv\u00edduos, a altera\u00e7\u00e3o pode durar mais tempo. H\u00e1 relatos de pessoas que referem dist\u00farbios do olfato por mais de sete meses.<br \/>\n\n\n\n\n<h2 class=\"wp-block-heading\">Como saber se \u00e9 gripe ou outra coisa?<\/h2>\n\n\n<p><\/p>A principal diferen\u00e7a entre a gripe e o resfriado reside na febre elevada, caracter\u00edstica da gripe. \u201cA gripe leva a uma condi\u00e7\u00e3o em que o indiv\u00edduo fica muito mais prostrado, tem febre elevada, uma dor no corpo intensa, tosse, dor de garganta, dor de cabe\u00e7a e coriza\u201d, destaca Damasceno.<br \/>\n\n\n\n\n<h2 class=\"wp-block-heading\">Quais s\u00e3o os sintomas da covid-19 hoje?<\/h2>\n\n\n<p><\/p>J\u00e1 a Covid -19 \u00e9 caracterizada por sintomas respirat\u00f3rios, como tosse, dor de garganta e coriza, principalmente em casos leves. Nos casos moderados a graves, podem surgir tosse e febre persistentes, falta de ar, desconforto respirat\u00f3rio e dificuldade para se alimentar.<br \/>\n\n\n\n\n<h2 class=\"wp-block-heading\">Quem est\u00e1 com covid tem catarro?<\/h2>\n\n\n<p><\/p>Segundo um levantamento da OMS (Organiza\u00e7\u00e3o Mundial da Sa\u00fade), que analisou 55 mil casos confirmados na China, a tosse seca est\u00e1 presente em 68% dos casos , sendo o segundo sinal mais frequente depois da febre. A tosse com catarro esteve presente em 33% deles.<br \/>\n\n\n\n\n<h2 class=\"wp-block-heading\">Quem est\u00e1 com Covid sente cheiro?<\/h2>\n\nNo in\u00edcio da pandemia de COVID-19 era not\u00f3ria a alta frequ\u00eancia de perda de olfato (anosmia) e do paladar (ageusia) nos pacientes que adquiriam essa doen\u00e7a.<br \/>\n\n\n\n\n<h2 class=\"wp-block-heading\">Quem tem covid sente cheiro?<\/h2>\n\n\n<p><\/p>No in\u00edcio da pandemia de COVID-19 era not\u00f3ria a alta frequ\u00eancia de perda de olfato (anosmia) e do paladar (ageusia) nos pacientes que adquiriam essa doen\u00e7a.<br \/>\n\n\n\n\n<h2 class=\"wp-block-heading\">Quantos dias volta a sentir cheiro covid?<\/h2>\n\n\n<p><\/p>Quanto tempo dura a perda de olfato e paladar da Covid-19? A maioria dos pacientes apresenta melhora geralmente nas primeiras semanas, entre 14 e 21 dias. Em alguns indiv\u00edduos, a altera\u00e7\u00e3o pode durar mais tempo. H\u00e1 relatos de pessoas que referem dist\u00farbios do olfato por mais de sete meses.<br \/>\n\n\n\n\n<h2 class=\"wp-block-heading\">Qual \u00e9 a diferen\u00e7a entre a perda do olfato em casos de gripe e de covid-19?<\/h2>\n\n\n<p><\/p>Quando os pacientes com covid-19 apresentam perda de olfato, ela tende a ser repentina e severa e geralmente n\u00e3o envolve nariz entupido, congestionado ou escorrendo \u2014 a maioria das pessoas com coronav\u00edrus ainda consegue respirar livremente. Outra coisa que os diferencia \u00e9 sua contundente perda do paladar.<br \/>\n\n\n\n\n<h2 class=\"wp-block-heading\">O que pode ser quando n\u00e3o est\u00e1 sentindo cheiro?<\/h2>\n\n\n<p><\/p>Anosmia \u00e9 a perda do olfato, que pode acontecer de maneira tempor\u00e1ria ou permanente. A obstru\u00e7\u00e3o nasal \u00e9 uma das principais causas, principalmente quando o indiv\u00edduo est\u00e1 passando por uma gripe ou resfriado. Mas isso pode acontecer tamb\u00e9m por conta do tabagismo ou at\u00e9 mesmo pelo efeito colateral de alguma medica\u00e7\u00e3o.<br \/>\n\n\n\n\n<h2 class=\"wp-block-heading\">Como saber se \u00e9 gripe ou covid?<\/h2>\n\n\n<p><\/p>2- Como diferenciar um caso de Covid-19 e um de gripe? N\u00e3o \u00e9 poss\u00edvel fazer a diferencia\u00e7\u00e3o entre Covid-19 e influenza apenas pela avalia\u00e7\u00e3o cl\u00ednica porque os sintomas e sinais das duas doen\u00e7as s\u00e3o inespec\u00edficos.<br \/>\n\n\n\n\n<h2 class=\"wp-block-heading\">Tem cirurgia para voltar o olfato?<\/h2>\n\nComo a cirurgia envolve termina\u00e7\u00f5es nervosas, \u00e9 natural que o paciente leve um certo tempo para recuperar o olfato. O tempo esperado para uma regenera\u00e7\u00e3o nervosa \u00e9 de at\u00e9 dois anos. Por\u00e9m, \u00e9 muito satisfat\u00f3rio saber que os pacientes est\u00e3o evoluindo bem.<br \/>\n\n\n\n\n<h2 class=\"wp-block-heading\">Como reverter perda de olfato?<\/h2>\n\n\n<p><\/p>Avalia\u00e7\u00e3o e acompanhamento m\u00e9dico s\u00e3o essenciais para a condu\u00e7\u00e3o desses casos. Al\u00e9m disso, existem treinamentos para o sentido do olfato, chamados treinamentos olfat\u00f3rios. Essa estrat\u00e9gia consiste em utilizar \u00f3leos essenciais ou produtos com cheiros bem caracter\u00edsticos para treinar o sentido.<br \/>\n\n\n\n\n<h2 class=\"wp-block-heading\">Qual a doen\u00e7a que faz perder o olfato?<\/h2>\n\n\n<p><\/p>Algumas infec\u00e7\u00f5es podem causar o problema, como o Rhinovirus e o Adenovirus, por exemplo. O ponto principal \u00e9 que, nesses casos, a obstru\u00e7\u00e3o nasal e a coriza acabam reduzindo o olfato. J\u00e1 no caso do Covid-19, os sintomas s\u00e3o mais severos.<br \/>\n\n\n\n\n<h2 class=\"wp-block-heading\">Qual m\u00e9dico cuida do olfato e paladar?<\/h2>\n\n\n<p><\/p>O otorrinolaringologista \u00e9 o especialista indicado para o diagn\u00f3stico e tratamento dos dist\u00farbios do olfato e do paladar.<br \/>\n\n\n\n\n<h2 class=\"wp-block-heading\">O que \u00e9 fisioterapia olfativa?<\/h2>\n\n\n<p><\/p>A fisioterapia do olfato vem sendo utilizada como uma forma de tratamento seguro e eficaz, que ajuda na melhora da disfun\u00e7\u00e3o ap\u00f3s a exposi\u00e7\u00e3o repetida ao odor.<br \/>\n\n\n\n\n<h2 class=\"wp-block-heading\">Como posso recuperar o olfato depois da sinusite?<\/h2>\n\n\n<p><\/p>Em muitos casos, o tratamento da doen\u00e7a ou condi\u00e7\u00e3o que levou \u00e0 anosmia pode ajudar a restaurar o olfato. Por exemplo, no caso de sinusite, o uso de antibi\u00f3ticos pode ser eficaz para tratar a infec\u00e7\u00e3o e recuperar o olfato.<br \/>\n\n\n","protected":false},"excerpt":{"rendered":"<p>Quanto tempo demora para voltar a sentir cheiro depois do covid? Quanto tempo dura a perda de olfato e paladar da Covid-19? A maioria dos pacientes apresenta melhora geralmente nas primeiras semanas, entre 14 e 21 dias. Em alguns indiv\u00edduos, a altera\u00e7\u00e3o pode durar mais tempo. H\u00e1 relatos de pessoas que referem dist\u00farbios do olfato [&hellip;]<\/p>\n","protected":false},"author":2,"featured_media":0,"comment_status":"open","ping_status":"closed","sticky":false,"template":"","format":"standard","meta":{"footnotes":""},"categories":[1],"tags":[],"class_list":["post-20973","post","type-post","status-publish","format-standard","hentry","category-conteudo"],"_links":{"self":[{"href":"https:\/\/ammabarbacena.com.br\/perguntas-frequentes\/wp-json\/wp\/v2\/posts\/20973","targetHints":{"allow":["GET"]}}],"collection":[{"href":"https:\/\/ammabarbacena.com.br\/perguntas-frequentes\/wp-json\/wp\/v2\/posts"}],"about":[{"href":"https:\/\/ammabarbacena.com.br\/perguntas-frequentes\/wp-json\/wp\/v2\/types\/post"}],"author":[{"embeddable":true,"href":"https:\/\/ammabarbacena.com.br\/perguntas-frequentes\/wp-json\/wp\/v2\/users\/2"}],"replies":[{"embeddable":true,"href":"https:\/\/ammabarbacena.com.br\/perguntas-frequentes\/wp-json\/wp\/v2\/comments?post=20973"}],"version-history":[{"count":1,"href":"https:\/\/ammabarbacena.com.br\/perguntas-frequentes\/wp-json\/wp\/v2\/posts\/20973\/revisions"}],"predecessor-version":[{"id":20974,"href":"https:\/\/ammabarbacena.com.br\/perguntas-frequentes\/wp-json\/wp\/v2\/posts\/20973\/revisions\/20974"}],"wp:attachment":[{"href":"https:\/\/ammabarbacena.com.br\/perguntas-frequentes\/wp-json\/wp\/v2\/media?parent=20973"}],"wp:term":[{"taxonomy":"category","embeddable":true,"href":"https:\/\/ammabarbacena.com.br\/perguntas-frequentes\/wp-json\/wp\/v2\/categories?post=20973"},{"taxonomy":"post_tag","embeddable":true,"href":"https:\/\/ammabarbacena.com.br\/perguntas-frequentes\/wp-json\/wp\/v2\/tags?post=20973"}],"curies":[{"name":"wp","href":"https:\/\/api.w.org\/{rel}","templated":true}]}}