{"id":2060,"date":"2025-07-17T05:30:43","date_gmt":"2025-07-17T05:30:43","guid":{"rendered":"http:\/\/961558a5-3245-46a8-b07e-a67a440f1b76"},"modified":"2025-07-17T05:30:43","modified_gmt":"2025-07-17T05:30:43","slug":"o-que-e-osteocondrose","status":"publish","type":"post","link":"https:\/\/ammabarbacena.com.br\/perguntas-frequentes\/o-que-e-osteocondrose\/","title":{"rendered":"O que \u00e9 osteocondrose"},"content":{"rendered":"\n\n<h2 class=\"wp-block-heading\">O que causa a osteocondrose?<\/h2>\n\nOs dois principais fatores que causam as doen\u00e7as s\u00e3o os mesmos como traumas e les\u00f5es por sobrecarga ou impacto de repeti\u00e7\u00e3o, al\u00e9m de embolia, dist\u00farbios end\u00f3crinos, defeitos vasculares locais, fatores gen\u00e9ticos e heredit\u00e1rios.<br \/>\n\n\n\n\n<h2 class=\"wp-block-heading\">O que causa osteocondrose?<\/h2>\n\n\n<p><\/p>Os dois principais fatores que causam as doen\u00e7as s\u00e3o os mesmos como traumas e les\u00f5es por sobrecarga ou impacto de repeti\u00e7\u00e3o, al\u00e9m de embolia, dist\u00farbios end\u00f3crinos, defeitos vasculares locais, fatores gen\u00e9ticos e heredit\u00e1rios.<br \/>\n\n\n\n\n<h2 class=\"wp-block-heading\">Qual \u00e9 o tratamento para osteocondrose na coluna vertebral?<\/h2>\n\n\n<p><\/p>Qual \u00e9 o tratamento para Osteocondrose da Coluna Vertebral? O tratamento para osteocondrose da coluna vertebral pode envolver fisioterapia para fortalecer os m\u00fasculos ao redor da coluna, com foco na melhora da postura e da flexibilidade, bem como podem ser prescritos medicamentos para controle e al\u00edvio da dor.<br \/>\n\n\n\n\n<h2 class=\"wp-block-heading\">O que causa degenera\u00e7\u00e3o nos ossos?<\/h2>\n\n\n<p><\/p>Fatores gen\u00e9ticos, car\u00eancias nutricionais, alguns medicamentos e maus h\u00e1bitos de vida v\u00e3o enfraquecendo e danificando essa estrutura, tornando nosso sistema \u00f3sseo (antes t\u00e3o forte) mais fr\u00e1gil e propenso a desenvolver algumas doen\u00e7as.<br \/>\n\n\n\n\n<h2 class=\"wp-block-heading\">O que causa a osteocondromatose?<\/h2>\n\n\n<p><\/p>Sua causa n\u00e3o \u00e9 conhecida, mas eles est\u00e3o associados com a algumas s\u00edndromes gen\u00e9ticas como Osteocondromatose m\u00faltipla ou exostose m\u00faltipla heredit\u00e1ria, ou seja, se algu\u00e9m da fam\u00edlia possui esse problema aumentam as chances dos novos membros da fam\u00edlia apresentarem essa doen\u00e7a tamb\u00e9m.<br \/>\n\n\n\n\n<h2 class=\"wp-block-heading\">O que \u00e9 osteocondrose da coluna vertebral?<\/h2>\n\n\n\n<h2 class=\"wp-block-heading\">O que \u00e9 osteocondrose vertebral?<\/h2>\n\n\n<p><\/p>O que \u00e9 Osteocondrose da Coluna Vertebral? A osteocondrose da coluna vertebral \u00e9 uma doen\u00e7a degenerativa que afeta os discos intervertebrais, resultando em sua perda de forma e fun\u00e7\u00e3o. A condi\u00e7\u00e3o provoca dor e rigidez na coluna, podendo limitar a movimenta\u00e7\u00e3o.<br \/>\n\n\n\n\n<h2 class=\"wp-block-heading\">O que acontece com quem tem degenera\u00e7\u00e3o na coluna?<\/h2>\n\n\n<p><\/p>No entanto, com doen\u00e7a degenerativa do disco grave, a estabilidade normal de uma coluna pode ficar prejudicada e levar a uma fraqueza anormal em determinadas \u00e1reas. A instabilidade pode levar tanto \u00e0 dor como \u00e0 les\u00e3o da medula espinhal ou dos nervos espinhais, os quais podem causar sintomas neurol\u00f3gicos.<br \/>\n\n\n\n\n<h2 class=\"wp-block-heading\">O que causa osteoartrose na coluna?<\/h2>\n\n\n<p><\/p>Geralmente, esse desgaste ocorre devido a tend\u00eancias gen\u00e9ticas e ao uso incorreto ou excessivo de uma articula\u00e7\u00e3o ao longo de muito anos.<br \/>\n\n\n\n\n<h2 class=\"wp-block-heading\">Qual \u00e9 o nome da doen\u00e7a degenerativa dos ossos?<\/h2>\n\n\n<p><\/p>1. Osteoporose. Segundo dados da Funda\u00e7\u00e3o Internacional de Osteoporose, cerca de 10 milh\u00f5es de brasileiros apresentam algum grau de osteoporose atualmente. No mundo, 1 em cada 3 mulheres e 1 em cada 5 homens, com mais de 50 anos, v\u00e3o apresentar a doen\u00e7a em algum momento da vida.<br \/>\n\n\n\n\n<h2 class=\"wp-block-heading\">O que fazer para curar osteocondrite?<\/h2>\n\nO tratamento da osteocondrite de Sever inclui repouso, aplica\u00e7\u00e3o de gelo na regi\u00e3o afetada, uso de analg\u00e9sicos e anti-inflamat\u00f3rios, e fisioterapia para fortalecer os m\u00fasculos e melhorar a flexibilidade.<br \/>\n\n\n\n\n<h2 class=\"wp-block-heading\">Como curar a osteocondrite?<\/h2>\n\n\n<p><\/p>O tratamento da osteocondrite de Sever inclui repouso, aplica\u00e7\u00e3o de gelo na regi\u00e3o afetada, uso de analg\u00e9sicos e anti-inflamat\u00f3rios, e fisioterapia para fortalecer os m\u00fasculos e melhorar a flexibilidade.<br \/>\n\n\n\n\n<h2 class=\"wp-block-heading\">Quanto tempo dura a osteocondrite?<\/h2>\n\n\n<p><\/p>O tratamento dura de 6 a 9 meses e deve ser acompanhado de perto pelo ortopedista.<br \/>\n\n\n\n\n<h2 class=\"wp-block-heading\">O que provoca osteocondrite?<\/h2>\n\n\n<p><\/p>A causa da osteocondrite dissecante \u00e9 desconhecida. A redu\u00e7\u00e3o do fluxo sangu\u00edneo para a extremidade do osso afetado pode ser resultado de traumas repetitivos \u2014 pequenos epis\u00f3dios m\u00faltiplos de les\u00f5es leves e n\u00e3o reconhecidas que danificam o osso.<br \/>\n\n\n\n\n<h2 class=\"wp-block-heading\">Quais s\u00e3o as sequelas da osteocondrite?<\/h2>\n\n\n<p><\/p>A osteocondrite dissecante (OCD) \u00e9 um processo patol\u00f3gico que atinge o osso subcondral do joelho em crian\u00e7a e adolescente (OCDJ) e adultos jovens (OCDA) com efeitos secund\u00e1rios sobre a cartilagem articular com dor, edema, poss\u00edvel forma\u00e7\u00e3o de corpos livres e sintomas mec\u00e2nicos, inclusive bloqueio articular.<br \/>\n\n\n\n\n<h2 class=\"wp-block-heading\">Como desinflamar ossos?<\/h2>\n\n\n<p><\/p>Na inflama\u00e7\u00e3o \u00f3ssea hematog\u00eanica, \u00e9 necess\u00e1rio realizar terapia parenteral com antibi\u00f3ticos. Normalmente, o per\u00edodo de tratamento \u00e9 de 4 a 6 semanas. Caso o paciente permane\u00e7a est\u00e1vel por, pelo menos, 10 dias, pode-se administrar os medicamentos por via oral, a n\u00edvel ambulatorial.<br \/>\n\n\n\n\n<h2 class=\"wp-block-heading\">Como \u00e9 a dor da osteocondrite?<\/h2>\n\nAs dores s\u00e3o sentidas nas articula\u00e7\u00f5es afetadas e dificultam os movimentos mais comuns com o corpo. Al\u00e9m da dor, s\u00e3o outros sintomas: Edema: na linguagem cotidiana, significa incha\u00e7o. A pessoa acometida pela osteocondrite pode apresentar incha\u00e7o e vermelhid\u00e3o nas articula\u00e7\u00f5es, por causa da acumula\u00e7\u00e3o de l\u00edquidos.<br \/>\n\n\n\n\n<h2 class=\"wp-block-heading\">Qual o sintoma da osteocondrite?<\/h2>\n\n\n<p><\/p>\n\n<ul class=\"wp-block-list\">\n<li>Os principais sintomas da Osteocondrite<\/li>\n<li> Incha\u00e7o: \u00e9 poss\u00edvel observar incha\u00e7o na articula\u00e7\u00e3o afetada; Rigidez: a articula\u00e7\u00e3o pode apresentar rigidez, dificultando os movimentos; Deformidade: em determinados casos, a osteocondrite pode ocasionar deformidades na articula\u00e7\u00e3o atingida.<\/li>\n<\/ul>\n\n\n\n\n<h2 class=\"wp-block-heading\">Quais s\u00e3o os sintomas da osteocondrite dissecante?<\/h2>\n\n\n<p><\/p>A osteocondrite dissecante (TOC) ocorre quando uma parte do osso e da cartilagem de uma das articula\u00e7\u00f5es perde o suprimento sangu\u00edneo. Isso a torna mole e fraca. Eventualmente, a parte afetada do osso pode se soltar. Voc\u00ea pode tratar a TOC em casa com repouso e medicamentos anti-inflamat\u00f3rios de venda livre.<br \/>\n\n\n\n\n<h2 class=\"wp-block-heading\">Qual \u00e9 o melhor tratamento para osteocondrite?<\/h2>\n\n\n<p><\/p>Osteocondrite \u00e9 uma condi\u00e7\u00e3o que causa instabilidade articular e dor. O tratamento depende da gravidade e da articula\u00e7\u00e3o afetada. Os tratamentos m\u00e9dicos podem incluir \u00f3rteses, muletas, fisioterapia e cirurgia. Em casa, voc\u00ea pode tentar solu\u00e7\u00f5es como repouso, eleva\u00e7\u00e3o e calor ou gelo para reduzir o incha\u00e7o.<br \/>\n\n\n\n\n<h2 class=\"wp-block-heading\">Onde \u00e9 a dor da costocondrite?<\/h2>\n\n\n<p><\/p>A costocondrite \u00e9 uma inflama\u00e7\u00e3o da cartilagem que une as costelas ao esterno, o osso que fica no centro do peito. Ela provoca uma dor localizada no peito e pode ser confundida com problemas card\u00edacos, principalmente porque a dor pode ser bastante aguda.<br \/>\n\n\n\n\n<h2 class=\"wp-block-heading\">Quais os sintomas da condrite?<\/h2>\n\n\n<p><\/p>Os principais sintomas s\u00e3o desconforto ou dor no meio do peito e ao longo da linha das costelas que pode se irradiar para os bra\u00e7os e os ombros. A costocondrite afeta mais comumente as costelas superiores do lado esquerdo do corpo.<br \/>\n\n\n\n\n<h2 class=\"wp-block-heading\">Qual exame detecta osteocondrite?<\/h2>\n\nA tomografia computadorizada e a resson\u00e2ncia magn\u00e9tica s\u00e3o importantes para definir o local, a extens\u00e3o e a viabilidade da les\u00e3o.<br \/>\n\n\n\n\n<h2 class=\"wp-block-heading\">Como diagnosticar osteocondrite?<\/h2>\n\n\n<p><\/p>Como os m\u00e9dicos diagnosticam a osteocondrite dissecante? Um profissional de sa\u00fade diagnosticar\u00e1 a osteocondrite dissecante com um exame f\u00edsico e exames de imagem. Eles examinar\u00e3o a articula\u00e7\u00e3o afetada e perguntar\u00e3o sobre os seus sintomas.<br \/>\n\n\n\n\n<h2 class=\"wp-block-heading\">Como aliviar osteocondrite?<\/h2>\n\n\n<p><\/p>O tratamento depende da gravidade e da articula\u00e7\u00e3o afetada. Os tratamentos m\u00e9dicos podem incluir \u00f3rteses, muletas, fisioterapia e cirurgia. Em casa, voc\u00ea pode tentar solu\u00e7\u00f5es como repouso, eleva\u00e7\u00e3o e calor ou gelo para reduzir o incha\u00e7o.<br \/>\n\n\n\n\n<h2 class=\"wp-block-heading\">Qual a diferen\u00e7a entre osteocondrite e osteocondrose?<\/h2>\n\n\n\n<h2 class=\"wp-block-heading\">O que significa osteocondrose?<\/h2>\n\n\n<p><\/p>Osteocondroses s\u00e3o desarranjos n\u00e3o infecciosos e n\u00e3o inflamat\u00f3rios do crescimento \u00f3sseo em v\u00e1rios centros de ossifica\u00e7\u00e3o. Eles ocorrem durante o per\u00edodo de maior atividade de desenvolvimento e afetam as ep\u00edfises.<br \/>\n\n\n\n\n<h2 class=\"wp-block-heading\">Como tratar osteocondrose?<\/h2>\n\n\n<p><\/p>O tratamento \u00e9 conservador e consiste em evitar atividades de impacto, uso de medica\u00e7\u00e3o analg\u00e9sica, gelo e, ocasionalmente, imobiliza\u00e7\u00e3o tempor\u00e1ria do p\u00e9 e tornozelo.<br \/>\n\n\n\n\n<h2 class=\"wp-block-heading\">O que \u00e9 osteocondrose no p\u00e9?<\/h2>\n\n\n<p><\/p>Introdu\u00e7\u00e3o. A osteocondrite de Sever \u00e9 uma condi\u00e7\u00e3o que afeta os ossos do calcanhar, na regi\u00e3o mais posterior, em crian\u00e7as e adolescentes em fase de crescimento. \u00c9 uma das causas mais comuns de dor no calcanhar na faixa et\u00e1ria entre os 08 a 12 anos de idade.<br \/>\n\n\n","protected":false},"excerpt":{"rendered":"<p>O que causa a osteocondrose? Os dois principais fatores que causam as doen\u00e7as s\u00e3o os mesmos como traumas e les\u00f5es por sobrecarga ou impacto de repeti\u00e7\u00e3o, al\u00e9m de embolia, dist\u00farbios end\u00f3crinos, defeitos vasculares locais, fatores gen\u00e9ticos e heredit\u00e1rios. O que causa osteocondrose? Os dois principais fatores que causam as doen\u00e7as s\u00e3o os mesmos como traumas [&hellip;]<\/p>\n","protected":false},"author":2,"featured_media":0,"comment_status":"open","ping_status":"closed","sticky":false,"template":"","format":"standard","meta":{"footnotes":""},"categories":[1],"tags":[],"class_list":["post-2060","post","type-post","status-publish","format-standard","hentry","category-conteudo"],"_links":{"self":[{"href":"https:\/\/ammabarbacena.com.br\/perguntas-frequentes\/wp-json\/wp\/v2\/posts\/2060","targetHints":{"allow":["GET"]}}],"collection":[{"href":"https:\/\/ammabarbacena.com.br\/perguntas-frequentes\/wp-json\/wp\/v2\/posts"}],"about":[{"href":"https:\/\/ammabarbacena.com.br\/perguntas-frequentes\/wp-json\/wp\/v2\/types\/post"}],"author":[{"embeddable":true,"href":"https:\/\/ammabarbacena.com.br\/perguntas-frequentes\/wp-json\/wp\/v2\/users\/2"}],"replies":[{"embeddable":true,"href":"https:\/\/ammabarbacena.com.br\/perguntas-frequentes\/wp-json\/wp\/v2\/comments?post=2060"}],"version-history":[{"count":1,"href":"https:\/\/ammabarbacena.com.br\/perguntas-frequentes\/wp-json\/wp\/v2\/posts\/2060\/revisions"}],"predecessor-version":[{"id":2061,"href":"https:\/\/ammabarbacena.com.br\/perguntas-frequentes\/wp-json\/wp\/v2\/posts\/2060\/revisions\/2061"}],"wp:attachment":[{"href":"https:\/\/ammabarbacena.com.br\/perguntas-frequentes\/wp-json\/wp\/v2\/media?parent=2060"}],"wp:term":[{"taxonomy":"category","embeddable":true,"href":"https:\/\/ammabarbacena.com.br\/perguntas-frequentes\/wp-json\/wp\/v2\/categories?post=2060"},{"taxonomy":"post_tag","embeddable":true,"href":"https:\/\/ammabarbacena.com.br\/perguntas-frequentes\/wp-json\/wp\/v2\/tags?post=2060"}],"curies":[{"name":"wp","href":"https:\/\/api.w.org\/{rel}","templated":true}]}}