{"id":2036,"date":"2025-07-17T05:15:33","date_gmt":"2025-07-17T05:15:33","guid":{"rendered":"http:\/\/e3ec655f-ab84-47d5-a8e5-4aab34ba7b10"},"modified":"2025-07-17T05:15:33","modified_gmt":"2025-07-17T05:15:33","slug":"o-que-e-texto-multissemiotico","status":"publish","type":"post","link":"https:\/\/ammabarbacena.com.br\/perguntas-frequentes\/o-que-e-texto-multissemiotico\/","title":{"rendered":"O que \u00e9 texto multissemi\u00f3tico"},"content":{"rendered":"\n\n<h2 class=\"wp-block-heading\">O que \u00e9 um texto multisemi\u00f3tico?<\/h2>\n\n\n\n<h2 class=\"wp-block-heading\">O que \u00e9 texto multissemi\u00f3tico?<\/h2>\n\n\n<p><\/p>S\u00e3o aqueles que envolvem o uso de diferentes linguagens. Neste sentido, a maioria dos g\u00eaneros que circulam socialmente s\u00e3o multissemi\u00f3ticos, pois envolvem no m\u00ednimo a linguagem verbal e a visual (fotos, ilustra\u00e7\u00f5es, cores). Um poema visual, por exemplo, configura-se como um texto verbo-visual.<br \/>\n\n\n\n\n<h2 class=\"wp-block-heading\">O que \u00e9 algo multimodal?<\/h2>\n\n\n<p><\/p>A multimodalidade \u00e9 uma abordagem interdisciplinar que entende a comunica\u00e7\u00e3o e a representa\u00e7\u00e3o como algo mais do que uma quest\u00e3o de linguagem. Ela foi desenvolvida na \u00faltima d\u00e9cada para abordar sistematicamente quest\u00f5es muito debatidas sobre mudan\u00e7as na sociedade, por exemplo, em rela\u00e7\u00e3o \u00e0s novas m\u00eddias e tecnologias.<br \/>\n\n\n\n\n<h2 class=\"wp-block-heading\">Quais s\u00e3o as caracter\u00edsticas de um texto multissemi\u00f3tico?<\/h2>\n\n\n\n<h2 class=\"wp-block-heading\">Quais s\u00e3o as caracter\u00edsticas de um texto multimodal?<\/h2>\n\n\n<p><\/p>O texto multimodal, tamb\u00e9m presente nos manuais de montagem e em bulas de medicamentos, \u00e9 o que se comp\u00f5e de, pelo menos, duas formas de comunica\u00e7\u00e3o: a imagem e o (texto) escrito, mas pode ser integrado por outros componentes como som, fala, movimentos gestuais, entre outros.<br \/>\n\n\n\n\n<h2 class=\"wp-block-heading\">O que s\u00e3o multissemi\u00f3ticos?<\/h2>\n\n\n<p><\/p>O segundo aspecto diz respeito \u00e0 multiplicidade semi\u00f3tica dos textos que circulam nesses contextos multiculturais. Esses textos, que podem assumir formas visuais, escritas, e outras, s\u00e3o meios primordiais pelos quais as pessoas adquirem informa\u00e7\u00f5es e se comunicam umas com as outras.<br \/>\n\n\n\n\n<h2 class=\"wp-block-heading\">O que significa a caracter\u00edstica multimodal?<\/h2>\n\n\n<p><\/p>diz-se da comunica\u00e7\u00e3o em que coexistem diversas modalidades comunicativas (fala, gestos, texto, processamento de imagem, etc.)<br \/>\n\n\n\n\n<h2 class=\"wp-block-heading\">Qual a defini\u00e7\u00e3o de texto multimodal?<\/h2>\n\nO texto multimodal, tamb\u00e9m presente nos manuais de montagem e em bulas de medicamentos, \u00e9 o que se comp\u00f5e de, pelo menos, duas formas de comunica\u00e7\u00e3o: a imagem e o (texto) escrito, mas pode ser integrado por outros componentes como som, fala, movimentos gestuais, entre outros.<br \/>\n\n\n\n\n<h2 class=\"wp-block-heading\">Qual \u00e9 o conceito de multimodal?<\/h2>\n\n\n<p><\/p>Transporte Multimodal de Cargas \u00e9 aquele que, regido por um \u00fanico contrato, utiliza duas ou mais modalidades de transporte, desde a origem at\u00e9 o destino, e \u00e9 executado sob a responsabilidade \u00fanica de um Operador de Transporte Multimodal \u2013 OTM.<br \/>\n\n\n\n\n<h2 class=\"wp-block-heading\">S\u00e3o textos multimodais?<\/h2>\n\n\n<p><\/p>S\u00e3o chamados de multimodais pois s\u00e3o textos que utilizam mais de uma modalidade de forma lingu\u00edstica sua composi\u00e7\u00e3o. Com o advento das novas tecnologias, o texto vem adquirindo cada vez mais novas configura\u00e7\u00f5es que possam atender as necessidades de seus falantes.<br \/>\n\n\n\n\n<h2 class=\"wp-block-heading\">O que \u00e9 um texto multimodal ou misto?<\/h2>\n\n\n<p><\/p>No marco das abordagens da multimodalidade, o texto multimodal \u00e9 uma inst\u00e2ncia semi\u00f3tica mobilizadora de uma multiplicidade de modos em uma situa\u00e7\u00e3o comunicativa. Esse conceito de texto, baseado na ideia de modo, \u00e9 importado \u00e0 LT.<br \/>\n\n\n\n\n<h2 class=\"wp-block-heading\">O que s\u00e3o textos multimidi\u00e1ticos?<\/h2>\n\nO que s\u00e3o conte\u00fados multimidi\u00e1ticos? tra\u00e7ado de rotas alternativas que conectam informa\u00e7\u00f5es multim\u00eddia (som, imagem, texto, anima\u00e7\u00e3o, v\u00eddeo). Por que utilizar conte\u00fados multimidiaticos na educa\u00e7\u00e3o b\u00e1sica?<br \/>\n\n\n\n\n<h2 class=\"wp-block-heading\">O que \u00e9 um texto multimidi\u00e1tico?<\/h2>\n\n\n<p><\/p>O que s\u00e3o conte\u00fados multimidi\u00e1ticos? tra\u00e7ado de rotas alternativas que conectam informa\u00e7\u00f5es multim\u00eddia (som, imagem, texto, anima\u00e7\u00e3o, v\u00eddeo). Por que utilizar conte\u00fados multimidiaticos na educa\u00e7\u00e3o b\u00e1sica?<br \/>\n\n\n\n\n<h2 class=\"wp-block-heading\">O que \u00e9 linguagem multimidi\u00e1tica?<\/h2>\n\n\n<p><\/p>A linguagem multimidi\u00e1tica da tela \u00e9 capaz de construir significados complexos independentemente do texto. A linguagem multimidi\u00e1tica da tela permite modos de pensamento, formas de comunicar e produzir pesquisa, e m\u00e9todos de publica\u00e7\u00e3o e de ensino que s\u00e3o essencialmente diferentes daqueles relacionados ao texto.<br \/>\n\n\n\n\n<h2 class=\"wp-block-heading\">Quais s\u00e3o os tipos de texto multissemi\u00f3ticos?<\/h2>\n\n\n<p><\/p>EXEMPLOS DESSES TEXTOS INCLUEM PANFLETOS DE SUPERMERCADOS COM PROMO\u00c7\u00d5ES, CARTAZES, POSTS PARA REDES SOCIAIS, MEMES E PLACAS INDICATIVAS. ESSE TIPO DE TEXTO COMBINA V\u00c1RIAS LINGUAGENS: VERBAL (ORAL E ESCRITA), VISUAL (IMAGENS, \u00cdCONES E DESENHOS), SONORA, CORPORAL E DIGITAL.<br \/>\n\n\n\n\n<h2 class=\"wp-block-heading\">O que \u00e9 um texto multissemi\u00f3tico e multimodal?<\/h2>\n\n\n\n<h2 class=\"wp-block-heading\">O que significa texto multissemi\u00f3tico?<\/h2>\n\n\n<p><\/p>Multissemi\u00f3ticos s\u00e3o os textos com muitos elementos, como imagens, \u00edcones e desenhos.<br \/>\n\n\n\n\n<h2 class=\"wp-block-heading\">S\u00e3o exemplos de textos multissemi\u00f3ticos?<\/h2>\n\n\n<p><\/p>EXEMPLOS DESSES TEXTOS INCLUEM PANFLETOS DE SUPERMERCADOS COM PROMO\u00c7\u00d5ES, CARTAZES, POSTS PARA REDES SOCIAIS, MEMES E PLACAS INDICATIVAS. ESSE TIPO DE TEXTO COMBINA V\u00c1RIAS LINGUAGENS: VERBAL (ORAL E ESCRITA), VISUAL (IMAGENS, \u00cdCONES E DESENHOS), SONORA, CORPORAL E DIGITAL.<br \/>\n\n\n\n\n<h2 class=\"wp-block-heading\">Qual a diferen\u00e7a entre multimodal e multissemi\u00f3tico?<\/h2>\n\n\n<p><\/p>O texto multimodal tamb\u00e9m \u00e9 conhecido como texto multissemi\u00f3tico, pois faz o uso de semioses (produ\u00e7\u00e3o de significados) e sua compreens\u00e3o adequada do texto depende da identifica\u00e7\u00e3o dos efeitos de sentido produzidos pelo uso de recursos visuais associados ao texto verbal.<br \/>\n\n\n\n\n<h2 class=\"wp-block-heading\">O que \u00e9 intertextualidade e exemplo?<\/h2>\n\nA intertextualidade \u00e9 a rela\u00e7\u00e3o entre dois textos caracterizada pela refer\u00eancia de um pelo outro de maneira impl\u00edcita ou expl\u00edcita. H\u00e1 oito tipos distintos de intertextualidade. S\u00e3o eles: alus\u00e3o\/refer\u00eancia, bricolagem, cita\u00e7\u00e3o, ep\u00edgrafe, par\u00e1frase, par\u00f3dia, pastiche e tradu\u00e7\u00e3o.<br \/>\n\n\n\n\n<h2 class=\"wp-block-heading\">O que \u00e9 intertextualidade e d\u00ea exemplos?<\/h2>\n\n\n<p><\/p>Podemos definir intertextualidade, por exemplo, como a influ\u00eancia de um texto sobre outro, ou seja, h\u00e1 um material prim\u00e1rio que serve de inspira\u00e7\u00e3o ou de base para a cria\u00e7\u00e3o de um novo. Assim, o que fizemos no in\u00edcio deste texto foi uma intertextualidade do tipo cita\u00e7\u00e3o por meio de um argumento de autoridade.<br \/>\n\n\n\n\n<h2 class=\"wp-block-heading\">O que \u00e9 intertextualidade exemplifique?<\/h2>\n\n\n<p><\/p>Intertextualidade \u00e9 o nome dado \u00e0 rela\u00e7\u00e3o que \u00e9 feita quando em um texto \u00e9 citado outro texto que j\u00e1 existe. Esse fen\u00f4meno se trata do &#8220;di\u00e1logo&#8221; de um texto com um ou mais textos, que podem ser verbais, n\u00e3o-verbais ou mistos.<br \/>\n\n\n\n\n<h2 class=\"wp-block-heading\">O que significa intertexto?<\/h2>\n\n\n<p><\/p>Conjunto de refer\u00eancias ou influ\u00eancias de outro(s) texto(s) num texto.<br \/>\n\n\n","protected":false},"excerpt":{"rendered":"<p>O que \u00e9 um texto multisemi\u00f3tico? O que \u00e9 texto multissemi\u00f3tico? S\u00e3o aqueles que envolvem o uso de diferentes linguagens. Neste sentido, a maioria dos g\u00eaneros que circulam socialmente s\u00e3o multissemi\u00f3ticos, pois envolvem no m\u00ednimo a linguagem verbal e a visual (fotos, ilustra\u00e7\u00f5es, cores). Um poema visual, por exemplo, configura-se como um texto verbo-visual. O [&hellip;]<\/p>\n","protected":false},"author":2,"featured_media":0,"comment_status":"open","ping_status":"closed","sticky":false,"template":"","format":"standard","meta":{"footnotes":""},"categories":[1],"tags":[],"class_list":["post-2036","post","type-post","status-publish","format-standard","hentry","category-conteudo"],"_links":{"self":[{"href":"https:\/\/ammabarbacena.com.br\/perguntas-frequentes\/wp-json\/wp\/v2\/posts\/2036","targetHints":{"allow":["GET"]}}],"collection":[{"href":"https:\/\/ammabarbacena.com.br\/perguntas-frequentes\/wp-json\/wp\/v2\/posts"}],"about":[{"href":"https:\/\/ammabarbacena.com.br\/perguntas-frequentes\/wp-json\/wp\/v2\/types\/post"}],"author":[{"embeddable":true,"href":"https:\/\/ammabarbacena.com.br\/perguntas-frequentes\/wp-json\/wp\/v2\/users\/2"}],"replies":[{"embeddable":true,"href":"https:\/\/ammabarbacena.com.br\/perguntas-frequentes\/wp-json\/wp\/v2\/comments?post=2036"}],"version-history":[{"count":1,"href":"https:\/\/ammabarbacena.com.br\/perguntas-frequentes\/wp-json\/wp\/v2\/posts\/2036\/revisions"}],"predecessor-version":[{"id":2037,"href":"https:\/\/ammabarbacena.com.br\/perguntas-frequentes\/wp-json\/wp\/v2\/posts\/2036\/revisions\/2037"}],"wp:attachment":[{"href":"https:\/\/ammabarbacena.com.br\/perguntas-frequentes\/wp-json\/wp\/v2\/media?parent=2036"}],"wp:term":[{"taxonomy":"category","embeddable":true,"href":"https:\/\/ammabarbacena.com.br\/perguntas-frequentes\/wp-json\/wp\/v2\/categories?post=2036"},{"taxonomy":"post_tag","embeddable":true,"href":"https:\/\/ammabarbacena.com.br\/perguntas-frequentes\/wp-json\/wp\/v2\/tags?post=2036"}],"curies":[{"name":"wp","href":"https:\/\/api.w.org\/{rel}","templated":true}]}}