{"id":20239,"date":"2025-08-07T18:55:45","date_gmt":"2025-08-07T18:55:45","guid":{"rendered":"http:\/\/72c8a2bf-4d92-4ed8-b053-92f37ccd557a"},"modified":"2025-08-07T18:55:45","modified_gmt":"2025-08-07T18:55:45","slug":"onde-esta-na-biblia-que-o-inferno-e-um-lugar","status":"publish","type":"post","link":"https:\/\/ammabarbacena.com.br\/perguntas-frequentes\/onde-esta-na-biblia-que-o-inferno-e-um-lugar\/","title":{"rendered":"Onde est\u00e1 na b\u00edblia que o inferno \u00e9 um lugar"},"content":{"rendered":"\n\n<h2 class=\"wp-block-heading\">Onde na B\u00edblia diz que o inferno existe?<\/h2>\n\n\n\n<h2 class=\"wp-block-heading\">Onde a B\u00edblia fala sobre o inferno?<\/h2>\n\n\n<p><\/p>A B\u00edblia menciona que o inferno, ou o lago de fogo, foi preparado para o diabo e seus anjos. Essa ideia \u00e9 encontrada em Mateus 25:41, onde Jesus diz: &#8220;Ent\u00e3o dir\u00e1 tamb\u00e9m aos que estiverem \u00e0 sua esquerda: Apartai-vos de mim, malditos, para o fogo eterno, preparado para o diabo e seus anjos.&#8221;<br \/>\n\n\n\n\n<h2 class=\"wp-block-heading\">Onde na B\u00edblia fala que merecemos o inferno?<\/h2>\n\n\n<p><\/p>Resposta \u00e0 primeira pergunta) n\u00f3s merecemos o inferno pelos nossos pecados ( Is. 59:2; Jo. 8:21, 24; Dt.<br \/>\n\n\n\n\n<h2 class=\"wp-block-heading\">Onde fica localizado o inferno segundo a B\u00edblia?<\/h2>\n\n\n\n<h2 class=\"wp-block-heading\">Onde na B\u00edblia diz que o inferno \u00e9 a sepultura?<\/h2>\n\n\n\n<h2 class=\"wp-block-heading\">Qual \u00e9 o livro da B\u00edblia que fala que a sepultura \u00e9 o inferno?<\/h2>\n\n\n<p><\/p>\n\n<ul class=\"wp-block-list\">\n<li>Prov\u00e9rbios 5:5 Almeida Revista e Corrigida (ARC)<\/li>\n<li> Os seus p\u00e9s descem \u00e0 morte; os seus passos firmam-se no inferno.<\/li>\n<\/ul>\n\n\n\n\n<h2 class=\"wp-block-heading\">Onde na B\u00edblia fala sobre sepultura?<\/h2>\n\n\n<p><\/p>Salmos 30:3 NBV-P. O SENHOR me tirou da sepultura. Eu j\u00e1 estava com um p\u00e9 na cova, e o Senhor me devolveu a vida.<br \/>\n\n\n\n\n<h2 class=\"wp-block-heading\">Onde a B\u00edblia diz que o inferno \u00e9 para baixo?<\/h2>\n\n\n<p><\/p>Prov\u00e9rbios 15:24 ARC.<br \/>\n\n\n\n\n<h2 class=\"wp-block-heading\">O inferno \u00e9 o mesmo que sepultura?<\/h2>\n\n\n<p><\/p>&#8220;Inferno&#8221; \u00e9 uma palavra que foi adicionada (interpolada) \u00e0s nossas B\u00edblias e n\u00e3o \u00e9 uma tradu\u00e7\u00e3o da l\u00edngua original. Quando vemos essa palavra nas Escrituras, seu verdadeiro significado \u00e9 &#8220;sepultura&#8221; ou &#8220;po\u00e7o&#8221; no Antigo Testamento.<br \/>\n\n\n\n\n<h2 class=\"wp-block-heading\">Onde est\u00e1 escrito na B\u00edblia quem vai para o inferno?<\/h2>\n\nDeus jamais predestinou qualquer homem para o inferno. O homem vai para o inferno por escolha pessoal. A Palavra de Deus diz, em Prov\u00e9rbios 17.20, que o perverso de cora\u00e7\u00e3o jamais achar\u00e1 o bem.<br \/>\n\n\n\n\n<h2 class=\"wp-block-heading\">Quem vai para o inferno segundo a B\u00edblia vers\u00edculo?<\/h2>\n\n\n<p><\/p>Todo aquele que for condenado, inclusive o diabo, sofrer\u00e1 sob a ira de Deus. O Senhor Jesus \u00e9 o Senhor do Inferno. Ap 14:10: \u201ctamb\u00e9m esse beber\u00e1 do vinho da c\u00f3lera de Deus, preparado, sem mistura, do c\u00e1lice da sua ira, e ser\u00e1 atormentado com fogo e enxofre, diante dos santos anjos e na presen\u00e7a do Cordeiro.\u201d<br \/>\n\n\n\n\n<h2 class=\"wp-block-heading\">Quem mata uma pessoa vai para o inferno?<\/h2>\n\n\n<p><\/p>Se cometer homic\u00eddio, estar\u00e1 sujeito a julgamento&#8217;. Eu, por\u00e9m, lhes digo que basta irar-se contra algu\u00e9m para estar sujeito a julgamento. Quem xingar algu\u00e9m de est\u00fapido, corre o risco de ser levado ao tribunal. Quem chamar algu\u00e9m de louco, corre o risco de ir para o inferno de fogo.<br \/>\n\n\n\n\n<h2 class=\"wp-block-heading\">Quem ser\u00e1 lan\u00e7ado no inferno segundo a B\u00edblia?<\/h2>\n\n\n<p><\/p>O verso 14 afirma que o inferno tamb\u00e9m ser\u00e1 lan\u00e7ado, ou seja, todos aqueles que estavam em tormento por causa dos seus pecados, juntamente com satan\u00e1s e seus dem\u00f4nios ser\u00e3o lan\u00e7ados nesse lugar de eterno sofrimento.<br \/>\n\n\n\n\n<h2 class=\"wp-block-heading\">O que est\u00e1 escrito em Jo\u00e3o 3:5?<\/h2>\n\n\n<p><\/p>5 Jesus respondeu: Na verdade, na verdade te digo que aquele que n\u00e3o nascer da \u00e1gua e do Esp\u00edrito n\u00e3o pode entrar no reino de Deus, 6 O que \u00e9 nascido da carne \u00e9 carne, e o que \u00e9 nascido do Esp\u00edrito \u00e9 esp\u00edrito. 7 N\u00e3o te maravilhes de te ter dito: Necess\u00e1rio vos \u00e9 nascer de novo.<br \/>\n\n\n\n\n<h2 class=\"wp-block-heading\">O que o apocalipse fala sobre o inferno?<\/h2>\n\n\n\n<h2 class=\"wp-block-heading\">O que a B\u00edblia nos diz sobre o inferno?<\/h2>\n\n\n<p><\/p>A B\u00edblia menciona que o inferno, ou o lago de fogo, foi preparado para o diabo e seus anjos. Essa ideia \u00e9 encontrada em Mateus 25:41, onde Jesus diz: &#8220;Ent\u00e3o dir\u00e1 tamb\u00e9m aos que estiverem \u00e0 sua esquerda: Apartai-vos de mim, malditos, para o fogo eterno, preparado para o diabo e seus anjos.&#8221;<br \/>\n\n\n\n\n<h2 class=\"wp-block-heading\">O que est\u00e1 escrito em Apocalipse 18:11?<\/h2>\n\n\n<p><\/p>18 E iraram-se as na\u00e7\u00f5es, e veio a tua ira, e o tempo dos mortos, para que sejam julgados, e para dares o galard\u00e3o aos profetas, teus servos, e aos santos, e aos que temem o teu nome, a pequenos e a grandes, e para destruir os que destroem a terra.<br \/>\n\n\n\n\n<h2 class=\"wp-block-heading\">Quando o diabo ser\u00e1 solto?<\/h2>\n\n\n<p><\/p>\n\n<ul class=\"wp-block-list\">\n<li>Apocalipse 20:7-8 Nova B\u00edblia Viva Portugu\u00eas (NBV-P)<\/li>\n<li> Quando os mil anos terminarem, Satan\u00e1s ser\u00e1 solto da sua pris\u00e3o. E ele sair\u00e1 para enganar as na\u00e7\u00f5es do mundo e reuni-las para a batalha, juntamente com Gogue e Magogue \u2014 um ex\u00e9rcito poderoso, inumer\u00e1vel como a areia do mar.<\/li>\n<\/ul>\n\n\n\n\n<h2 class=\"wp-block-heading\">O que est\u00e1 escrito em Apocalipse 21:8?<\/h2>\n\n\n<p><\/p>8 Mas quanto aos t\u00edmidos, e aos incr\u00e9dulos, e aos abomin\u00e1veis, e aos homicidas, e aos fornicadores, e aos feiticeiros, e aos id\u00f3latras, e a todos os mentirosos, a sua parte ser\u00e1 no lago que arde com fogo e enxofre, que \u00e9 a segunda morte.<br \/>\n\n\n\n\n<h2 class=\"wp-block-heading\">Quem morre sem Jesus vai para o inferno?<\/h2>\n\n\n<p><\/p>Por outro lado, a pessoa que morre sem crer em Jesus ser\u00e1 separada definitivamente do Senhor. Quem morre nessa condi\u00e7\u00e3o vai para um lugar descrito como &#8220;Hades&#8221;, ou conforme algumas tradu\u00e7\u00f5es b\u00edblicas, &#8221; Inferno &#8221; (Lucas 16:23). Nesse lugar as pessoas est\u00e3o separadas de Deus (morte espiritual).<br \/>\n\n\n\n\n<h2 class=\"wp-block-heading\">O que diz Mateus 5:22?<\/h2>\n\n\n\n<h2 class=\"wp-block-heading\">O que Mateus 5:22 nos ensina?<\/h2>\n\n\n<p><\/p>\u00c9 o tempo de repararmos nossa vida, de corrigirmos nossas atitudes. \u201cEu por\u00e9m vos digo: Todo aquele que se encoleriza com seu irm\u00e3o ser\u00e1 r\u00e9u em ju\u00edzo; quem disser ao seu irm\u00e3o: &#8216;Patife! &#8216; ser\u00e1 condenado pelo tribunal; quem chamar o irm\u00e3o de &#8216;tolo&#8217; ser\u00e1 condenado ao fogo do inferno\u201d (Mateus 5,22).<br \/>\n\n\n\n\n<h2 class=\"wp-block-heading\">O que quer dizer ra\u00e7a em Mateus 5:22?<\/h2>\n\n\n<p><\/p>\n\n<ul class=\"wp-block-list\">\n<li>Rac\u00e1 provavelmente significa \u201ctolo\u201d ou \u201clouco\u201d.<\/li>\n<li> Rac\u00e1 \u00e9 uma palavra aramaica que era usada como insulto. Aparece apenas uma vez, em Mateus 5:22. Jesus estava explicando que a Lei de Deus era muito mais que obedecer a regras exteriores. Jesus n\u00e3o tinha vindo para abolira a Lei mas para a cumprir (Mateus 5:17-18).<\/li>\n<\/ul>\n\n\n\n\n<h2 class=\"wp-block-heading\">O que Jesus quis dizer no cap\u00edtulo 5 de Mateus?<\/h2>\n\n\n<p><\/p>Mateus 5:1\u201312 \u00e9 conhecido como as bem-aventuran\u00e7as, que vem de uma palavra latina que significa \u201cser aben\u00e7oado\u201d ou \u201cser feliz\u201d ( Mateus 5:3 , nota de rodap\u00e9 a). Nesses vers\u00edculos, Jesus identificou atributos que Ele e Seu Pai possuem e que levam \u00e0 verdadeira felicidade nesta vida e na vida futura.<br \/>\n\n\n","protected":false},"excerpt":{"rendered":"<p>Onde na B\u00edblia diz que o inferno existe? Onde a B\u00edblia fala sobre o inferno? A B\u00edblia menciona que o inferno, ou o lago de fogo, foi preparado para o diabo e seus anjos. Essa ideia \u00e9 encontrada em Mateus 25:41, onde Jesus diz: &#8220;Ent\u00e3o dir\u00e1 tamb\u00e9m aos que estiverem \u00e0 sua esquerda: Apartai-vos de [&hellip;]<\/p>\n","protected":false},"author":2,"featured_media":0,"comment_status":"open","ping_status":"closed","sticky":false,"template":"","format":"standard","meta":{"footnotes":""},"categories":[1],"tags":[],"class_list":["post-20239","post","type-post","status-publish","format-standard","hentry","category-conteudo"],"_links":{"self":[{"href":"https:\/\/ammabarbacena.com.br\/perguntas-frequentes\/wp-json\/wp\/v2\/posts\/20239","targetHints":{"allow":["GET"]}}],"collection":[{"href":"https:\/\/ammabarbacena.com.br\/perguntas-frequentes\/wp-json\/wp\/v2\/posts"}],"about":[{"href":"https:\/\/ammabarbacena.com.br\/perguntas-frequentes\/wp-json\/wp\/v2\/types\/post"}],"author":[{"embeddable":true,"href":"https:\/\/ammabarbacena.com.br\/perguntas-frequentes\/wp-json\/wp\/v2\/users\/2"}],"replies":[{"embeddable":true,"href":"https:\/\/ammabarbacena.com.br\/perguntas-frequentes\/wp-json\/wp\/v2\/comments?post=20239"}],"version-history":[{"count":1,"href":"https:\/\/ammabarbacena.com.br\/perguntas-frequentes\/wp-json\/wp\/v2\/posts\/20239\/revisions"}],"predecessor-version":[{"id":20240,"href":"https:\/\/ammabarbacena.com.br\/perguntas-frequentes\/wp-json\/wp\/v2\/posts\/20239\/revisions\/20240"}],"wp:attachment":[{"href":"https:\/\/ammabarbacena.com.br\/perguntas-frequentes\/wp-json\/wp\/v2\/media?parent=20239"}],"wp:term":[{"taxonomy":"category","embeddable":true,"href":"https:\/\/ammabarbacena.com.br\/perguntas-frequentes\/wp-json\/wp\/v2\/categories?post=20239"},{"taxonomy":"post_tag","embeddable":true,"href":"https:\/\/ammabarbacena.com.br\/perguntas-frequentes\/wp-json\/wp\/v2\/tags?post=20239"}],"curies":[{"name":"wp","href":"https:\/\/api.w.org\/{rel}","templated":true}]}}