{"id":20237,"date":"2025-08-07T11:59:31","date_gmt":"2025-08-07T11:59:31","guid":{"rendered":"http:\/\/fe2832ad-e6cd-4871-8621-002e399c3f53"},"modified":"2025-08-07T11:59:31","modified_gmt":"2025-08-07T11:59:31","slug":"quanto-tempo-apos-o-covid-pode-tomar-a-vacina","status":"publish","type":"post","link":"https:\/\/ammabarbacena.com.br\/perguntas-frequentes\/quanto-tempo-apos-o-covid-pode-tomar-a-vacina\/","title":{"rendered":"Quanto tempo ap\u00f3s o covid pode tomar a vacina"},"content":{"rendered":"\n\n<h2 class=\"wp-block-heading\">Quanto tempo ap\u00f3s ter covid pode tomar vacina?<\/h2>\n\nQuanto tempo devo esperar para tomar a vacina depois de ter tido covid-19? A pessoa que teve covid-19 e tem indica\u00e7\u00e3o de se vacinar deve esperar 30 dias, ou seja, quatro semanas para receber a dose da vacina contra a doen\u00e7a.<br \/>\n\n\n\n\n<h2 class=\"wp-block-heading\">Quantos dias ap\u00f3s ter covid posso tomar a vacina?<\/h2>\n\n\n<p><\/p>Quanto tempo devo esperar para tomar a vacina depois de ter tido covid-19? A pessoa que teve covid-19 e tem indica\u00e7\u00e3o de se vacinar deve esperar 30 dias, ou seja, quatro semanas para receber a dose da vacina contra a doen\u00e7a.<br \/>\n\n\n\n\n<h2 class=\"wp-block-heading\">Qual o sintoma da covid depois da vacina?<\/h2>\n\n\n<p><\/p>Fadiga que interfere na realiza\u00e7\u00e3o de tarefas do dia a dia e falta de ar s\u00e3o os principais inc\u00f4modos relatados, al\u00e9m de tosse, dor no peito, palpita\u00e7\u00e3o, tontura e altera\u00e7\u00f5es no olfato e\/ou paladar.<br \/>\n\n\n\n\n<h2 class=\"wp-block-heading\">Quem teve covid tem que esperar quanto tempo para tomar a vacina da gripe?<\/h2>\n\nComo a piora cl\u00ednica pode ocorrer at\u00e9 duas semanas ap\u00f3s a infec\u00e7\u00e3o, a vacina\u00e7\u00e3o deve ser adiada at\u00e9 a recupera\u00e7\u00e3o total do quadro respirat\u00f3rio e pelo menos quatro semanas ap\u00f3s o in\u00edcio dos sintomas ou quatro semanas a partir da primeira amostra de teste PCR positiva em pessoas assintom\u00e1ticas.<br \/>\n\n\n\n\n<h2 class=\"wp-block-heading\">Quanto tempo ap\u00f3s a Covid pode tomar vacina?<\/h2>\n\n\n<p><\/p>Quanto tempo devo esperar para tomar a vacina depois de ter tido covid-19? A pessoa que teve covid-19 e tem indica\u00e7\u00e3o de se vacinar deve esperar 30 dias, ou seja, quatro semanas para receber a dose da vacina contra a doen\u00e7a.<br \/>\n\n\n\n\n<h2 class=\"wp-block-heading\">Quanto tempo tem que esperar para tomar a vacina da gripe?<\/h2>\n\n\n<p><\/p>Para crian\u00e7as entre 6 meses a 8 anos, 11 meses e 29 dias, na primeira vacina\u00e7\u00e3o, recomendam-se duas doses, com intervalo de 30 dias entre elas.<br \/>\n\n\n\n\n<h2 class=\"wp-block-heading\">Qual o intervalo recomendado entre as vacinas contra gripe e Covid?<\/h2>\n\n\n<p><\/p>Por esse motivo, por precau\u00e7\u00e3o, a recomenda\u00e7\u00e3o inicial de autoridades reguladoras, programas nacionais de vacina\u00e7\u00e3o, e da Organiza\u00e7\u00e3o Mundial da Sa\u00fade (OMS) foi de respeitar um intervalo de tempo de 14 dias entre a administra\u00e7\u00e3o de uma vacina contra a Covid e qualquer outra vacina.<br \/>\n\n\n\n\n<h2 class=\"wp-block-heading\">Quem teve covid pode tomar vacina da gripe?<\/h2>\n\n\n<p><\/p>Cidad\u00e3os que testaram positivo para Covid-19 ou est\u00e3o com suspeita da infec\u00e7\u00e3o devem esperar para receber o imunizante contra a gripe.<br \/>\n\n\n\n\n<h2 class=\"wp-block-heading\">Quem est\u00e1 com covid pode tomar a vacina?<\/h2>\n\nPosso tomar vacina contra a covid -19, se estiver gripado? Depende! Para imunizar-se contra a covid -19, seja para a primeira, segunda ou terceira dose, \u00e9 necess\u00e1rio esperar que o quadro agudo com febre se resolva, ou seja, que a febre tenha desaparecido para seguir com o esquema de vacina\u00e7\u00e3o.<br \/>\n\n\n\n\n<h2 class=\"wp-block-heading\">Quem est\u00e1 com covid pode vacinar?<\/h2>\n\n\n<p><\/p>Posso tomar vacina contra a covid-19, se estiver gripado? Depende! Para imunizar-se contra a covid-19, seja para a primeira, segunda ou terceira dose, \u00e9 necess\u00e1rio esperar que o quadro agudo com febre se resolva, ou seja, que a febre tenha desaparecido para seguir com o esquema de vacina\u00e7\u00e3o.<br \/>\n\n\n\n\n<h2 class=\"wp-block-heading\">Quando n\u00e3o se deve tomar a vacina da Covid?<\/h2>\n\n\n<p><\/p>Apenas os indiv\u00edduos com formas graves de alergia ao ovo, como urtic\u00e1ria e rea\u00e7\u00f5es anafil\u00e1ticas, n\u00e3o devem receber as vacinas que possuem esse componente. \u00c9 importante consultar um m\u00e9dico, pois s\u00f3 ele pode definir se h\u00e1 contraindica\u00e7\u00e3o \u00e0 vacina\u00e7\u00e3o.<br \/>\n\n\n\n\n<h2 class=\"wp-block-heading\">Quem pegou covid pode tomar vacina da gripe?<\/h2>\n\n\n<p><\/p>Cidad\u00e3os que testaram positivo para Covid-19 ou est\u00e3o com suspeita da infec\u00e7\u00e3o devem esperar para receber o imunizante contra a gripe.<br \/>\n\n\n\n\n<h2 class=\"wp-block-heading\">Quanto tempo ap\u00f3s ter covid pode tomar a vacina?<\/h2>\n\n\n<p><\/p>Em todos os locais de vacina\u00e7\u00e3o h\u00e1 um respons\u00e1vel t\u00e9cnico. 3- Quem teve covid-19, poder\u00e1 tomar a vacina? Sim, desde que passados 30 dias ap\u00f3s o desaparecimento dos sintomas ou, no caso de assintom\u00e1ticos, do exame que confirmou a contamina\u00e7\u00e3o.<br \/>\n\n\n\n\n<h2 class=\"wp-block-heading\">Quais s\u00e3o os sintomas da covid em pessoas vacinadas?<\/h2>\n\n\n<p><\/p>No Brasil, um estudo da Fiocruz Minas constatou que esse problema chega a afetar 50,2% da popula\u00e7\u00e3o que j\u00e1 teve covid. Fadiga que interfere na realiza\u00e7\u00e3o de tarefas do dia a dia e falta de ar s\u00e3o os principais inc\u00f4modos relatados, al\u00e9m de tosse, dor no peito, palpita\u00e7\u00e3o, tontura e altera\u00e7\u00f5es no olfato e\/ou paladar.<br \/>\n\n\n\n\n<h2 class=\"wp-block-heading\">Qual o intervalo recomendado entre a vacina\u00e7\u00e3o contra a Covid e a gripe?<\/h2>\n\nPor esse motivo, por precau\u00e7\u00e3o, a recomenda\u00e7\u00e3o inicial de autoridades reguladoras, programas nacionais de vacina\u00e7\u00e3o, e da Organiza\u00e7\u00e3o Mundial da Sa\u00fade (OMS) foi de respeitar um intervalo de tempo de 14 dias entre a administra\u00e7\u00e3o de uma vacina contra a Covid e qualquer outra vacina.<br \/>\n\n\n\n\n<h2 class=\"wp-block-heading\">Quanto tempo depois do covid pode tomar vacina gripe?<\/h2>\n\n\n<p><\/p>Como a piora cl\u00ednica pode ocorrer at\u00e9 duas semanas ap\u00f3s a infec\u00e7\u00e3o, a vacina\u00e7\u00e3o deve ser adiada at\u00e9 a recupera\u00e7\u00e3o total do quadro respirat\u00f3rio e pelo menos quatro semanas ap\u00f3s o in\u00edcio dos sintomas ou quatro semanas a partir da primeira amostra de teste PCR positiva em pessoas assintom\u00e1ticas.<br \/>\n\n\n\n\n<h2 class=\"wp-block-heading\">Quanto tempo devo esperar entre uma vacina e outra?<\/h2>\n\n\n<p><\/p>Podem ser aplicadas no mesmo dia ou com intervalo m\u00ednimo de quatro semanas entre as doses.<br \/>\n\n\n\n\n<h2 class=\"wp-block-heading\">Posso tomar a vacina contra a covid-19 se estiver gripado?<\/h2>\n\n\n<p><\/p>J\u00e1 quem est\u00e1 com s\u00edndrome gripal deve aguardar 10 dias para se vacinar. O Departamento ressalta que tomar as tr\u00eas doses \u00e9 essencial para evitar a contamina\u00e7\u00e3o, principalmente da nova variante \u00f4micron que, segundo os primeiros estudos, derruba a taxa de efic\u00e1cia de quem tomou apenas as duas doses iniciais.<br \/>\n\n\n\n\n<h2 class=\"wp-block-heading\">Qual o intervalo para tomar a vacina contra a Covid?<\/h2>\n\n\n<p><\/p>Coronavac: 15 dias ap\u00f3s a 1\u00aa dose. AstraZeneca: Oito semanas (56 dias) ap\u00f3s a 1\u00aa dose. (Excepcionalmente, na aus\u00eancia da AstraZeneca, podem ser utilizadas as vacinas da Pfizer para a aplica\u00e7\u00e3o da segunda dose). Pfizer: 21 dias ap\u00f3s a 1\u00aa dose.<br \/>\n\n\n\n\n<h2 class=\"wp-block-heading\">Quais s\u00e3o as vacinas contra a Covid e a gripe?<\/h2>\n\n\n<p><\/p>O outono \u00e9 a esta\u00e7\u00e3o do ano em que se registra o maior n\u00famero de casos de influenza, o que aumenta a import\u00e2ncia de se tomar a vacina da gripe. Embora n\u00e3o proteja contra a Covid-19, esta imuniza\u00e7\u00e3o reduz as chances de coinfec\u00e7\u00e3o respirat\u00f3ria, ou seja, de uma pessoa ter as duas infec\u00e7\u00f5es ao mesmo tempo.<br \/>\n\n\n\n\n<h2 class=\"wp-block-heading\">Quanto tempo ap\u00f3s gripe pode tomar vacina?<\/h2>\n\nQuanto tempo depois que testei positivo para influenza posso receber a vacina da gripe? Recomenda-se aguardar 30 dias ap\u00f3s o in\u00edcio dos sintomas de gripe. Caso a vacina\u00e7\u00e3o seja realizada em vig\u00eancia de uma infec\u00e7\u00e3o muito branda ou n\u00e3o diagnosticada, n\u00e3o h\u00e1 motivos para preocupa\u00e7\u00e3o ou revacina\u00e7\u00e3o.<br \/>\n\n\n\n\n<h2 class=\"wp-block-heading\">Quando n\u00e3o devemos tomar a vacina da gripe?<\/h2>\n\n\n<p><\/p>Caso esteja gripado ou com s\u00edndrome respirat\u00f3ria, n\u00e3o se deve tomar a vacina, para que n\u00e3o se confunda a doen\u00e7a com eventual rea\u00e7\u00e3o do imunizante. A orienta\u00e7\u00e3o \u00e9 aguardar os sintomas passarem, para, ent\u00e3o, se vacinar.<br \/>\n\n\n\n\n<h2 class=\"wp-block-heading\">Qual deve ser o intervalo recomendado para vacinas?<\/h2>\n\n\n<p><\/p>Respeitar intervalo m\u00ednimo de 30 dias, entre a dose e o refor\u00e7o.<br \/>\n\n\n\n\n<h2 class=\"wp-block-heading\">\u00c9 verdade que a vacina da gripe d\u00e1 gripe?<\/h2>\n\n\n<p><\/p>Al\u00e9m disso, a vacina tem efic\u00e1cia de at\u00e9 60% contra os principais sintomas da gripe, como febre, mal estar, dor de garganta e sintomas respirat\u00f3rios. Portanto, \u00e9 falso dizer que a vacina n\u00e3o protege da doen\u00e7a.<br \/>\n\n\n\n\n<h2 class=\"wp-block-heading\">Quantos dias ap\u00f3s ter febre pode tomar vacina?<\/h2>\n\n\n<p><\/p>A recomenda\u00e7\u00e3o do Minist\u00e9rio da Sa\u00fade \u00e9 que, na presen\u00e7a de doen\u00e7a febril grave, adie-se a vacina at\u00e9 a resolu\u00e7\u00e3o do quadro. O motivo \u00e9 que se torna mais dif\u00edcil observar as rea\u00e7\u00f5es do imunizante quando j\u00e1 existe um quadro de febre instalado. Nesse caso, indica-se aguardar 48h sem febre.<br \/>\n\n\n\n\n<h2 class=\"wp-block-heading\">Quem tomou a bivalente pode tomar novamente?<\/h2>\n\nQuem tomou a vacina h\u00e1 seis meses ou mais precisa fazer um refor\u00e7o, tomar novamente a vacina bivalente. Lembrando que s\u00e3o para apenas esses dois grupos que existe essa recomenda\u00e7\u00e3o\u201d.<br \/>\n\n\n\n\n<h2 class=\"wp-block-heading\">Quem j\u00e1 tomou a vacina bivalente precisa tomar de novo?<\/h2>\n\n\n<p><\/p>Quem tomou a vacina h\u00e1 seis meses ou mais precisa fazer um refor\u00e7o, tomar novamente a vacina bivalente. Lembrando que s\u00e3o para apenas esses dois grupos que existe essa recomenda\u00e7\u00e3o\u201d.<br \/>\n\n\n\n\n<h2 class=\"wp-block-heading\">Tem refor\u00e7o da vacina bivalente?<\/h2>\n\n\n<p><\/p>A Secretaria Municipal da Sa\u00fade comunica que trabalhadores da sa\u00fade, pessoas entre 12 e 59 anos com comorbidades e pessoas com defici\u00eancia permanente a partir de 12 anos de idade podem receber a dose de refor\u00e7o com a vacina Covid 19 Pfizer bivalente.<br \/>\n\n\n\n\n<h2 class=\"wp-block-heading\">Qual o intervalo para tomar a vacina bivalente?<\/h2>\n\n\n<p><\/p>Pessoas imunocomprometidas que nunca foram vacinadas (NENHUMA DOSE), DEVER\u00c3O receber tr\u00eas doses da vacina COVID-19 (monovalente ou bivalente) com intervalo de 4 semanas entre a primeira e a segunda dose, e 8 semanas entre a segunda e terceira dose (esquema prim\u00e1rio do imunocomprometido).<br \/>\n\n\n\n\n<h2 class=\"wp-block-heading\">Quais s\u00e3o os efeitos colaterais da vacina bivalente contra covid da Pfizer?<\/h2>\n\n\n<p><\/p>Dos problemas de sa\u00fade mencionados na postagem, apenas tr\u00eas aparecem efetivamente na bula da vacina da farmac\u00eautica utilizada no Brasil: miocardite (infec\u00e7\u00e3o das fibras do cora\u00e7\u00e3o), pericardite (inflama\u00e7\u00e3o do revestimento externo do cora\u00e7\u00e3o) e paralisia facial aguda.<br \/>\n\n\n\n\n<h2 class=\"wp-block-heading\">Qual a validade da vacina bivalente?<\/h2>\n\n\n<p><\/p>O prazo de validade \u00e9 de 24 meses e foi aprovado pela ANVISA com base em dados que demostram a estabilidade destas vacinas. Para as vacinas bivalentes de APRESENTA\u00c7\u00c3O TAMPA CINZA 12 anos ou mais, n\u00e3o diluir poder\u00e1 vir com duas rotulagens diferentes a depender da sua f\u00e1brica de origem.<br \/>\n\n\n","protected":false},"excerpt":{"rendered":"<p>Quanto tempo ap\u00f3s ter covid pode tomar vacina? Quanto tempo devo esperar para tomar a vacina depois de ter tido covid-19? A pessoa que teve covid-19 e tem indica\u00e7\u00e3o de se vacinar deve esperar 30 dias, ou seja, quatro semanas para receber a dose da vacina contra a doen\u00e7a. Quantos dias ap\u00f3s ter covid posso [&hellip;]<\/p>\n","protected":false},"author":2,"featured_media":0,"comment_status":"open","ping_status":"closed","sticky":false,"template":"","format":"standard","meta":{"footnotes":""},"categories":[1],"tags":[],"class_list":["post-20237","post","type-post","status-publish","format-standard","hentry","category-conteudo"],"_links":{"self":[{"href":"https:\/\/ammabarbacena.com.br\/perguntas-frequentes\/wp-json\/wp\/v2\/posts\/20237","targetHints":{"allow":["GET"]}}],"collection":[{"href":"https:\/\/ammabarbacena.com.br\/perguntas-frequentes\/wp-json\/wp\/v2\/posts"}],"about":[{"href":"https:\/\/ammabarbacena.com.br\/perguntas-frequentes\/wp-json\/wp\/v2\/types\/post"}],"author":[{"embeddable":true,"href":"https:\/\/ammabarbacena.com.br\/perguntas-frequentes\/wp-json\/wp\/v2\/users\/2"}],"replies":[{"embeddable":true,"href":"https:\/\/ammabarbacena.com.br\/perguntas-frequentes\/wp-json\/wp\/v2\/comments?post=20237"}],"version-history":[{"count":1,"href":"https:\/\/ammabarbacena.com.br\/perguntas-frequentes\/wp-json\/wp\/v2\/posts\/20237\/revisions"}],"predecessor-version":[{"id":20238,"href":"https:\/\/ammabarbacena.com.br\/perguntas-frequentes\/wp-json\/wp\/v2\/posts\/20237\/revisions\/20238"}],"wp:attachment":[{"href":"https:\/\/ammabarbacena.com.br\/perguntas-frequentes\/wp-json\/wp\/v2\/media?parent=20237"}],"wp:term":[{"taxonomy":"category","embeddable":true,"href":"https:\/\/ammabarbacena.com.br\/perguntas-frequentes\/wp-json\/wp\/v2\/categories?post=20237"},{"taxonomy":"post_tag","embeddable":true,"href":"https:\/\/ammabarbacena.com.br\/perguntas-frequentes\/wp-json\/wp\/v2\/tags?post=20237"}],"curies":[{"name":"wp","href":"https:\/\/api.w.org\/{rel}","templated":true}]}}