{"id":19867,"date":"2025-08-07T08:27:39","date_gmt":"2025-08-07T08:27:39","guid":{"rendered":"http:\/\/2f5b6447-6aa6-4597-ab83-14b1048a0adf"},"modified":"2025-08-07T08:27:39","modified_gmt":"2025-08-07T08:27:39","slug":"quanto-tempo-apos-cesarea-pode-lavar-o-cabelo","status":"publish","type":"post","link":"https:\/\/ammabarbacena.com.br\/perguntas-frequentes\/quanto-tempo-apos-cesarea-pode-lavar-o-cabelo\/","title":{"rendered":"Quanto tempo ap\u00f3s ces\u00e1rea pode lavar o cabelo"},"content":{"rendered":"\n\n<h2 class=\"wp-block-heading\">Pode lavar o cabelo no resguardo da ces\u00e1rea?<\/h2>\n\nMITO. N\u00e3o h\u00e1 nada que impe\u00e7a lavar a cabe\u00e7a e os cabelos depois do parto. Esse \u00e9 um grande mito. A mulher n\u00e3o ter\u00e1 nenhum preju\u00edzo para sua sa\u00fade realizando esse cuidado de higiene pessoal, inclusive, pode lavar a cabe\u00e7a logo ap\u00f3s o parto.<br \/>\n\n\n\n\n<h2 class=\"wp-block-heading\">Quando pode lavar o cabelo no resguardo?<\/h2>\n\n\n<p class=\"wp-block-paragraph\"><\/p>A mulher n\u00e3o pode lavar o cabelo nos primeiros dias da quarentena. Isso \u00e9 um dos grande mitos sobre resguardo! N\u00e3o h\u00e1 problema em lavar os cabelos. A lavagem pode ser feita j\u00e1 no primeiro dia do p\u00f3s-parto, inclusive.<br \/>\n\n\n\n\n<h2 class=\"wp-block-heading\">Quanto tempo fica sem lavar o cabelo no resguardo?<\/h2>\n\nA mulher n\u00e3o pode lavar o cabelo nos primeiros dias da quarentena. Isso \u00e9 um dos grande mitos sobre resguardo! N\u00e3o h\u00e1 problema em lavar os cabelos. A lavagem pode ser feita j\u00e1 no primeiro dia do p\u00f3s-parto, inclusive.<br \/>\n\n\n\n\n<h2 class=\"wp-block-heading\">O que acontece se lavar o cabelo no resguardo?<\/h2>\n\n\n<p class=\"wp-block-paragraph\"><\/p>A mulher n\u00e3o pode lavar a cabe\u00e7a durante o resguardo? Mito! Antigamente se acreditava em uma cren\u00e7a de que o sangramento poderia reverter da vagina para a cabe\u00e7a, deixando a mulher louca, o que n\u00e3o passa de um mito popular. No resguardo n\u00e3o h\u00e1 problema nenhum em manter a higiene em dia lavando os cabelos.<br \/>\n\n\n\n\n<h2 class=\"wp-block-heading\">Quanto tempo ap\u00f3s o parto a mulher pode lavar o cabelo?<\/h2>\n\n\n<p class=\"wp-block-paragraph\"><\/p>Isso \u00e9 um dos grande mitos sobre resguardo! N\u00e3o h\u00e1 problema em lavar os cabelos. A lavagem pode ser feita j\u00e1 no primeiro dia do p\u00f3s-parto, inclusive.<br \/>\n\n\n\n\n<h2 class=\"wp-block-heading\">O que n\u00e3o pode fazer no resguardo de parto ces\u00e1rea?<\/h2>\n\n\n\n<h2 class=\"wp-block-heading\">O que uma mulher de resguardo de ces\u00e1rea n\u00e3o pode fazer?<\/h2>\n\n\n<p class=\"wp-block-paragraph\"><\/p>Durante o resguardo, principalmente de uma cesariana, o sistema imunol\u00f3gico pode estar um pouco enfraquecido. Portanto, \u00e9 aconselh\u00e1vel evitar lugares com aglomera\u00e7\u00e3o de pessoas, como shoppings, eventos de grande porte e transporte p\u00fablico, para minimizar o risco de exposi\u00e7\u00e3o a infec\u00e7\u00f5es.<br \/>\n\n\n\n\n<h2 class=\"wp-block-heading\">Quantos dias ap\u00f3s cirurgia pode lavar o cabelo?<\/h2>\n\n\n\n<h2 class=\"wp-block-heading\">Quantos dias depois de uma cirurgia pode lavar o cabelo?<\/h2>\n\n\n<p class=\"wp-block-paragraph\"><\/p>\u2013 \u00c9 permitido lavar os cabelos 3 dias ap\u00f3s a cirurgia, preferencialmente em sal\u00e3o de beleza.<br \/>\n\n\n\n\n<h2 class=\"wp-block-heading\">Qual \u00e9 o m\u00e1ximo de dias que pode ficar sem lavar o cabelo?<\/h2>\n\n\n<p class=\"wp-block-paragraph\"><\/p>Lav\u00e1-lo com muita frequ\u00eancia pode agravar isso, ent\u00e3o cabelos grossos e cacheados geralmente n\u00e3o precisam ser lavados diariamente ou mesmo semanalmente. Mas voc\u00ea deve lav\u00e1-lo pelo menos a cada duas ou tr\u00eas semanas para manter o couro cabeludo e o cabelo limpos e saud\u00e1veis.<br \/>\n\n\n\n\n<h2 class=\"wp-block-heading\">Quantos dias esperar para lavar o cabelo?<\/h2>\n\n\n<p class=\"wp-block-paragraph\"><\/p>A frequ\u00eancia ideal para lavar o cabelo varia de acordo com o tipo e as atividades di\u00e1rias. Pessoas com cabelos oleosos ou que praticam atividades f\u00edsicas todos os dias devem lav\u00e1-los com mais frequ\u00eancia, enquanto aquelas com cabelos secos podem espa\u00e7ar um pouco mais as lavagens.<br \/>\n\n\n\n\n<h2 class=\"wp-block-heading\">Posso lavar o cabelo com ponto na cabe\u00e7a?<\/h2>\n\n\n<p class=\"wp-block-paragraph\"><\/p>Se voc\u00ea tiver pontos, \u00e9 seguro lavar com cuidado, mas n\u00e3o coloque a cabe\u00e7a completamente debaixo d&#8217;\u00e1gua at\u00e9 que os pontos sejam removidos.<br \/>\n\n\n\n\n<h2 class=\"wp-block-heading\">Quanto tempo depois da ces\u00e1rea posso lavar lou\u00e7a?<\/h2>\n\nQuantos dias ap\u00f3s o parto ces\u00e1rea pode varrer o ch\u00e3o, lavar lou\u00e7a, cozinhar e fazer tarefas dom\u00e9sticas em geral? Tarefas dom\u00e9sticas leves podem ser retomadas gradualmente ap\u00f3s cerca de 30 dias, mas \u00e9 importante evitar esfor\u00e7os f\u00edsicos intensos por pelo menos 4 a 6 semanas.<br \/>\n\n\n\n\n<h2 class=\"wp-block-heading\">Quantos dias ap\u00f3s ces\u00e1rea pode lavar louca?<\/h2>\n\n\n<p class=\"wp-block-paragraph\"><\/p>Quantos dias ap\u00f3s ces\u00e1rea pode varrer o ch\u00e3o, lavar lou\u00e7a, cozinhar, fazer tarefas dom\u00e9sticas em geral? Tarefas dom\u00e9sticas leves podem ser retomadas gradualmente ap\u00f3s cerca de 30 dias, mas \u00e9 importante evitar esfor\u00e7os f\u00edsicos intensos por pelo menos 4 a 6 semanas.<br \/>\n\n\n\n\n<h2 class=\"wp-block-heading\">Quem fez ces\u00e1rea pode ficar perto do fog\u00e3o?<\/h2>\n\n\n<p class=\"wp-block-paragraph\"><\/p>Definitivamente, para a cirurgia bari\u00e1trica, n\u00e3o h\u00e1 qualquer problema cozinhar ou chegar perto do fog\u00e3o assim que chegar em casa retornando da cirurgia. N\u00e3o h\u00e1 um fundamento cient\u00edfico que explique tal restri\u00e7\u00e3o.<br \/>\n\n\n\n\n<h2 class=\"wp-block-heading\">Quantos dias ap\u00f3s a ces\u00e1rea posso me abaixar?<\/h2>\n\n\n<p class=\"wp-block-paragraph\"><\/p>O repouso deve ser absoluto nos primeiros 5 dias depois do parto ces\u00e1ria. Ap\u00f3s o per\u00edodo, a mulher pode come\u00e7ar, gradualmente, a fazer mais movimentos, mas tudo sem muito esfor\u00e7o. A retomada total da rotina costuma ocorrer depois do 45\u00ba dia.<br \/>\n\n\n\n\n<h2 class=\"wp-block-heading\">Quanto tempo os \u00f3rg\u00e3os voltam ao normal depois do parto ces\u00e1rea?<\/h2>\n\n\n\n<h2 class=\"wp-block-heading\">Quanto tempo leva para a barriga voltar ao normal ap\u00f3s uma ces\u00e1rea?<\/h2>\n\n\n<p class=\"wp-block-paragraph\"><\/p>Para a maioria das mulheres, leva meses para se livrar da barriguinha de gr\u00e1vida &#8212; e, \u00e0s vezes, ela simplesmente n\u00e3o vai embora. Em primeiro lugar, tenha paci\u00eancia. Se levou 9 meses para a barriga esticar, \u00e9 justo que leve outros 9 meses ou um pouco mais para ela voltar ao tamanho normal.<br \/>\n\n\n\n\n<h2 class=\"wp-block-heading\">Quais s\u00e3o as sequelas de uma cesariana?<\/h2>\n\n\n<p class=\"wp-block-paragraph\"><\/p>O parto cesariana foi associado a: maior risco de infec\u00e7\u00e3o p\u00f3s-parto, infec\u00e7\u00e3o urin\u00e1ria, cefaleia, dor e complica\u00e7\u00f5es da anestesia ; e, diferentemente do esperado, n\u00e3o foi fator de prote\u00e7\u00e3o contra complica\u00e7\u00f5es tardias, como incontin\u00eancia urin\u00e1ria e fecal, cistocele e prolapso de \u00fatero.<br \/>\n\n\n\n\n<h2 class=\"wp-block-heading\">Como ficam os \u00f3rg\u00e3os depois da ces\u00e1rea?<\/h2>\n\n\n<p class=\"wp-block-paragraph\"><\/p>A cicatriz costuma ficar avermelhada durante alguns meses, tornando-se mais clara ao fim de 6 meses a 1 ano, dependendo do seu tipo de pele e gen\u00e9tica. S\u00e3o raras as complica\u00e7\u00f5es associadas \u00e0 cesariana no entanto podem surgir hematomas, seromas, infe\u00e7\u00e3o ou deiscencia da sutura.<br \/>\n\n\n\n\n<h2 class=\"wp-block-heading\">Como posso perder barriga de forma saud\u00e1vel ap\u00f3s uma cesariana?<\/h2>\n\n\n<p class=\"wp-block-paragraph\"><\/p>\n\n<ul class=\"wp-block-list\">\n<li>Defina metas realistas. &#8230;<\/li>\n<li>Recupere a sua forma f\u00edsica com uma alimenta\u00e7\u00e3o nutritiva. &#8230;<\/li>\n<li>Hidrate-se bem. &#8230;<\/li>\n<li>Fa\u00e7a exerc\u00edcio moderado. &#8230;<\/li>\n<li>Fortalecimento abd\u00f3men e recupera\u00e7\u00e3o de di\u00e1stase abdominal. &#8230;<\/li>\n<li>Para perder peso p\u00f3s -parto, durma bem!<\/li>\n<\/ul>\n\n\n","protected":false},"excerpt":{"rendered":"<p>Pode lavar o cabelo no resguardo da ces\u00e1rea? MITO. N\u00e3o h\u00e1 nada que impe\u00e7a lavar a cabe\u00e7a e os cabelos depois do parto. Esse \u00e9 um grande mito. A mulher n\u00e3o ter\u00e1 nenhum preju\u00edzo para sua sa\u00fade realizando esse cuidado de higiene pessoal, inclusive, pode lavar a cabe\u00e7a logo ap\u00f3s o parto. Quando pode lavar [&hellip;]<\/p>\n","protected":false},"author":2,"featured_media":0,"comment_status":"open","ping_status":"closed","sticky":false,"template":"","format":"standard","meta":{"footnotes":""},"categories":[1],"tags":[],"class_list":["post-19867","post","type-post","status-publish","format-standard","hentry","category-conteudo"],"_links":{"self":[{"href":"https:\/\/ammabarbacena.com.br\/perguntas-frequentes\/wp-json\/wp\/v2\/posts\/19867","targetHints":{"allow":["GET"]}}],"collection":[{"href":"https:\/\/ammabarbacena.com.br\/perguntas-frequentes\/wp-json\/wp\/v2\/posts"}],"about":[{"href":"https:\/\/ammabarbacena.com.br\/perguntas-frequentes\/wp-json\/wp\/v2\/types\/post"}],"author":[{"embeddable":true,"href":"https:\/\/ammabarbacena.com.br\/perguntas-frequentes\/wp-json\/wp\/v2\/users\/2"}],"replies":[{"embeddable":true,"href":"https:\/\/ammabarbacena.com.br\/perguntas-frequentes\/wp-json\/wp\/v2\/comments?post=19867"}],"version-history":[{"count":1,"href":"https:\/\/ammabarbacena.com.br\/perguntas-frequentes\/wp-json\/wp\/v2\/posts\/19867\/revisions"}],"predecessor-version":[{"id":19868,"href":"https:\/\/ammabarbacena.com.br\/perguntas-frequentes\/wp-json\/wp\/v2\/posts\/19867\/revisions\/19868"}],"wp:attachment":[{"href":"https:\/\/ammabarbacena.com.br\/perguntas-frequentes\/wp-json\/wp\/v2\/media?parent=19867"}],"wp:term":[{"taxonomy":"category","embeddable":true,"href":"https:\/\/ammabarbacena.com.br\/perguntas-frequentes\/wp-json\/wp\/v2\/categories?post=19867"},{"taxonomy":"post_tag","embeddable":true,"href":"https:\/\/ammabarbacena.com.br\/perguntas-frequentes\/wp-json\/wp\/v2\/tags?post=19867"}],"curies":[{"name":"wp","href":"https:\/\/api.w.org\/{rel}","templated":true}]}}