{"id":1968,"date":"2025-07-17T04:37:31","date_gmt":"2025-07-17T04:37:31","guid":{"rendered":"http:\/\/db693cdd-4ce5-45fc-8158-994e82b61050"},"modified":"2025-07-17T04:37:31","modified_gmt":"2025-07-17T04:37:31","slug":"o-que-e-anamnese-ocupacional","status":"publish","type":"post","link":"https:\/\/ammabarbacena.com.br\/perguntas-frequentes\/o-que-e-anamnese-ocupacional\/","title":{"rendered":"O que \u00e9 anamnese ocupacional"},"content":{"rendered":"\n\n<h2 class=\"wp-block-heading\">O que se avalia na anamnese?<\/h2>\n\n&#8211; Devem constar dados sobre doen\u00e7as pr\u00e9vias, traumatismos, gesta\u00e7\u00f5es e partos, ciriugias, hospitaliza\u00e7\u00f5es, exames laboratoriais realizados, uso de medicamentos, tabagismo, etilismo, uso de t\u00f3xicos, fatores de risco, imuniza\u00e7\u00f5es, sono e h\u00e1bitos alimentares, entre outros.<br \/>\n\n\n\n\n<h2 class=\"wp-block-heading\">O que deve ser avaliado na anamnese?<\/h2>\n\n\n<p><\/p>\n\n<ul class=\"wp-block-list\">\n<li>Identifica\u00e7\u00e3o.<\/li>\n<li>Queixa Principal (QP)<\/li>\n<li>Hist\u00f3ria da Mol\u00e9stia Atual (HMA)<\/li>\n<li>Revis\u00e3o de Sistemas.<\/li>\n<li>Hist\u00f3ria Patol\u00f3gica Pregressa.<\/li>\n<li>Hist\u00f3ria Familiar.<\/li>\n<li>Hist\u00f3ria Social\/ H\u00e1bitos de vida.<\/li>\n<\/ul>\n\n\n\n\n<h2 class=\"wp-block-heading\">Quais s\u00e3o as 5 etapas da anamnese?<\/h2>\n\n\n<p><\/p>\n\n<ul class=\"wp-block-list\">\n<li>Etapa 01: identifica\u00e7\u00e3o do paciente. &#8230;<\/li>\n<li>Etapa 02: entender a queixa principal. &#8230;<\/li>\n<li>Etapa 03: fazer o hist\u00f3rico dos sintomas atuais. &#8230;<\/li>\n<li>Etapa 04: resgatar o hist\u00f3rico cl\u00ednico do paciente. &#8230;<\/li>\n<li>Etapa 05: resgatar o hist\u00f3rico da fam\u00edlia.<\/li>\n<\/ul>\n\n\n\n\n<h2 class=\"wp-block-heading\">O que comp\u00f5e a anamnese?<\/h2>\n\n\n<p><\/p>A anamnese cl\u00e1ssica compreende os seguintes t\u00f3picos: Identifica\u00e7\u00e3o; Queixa principal; Hist\u00f3ria da doen\u00e7a atual (HDA);<br \/>\n\n\n\n\n<h2 class=\"wp-block-heading\">O que n\u00e3o pode faltar na ficha de anamnese?<\/h2>\n\n\n<p><\/p>A ficha de anamnese inclui quest\u00f5es detalhadas sobre a sa\u00fade geral do paciente, hist\u00f3rico de doen\u00e7as na fam\u00edlia, medicamentos que est\u00e1 tomando, alergias, h\u00e1bitos de vida (como alimenta\u00e7\u00e3o, atividade f\u00edsica, uso de \u00e1lcool e tabaco), entre outros aspectos relevantes para a sa\u00fade.<br \/>\n\n\n\n\n<h2 class=\"wp-block-heading\">Quais s\u00e3o os 3 tipos de anamnese?<\/h2>\n\n\n\n<ul class=\"wp-block-list\">\n<li>Anamnese m\u00e9dica geral. \u00c9 o tipo de anamnese mais utilizado na pr\u00e1tica m\u00e9dica, principalmente por profissionais que atuam em Cl\u00ednica M\u00e9dica. &#8230;<\/li>\n<li>Anamnese pedi\u00e1trica. &#8230;<\/li>\n<li>Anamnese obst\u00e9trica. &#8230;<\/li>\n<li>Anamnese cardiol\u00f3gica. &#8230;<\/li>\n<li>Anamnese psiqui\u00e1trica. &#8230;<\/li>\n<li>Anamnese geri\u00e1trica.<\/li>\n<\/ul>\n\n\n\n\n<h2 class=\"wp-block-heading\">Quais s\u00e3o as 3 fases da anamnese?<\/h2>\n\n\n<p><\/p>\n\n<ul class=\"wp-block-list\">\n<li>1 \u2013 Identifica\u00e7\u00e3o. A identifica\u00e7\u00e3o do paciente pode ser feita pelo m\u00e9dico, como tamb\u00e9m pelos profissionais da enfermagem. &#8230;<\/li>\n<li>2 \u2013 Queixa principal. &#8230;<\/li>\n<li>3 \u2013 Hist\u00f3ria da doen\u00e7a atual (H.D.A) &#8230;<\/li>\n<li>4 \u2013 Hist\u00f3ria m\u00e9dica. &#8230;<\/li>\n<li>5 \u2013 Antecedentes familiares. &#8230;<\/li>\n<li>6 \u2013 H\u00e1bitos.<\/li>\n<\/ul>\n\n\n\n\n<h2 class=\"wp-block-heading\">O que \u00e9 uma anamnese direta ou ativa?<\/h2>\n\n\n<p><\/p>\n\n<ul class=\"wp-block-list\">\n<li>1 &#8211; Anamnese direta ou ativa<\/li>\n<li> Nesse m\u00e9todo, o dentista realiza uma entrevista direta com o paciente, fazendo perguntas espec\u00edficas sobre seu hist\u00f3rico m\u00e9dico, hist\u00f3ria familiar, condi\u00e7\u00f5es dent\u00e1rias anteriores, sintomas atuais, preocupa\u00e7\u00f5es e expectativas. Nesse formato, o profissional tem longos momentos de fala.<\/li>\n<\/ul>\n\n\n\n\n<h2 class=\"wp-block-heading\">Quais s\u00e3o os tipos de ficha de anamnese?<\/h2>\n\n\n<p><\/p>\n\n<ul class=\"wp-block-list\">\n<li>Tipos de ficha de anamnese<\/li>\n<li> Os principais modelos s\u00e3o: Cl\u00ednica Geral: utilizada em consultas m\u00e9dicas para obter informa\u00e7\u00f5es sobre hist\u00f3rico de sa\u00fade, estilo de vida e sintomas atuais. Pedi\u00e1trica: focada em crian\u00e7as, aborda desenvolvimento infantil, alimenta\u00e7\u00e3o, vacina\u00e7\u00e3o e ambiente familiar.<\/li>\n<\/ul>\n\n\n\n\n<h2 class=\"wp-block-heading\">Como se divide a anamnese?<\/h2>\n\n\n<p><\/p>\n\n<ul class=\"wp-block-list\">\n<li>Identifica\u00e7\u00e3o.<\/li>\n<li>Queixa Principal (QP)<\/li>\n<li>Hist\u00f3ria da Mol\u00e9stia Atual (HMA)<\/li>\n<li>Revis\u00e3o de Sistemas.<\/li>\n<li>Hist\u00f3ria Patol\u00f3gica Pregressa.<\/li>\n<li>Hist\u00f3ria Familiar.<\/li>\n<li>Hist\u00f3ria Social\/ H\u00e1bitos de vida.<\/li>\n<\/ul>\n\n\n\n\n<h2 class=\"wp-block-heading\">Quais s\u00e3o as anamneses?<\/h2>\n\n\n<p><\/p>\n\n<ul class=\"wp-block-list\">\n<li>Anamnese m\u00e9dica geral. \u00c9 o tipo de anamnese mais utilizado na pr\u00e1tica m\u00e9dica, principalmente por profissionais que atuam em Cl\u00ednica M\u00e9dica. &#8230;<\/li>\n<li>Anamnese pedi\u00e1trica. &#8230;<\/li>\n<li>Anamnese obst\u00e9trica. &#8230;<\/li>\n<li>Anamnese cardiol\u00f3gica. &#8230;<\/li>\n<li>Anamnese psiqui\u00e1trica. &#8230;<\/li>\n<li>Anamnese geri\u00e1trica.<\/li>\n<\/ul>\n\n\n\n\n<h2 class=\"wp-block-heading\">O que significa consulta ocupacional?<\/h2>\n\nA consulta ocupacional (ASO) \u00e9 o atendimento m\u00e9dico para a avalia\u00e7\u00e3o do estado de sa\u00fade dos trabalhadores. Buscando garantir a efic\u00e1cia em seu servi\u00e7o de gest\u00e3o da Sa\u00fade dos trabalhadores, com sua estrutura pr\u00f3pria ou&#8230;<br \/>\n\n\n\n\n<h2 class=\"wp-block-heading\">O que \u00e9 feito no exame ocupacional?<\/h2>\n\n\n<p><\/p>Os exames ocupacionais s\u00e3o exames m\u00e9dicos realizados por um m\u00e9dico do trabalho com um \u00fanico objetivo: identificar se a ocupa\u00e7\u00e3o do indiv\u00edduo lhe causou algum tipo de dano \u00e0 sa\u00fade. A CLT, em seu artigo 168, diz que o exame m\u00e9dico \u00e9 obrigat\u00f3rio e deve ser feito por conta do empregador.<br \/>\n\n\n\n\n<h2 class=\"wp-block-heading\">Como funciona uma consulta ocupacional?<\/h2>\n\n\n<p><\/p>\u00c9 realizada atrav\u00e9s de anamnese e exame f\u00edsico, com preenchimento da ficha cl\u00ednica ocupacional no sistema S+, visando avaliar a sa\u00fade do trabalhador e definir a sua aptid\u00e3o ou inaptid\u00e3o para executar determinado cargo \/ fun\u00e7\u00e3o.<br \/>\n\n\n\n\n<h2 class=\"wp-block-heading\">O que s\u00e3o consultas ocupacionais?<\/h2>\n\n\n<p><\/p>Como parte integrante do PCMSO, as consultas ocupacionais (admissional, demissional, peri\u00f3dico, retorno ao trabalho e mudan\u00e7a de fun\u00e7\u00e3o) s\u00e3o realizadas pelo m\u00e9dico e compreende anamnese e avalia\u00e7\u00e3o f\u00edsica pautada nos riscos aos quais o trabalhador est\u00e1 exposto informando se este est\u00e1 apto ou inapto \u00e0 realiza\u00e7\u00e3o de suas &#8230;<br \/>\n\n\n\n\n<h2 class=\"wp-block-heading\">O que \u00e9 uma avalia\u00e7\u00e3o ocupacional?<\/h2>\n\n\n<p><\/p>A Avalia\u00e7\u00e3o M\u00e9dica Ocupacional \u00e9 o processo pelo qual o M\u00e9dico do Trabalho faz uma an\u00e1lise preliminar sobre as condi\u00e7\u00f5es de Sa\u00fade do servidor, com foco na preven\u00e7\u00e3o de doen\u00e7as ocupacionais, posteriormente tra\u00e7ando os pr\u00f3ximos passos para o acompanhamento da situa\u00e7\u00e3o.<br \/>\n\n\n\n\n<h2 class=\"wp-block-heading\">O que reprova no exame ocupacional?<\/h2>\n\n\n<p><\/p>Algumas das condi\u00e7\u00f5es que costumam reprovar s\u00e3o: limita\u00e7\u00f5es f\u00edsicas graves; doen\u00e7as pulmonares graves; condi\u00e7\u00f5es musculoesquel\u00e9ticas; dist\u00farbios neurol\u00f3gicos que afetem reflexos ou cogni\u00e7\u00e3o; problemas de vis\u00e3o e audi\u00e7\u00e3o; e uso de medica\u00e7\u00e3o controlada que interfira na seguran\u00e7a do trabalho.<br \/>\n\n\n\n\n<h2 class=\"wp-block-heading\">Quem precisa fazer exame ocupacional?<\/h2>\n\n\n<p><\/p>Todo trabalhador regido pela CLT, sendo facultativo (por\u00e9m recomend\u00e1vel) ao empregado dom\u00e9stico, deve submeter-se aos exames m\u00e9dicos ocupacionais, sendo estes obrigat\u00f3rios na admiss\u00e3o, na demiss\u00e3o e periodicamente no curso do v\u00ednculo empregat\u00edcio, nos termos da NR-7.<br \/>\n\n\n\n\n<h2 class=\"wp-block-heading\">O que \u00e9 anamnese no exame admissional?<\/h2>\n\nA anamnese ocupacional \u00e9 uma entrevista realizada pelo m\u00e9dico do trabalho com o colaborador da empresa. O objetivo \u00e9 investigar o hist\u00f3rico do paciente e entender mais sobre a sua sa\u00fade, al\u00e9m de identificar poss\u00edveis doen\u00e7as relacionadas ao trabalho.<br \/>\n\n\n\n\n<h2 class=\"wp-block-heading\">O que \u00e9 anamnese admissional?<\/h2>\n\n\n<p><\/p>\n\n<ul class=\"wp-block-list\">\n<li>Anamnese Ocupacional e Cl\u00ednica<\/li>\n<li> Nessa fase, \u00e9 realizada uma entrevista detalhada sobre o hist\u00f3rico de empregos anteriores, exposi\u00e7\u00e3o a agentes nocivos, uso de equipamentos de prote\u00e7\u00e3o individual (EPI) e eventuais doen\u00e7as relacionadas ao trabalho.<\/li>\n<\/ul>\n\n\n\n\n<h2 class=\"wp-block-heading\">Quais s\u00e3o as perguntas feitas na anamnese?<\/h2>\n\n\n<p><\/p>A ficha de anamnese inclui quest\u00f5es detalhadas sobre a sa\u00fade geral do paciente, hist\u00f3rico de doen\u00e7as na fam\u00edlia, medicamentos que est\u00e1 tomando, alergias, h\u00e1bitos de vida (como alimenta\u00e7\u00e3o, atividade f\u00edsica, uso de \u00e1lcool e tabaco), entre outros aspectos relevantes para a sa\u00fade.<br \/>\n\n\n\n\n<h2 class=\"wp-block-heading\">O que pode me reprovar no exame admissional?<\/h2>\n\n\n<p><\/p>Algumas das condi\u00e7\u00f5es que costumam reprovar s\u00e3o: limita\u00e7\u00f5es f\u00edsicas graves; doen\u00e7as pulmonares graves; condi\u00e7\u00f5es musculoesquel\u00e9ticas; dist\u00farbios neurol\u00f3gicos que afetem reflexos ou cogni\u00e7\u00e3o; problemas de vis\u00e3o e audi\u00e7\u00e3o; e uso de medica\u00e7\u00e3o controlada que interfira na seguran\u00e7a do trabalho.<br \/>\n\n\n\n\n<h2 class=\"wp-block-heading\">Como funciona o teste de anamnese?<\/h2>\n\n\n<p><\/p>Partindo do conceito que anamnese se trata de uma lembran\u00e7a, o processo consiste em um registro de dados obtidos numa conversa inicial com o paciente. Esses dados s\u00e3o referentes \u00e0 vida do sujeito e devem ter a maior quantidade de detalhes poss\u00edvel.<br \/>\n\n\n\n\n<h2 class=\"wp-block-heading\">O que \u00e9 detectado no exame admissional?<\/h2>\n\n\n<p><\/p>O que pode ser detectado no exame admissional? O exame admissional vai detectar se o profissional possui alguma condi\u00e7\u00e3o de sa\u00fade que pode prejudicar a sua aptid\u00e3o para o trabalho.<br \/>\n\n\n\n\n<h2 class=\"wp-block-heading\">Como \u00e9 feita a anamnese?<\/h2>\n\n\n<p><\/p>Na medicina, a anamnese \u00e9 o di\u00e1logo estabelecido entre profissional de sa\u00fade e paciente com o objetivo de ajud\u00e1-lo a lembrar de situa\u00e7\u00f5es e fatos que podem estar relacionados a sua doen\u00e7a. Parte-se de uma queixa principal para entender a doen\u00e7a atual e reconstituir a hist\u00f3ria cl\u00ednica daquele paciente.<br \/>\n\n\n\n\n<h2 class=\"wp-block-heading\">Qual \u00e9 o objetivo da anamnese?<\/h2>\n\nA anamnese \u00e9 uma entrevista realizada pelo profissional de sa\u00fade com o paciente, com o objetivo de colher informa\u00e7\u00f5es sobre sua hist\u00f3ria cl\u00ednica, estilo de vida, hist\u00f3rico familiar, entre outros aspectos relevantes.<br \/>\n\n\n\n\n<h2 class=\"wp-block-heading\">Qual o objetivo de uma anamnese?<\/h2>\n\n\n<p><\/p>A anamnese, na pr\u00e1tica cl\u00ednica, consiste na rememora\u00e7\u00e3o dos eventos pregressos relacionados \u00e0 sa\u00fade, na identifica\u00e7\u00e3o dos sintomas e sinais atuais, com o intuito principal de fazer entender, com a maior precis\u00e3o poss\u00edvel, a hist\u00f3ria da doen\u00e7a atual que traz o paciente \u00e0 consulta.<br \/>\n\n\n\n\n<h2 class=\"wp-block-heading\">A anamnese tem por objetivo?<\/h2>\n\n\n<p><\/p>A anamnese \u00e9 uma entrevista realizada pelo profissional de sa\u00fade com o paciente, com o objetivo de colher informa\u00e7\u00f5es sobre sua hist\u00f3ria cl\u00ednica, estilo de vida, hist\u00f3rico familiar, entre outros aspectos relevantes.<br \/>\n\n\n\n\n<h2 class=\"wp-block-heading\">Qual \u00e9 a defini\u00e7\u00e3o de anamnese?<\/h2>\n\n\n<p><\/p>O termo \u201cAnamnese\u201d vem do grego (An\u00e1 = trazer de novo e Mnesis = mem\u00f3ria). Partindo da etimologia do termo, inferimos que a anamnese tem como um dos seus principais objetivos rememorar fatos relacionados ao paciente e \u00e0 doen\u00e7a, de modo a constituir, assim, a hist\u00f3ria cl\u00ednica com base na doen\u00e7a atual.<br \/>\n\n\n\n\n<h2 class=\"wp-block-heading\">Qual o objetivo da anamnese na psicologia?<\/h2>\n\n\n<p><\/p>Anamnese Psicol\u00f3gica: Busca compreender a estrutura emocional, cognitiva e comportamental do paciente. A \u00eanfase est\u00e1 em explorar a hist\u00f3ria de vida, as emo\u00e7\u00f5es, as rela\u00e7\u00f5es interpessoais e os poss\u00edveis traumas ou eventos marcantes que possam estar influenciando a sa\u00fade mental.<br \/>\n\n\n\n\n<h2 class=\"wp-block-heading\">Qual a principal import\u00e2ncia da ficha de anamnese?<\/h2>\n\n\n<p><\/p>Usar uma ficha de anamnese ajuda na avalia\u00e7\u00e3o do paciente e constru\u00e7\u00e3o de uma hip\u00f3tese diagn\u00f3stica. Tamb\u00e9m economiza tempo, j\u00e1 que as perguntas padronizadas dispensam o profissional de sa\u00fade de criar questionamentos diferentes para cada paciente.<br \/>\n\n\n\n\n<h2 class=\"wp-block-heading\">Quais perguntas s\u00e3o feitas na anamnese?<\/h2>\n\nHist\u00f3ria da doen\u00e7a atual (HDA); Interrogat\u00f3rio sistem\u00e1tico ou sintomatol\u00f3gico (IS) Antecedentes (pessoais e familiares) H\u00e1bitos de vida.<br \/>\n\n\n\n\n<h2 class=\"wp-block-heading\">Quais s\u00e3o as perguntas de uma anamnese?<\/h2>\n\n\n<p><\/p>A ficha de anamnese inclui quest\u00f5es detalhadas sobre a sa\u00fade geral do paciente, hist\u00f3rico de doen\u00e7as na fam\u00edlia, medicamentos que est\u00e1 tomando, alergias, h\u00e1bitos de vida (como alimenta\u00e7\u00e3o, atividade f\u00edsica, uso de \u00e1lcool e tabaco), entre outros aspectos relevantes para a sa\u00fade.<br \/>\n\n\n\n\n<h2 class=\"wp-block-heading\">O que perguntar na anamnese de enfermagem?<\/h2>\n\n\n<p><\/p>\n\n<ul class=\"wp-block-list\">\n<li>Identifica\u00e7\u00e3o do paciente.<\/li>\n<li>Queixa principal.<\/li>\n<li>Hist\u00f3ria da doen\u00e7a atual (HDA)<\/li>\n<li>Hist\u00f3ria familiar.<\/li>\n<li>Hist\u00f3ria pessoal.<\/li>\n<li>Revis\u00e3o por sistemas.<\/li>\n<\/ul>\n\n\n\n\n<h2 class=\"wp-block-heading\">Quais perguntas fazer ao paciente?<\/h2>\n\n\n<p><\/p>\n\n<ul class=\"wp-block-list\">\n<li>Fa\u00e7a as perguntas certas: &#8230;<\/li>\n<li>Qual o nome do problema que eu tenho? \/ Qual \u00e9 o meu diagn\u00f3stico?<\/li>\n<li>Quais s\u00e3o as minhas op\u00e7\u00f5es de tratamento?<\/li>\n<li>\u00c9 poss\u00edvel que haja alguma rea\u00e7\u00e3o a esse medicamento?<\/li>\n<li>Quais s\u00e3o as minhas chances de cura?<\/li>\n<\/ul>\n\n\n\n\n<h2 class=\"wp-block-heading\">O que n\u00e3o pode faltar na anamnese?<\/h2>\n\n\n<p><\/p>&#8211; Devem constar dados sobre doen\u00e7as pr\u00e9vias, traumatismos, gesta\u00e7\u00f5es e partos, ciriugias, hospitaliza\u00e7\u00f5es, exames laboratoriais realizados, uso de medicamentos, tabagismo, etilismo, uso de t\u00f3xicos, fatores de risco, imuniza\u00e7\u00f5es, sono e h\u00e1bitos alimentares, entre outros.<br \/>\n\n\n\n\n<h2 class=\"wp-block-heading\">O que falar na anamnese?<\/h2>\n\n\n<p><\/p>\n\n<ul class=\"wp-block-list\">\n<li>Identifica\u00e7\u00e3o.<\/li>\n<li>Queixa principal.<\/li>\n<li>Hist\u00f3ria da doen\u00e7a atual.<\/li>\n<li>Hist\u00f3ria patol\u00f3gica pregressa e hist\u00f3ria familiar.<\/li>\n<li>Perfil do paciente.<\/li>\n<\/ul>\n\n\n","protected":false},"excerpt":{"rendered":"<p>O que se avalia na anamnese? &#8211; Devem constar dados sobre doen\u00e7as pr\u00e9vias, traumatismos, gesta\u00e7\u00f5es e partos, ciriugias, hospitaliza\u00e7\u00f5es, exames laboratoriais realizados, uso de medicamentos, tabagismo, etilismo, uso de t\u00f3xicos, fatores de risco, imuniza\u00e7\u00f5es, sono e h\u00e1bitos alimentares, entre outros. O que deve ser avaliado na anamnese? Quais s\u00e3o as 5 etapas da anamnese? O [&hellip;]<\/p>\n","protected":false},"author":2,"featured_media":0,"comment_status":"open","ping_status":"closed","sticky":false,"template":"","format":"standard","meta":{"footnotes":""},"categories":[1],"tags":[],"class_list":["post-1968","post","type-post","status-publish","format-standard","hentry","category-conteudo"],"_links":{"self":[{"href":"https:\/\/ammabarbacena.com.br\/perguntas-frequentes\/wp-json\/wp\/v2\/posts\/1968","targetHints":{"allow":["GET"]}}],"collection":[{"href":"https:\/\/ammabarbacena.com.br\/perguntas-frequentes\/wp-json\/wp\/v2\/posts"}],"about":[{"href":"https:\/\/ammabarbacena.com.br\/perguntas-frequentes\/wp-json\/wp\/v2\/types\/post"}],"author":[{"embeddable":true,"href":"https:\/\/ammabarbacena.com.br\/perguntas-frequentes\/wp-json\/wp\/v2\/users\/2"}],"replies":[{"embeddable":true,"href":"https:\/\/ammabarbacena.com.br\/perguntas-frequentes\/wp-json\/wp\/v2\/comments?post=1968"}],"version-history":[{"count":1,"href":"https:\/\/ammabarbacena.com.br\/perguntas-frequentes\/wp-json\/wp\/v2\/posts\/1968\/revisions"}],"predecessor-version":[{"id":1969,"href":"https:\/\/ammabarbacena.com.br\/perguntas-frequentes\/wp-json\/wp\/v2\/posts\/1968\/revisions\/1969"}],"wp:attachment":[{"href":"https:\/\/ammabarbacena.com.br\/perguntas-frequentes\/wp-json\/wp\/v2\/media?parent=1968"}],"wp:term":[{"taxonomy":"category","embeddable":true,"href":"https:\/\/ammabarbacena.com.br\/perguntas-frequentes\/wp-json\/wp\/v2\/categories?post=1968"},{"taxonomy":"post_tag","embeddable":true,"href":"https:\/\/ammabarbacena.com.br\/perguntas-frequentes\/wp-json\/wp\/v2\/tags?post=1968"}],"curies":[{"name":"wp","href":"https:\/\/api.w.org\/{rel}","templated":true}]}}