{"id":19603,"date":"2025-08-07T06:13:33","date_gmt":"2025-08-07T06:13:33","guid":{"rendered":"http:\/\/c00fb189-4705-4de6-baa8-c47d293462bf"},"modified":"2025-08-07T06:13:33","modified_gmt":"2025-08-07T06:13:33","slug":"quanto-tempo-apos-a-selagem-posso-pintar-o-cabelo","status":"publish","type":"post","link":"https:\/\/ammabarbacena.com.br\/perguntas-frequentes\/quanto-tempo-apos-a-selagem-posso-pintar-o-cabelo\/","title":{"rendered":"Quanto tempo ap\u00f3s a selagem posso pintar o cabelo"},"content":{"rendered":"\n\n<h2 class=\"wp-block-heading\">Quanto tempo depois de fazer selagem posso pintar o cabelo?<\/h2>\n\n\n\n<h2 class=\"wp-block-heading\">Quanto tempo depois de passar o selante posso pintar?<\/h2>\n\n\n<p><\/p>Em rela\u00e7\u00e3o a repintura, \u00e9 recomendado aguardar entre 16 e 24 horas. A cura total ocorre em torno de 7 dias. J\u00e1 o Selador Acr\u00edlico Pigmentado, tamb\u00e9m da marca, \u00e9 utilizado como fundo e possui tempos de secagem espec\u00edficos.<br \/>\n\n\n\n\n<h2 class=\"wp-block-heading\">O que fazer depois da selagem?<\/h2>\n\n\n<p><\/p>Ap\u00f3s a selagem, evite o uso de produtos qu\u00edmicos agressivos, como tinturas e descolorantes. Al\u00e9m disso, evite procedimentos de alisamento ou relaxamento que possam comprometer o efeito da selagem. Essas subst\u00e2ncias e procedimentos podem danificar os fios e prejudicar o resultado alcan\u00e7ado com a selagem.<br \/>\n\n\n\n\n<h2 class=\"wp-block-heading\">Quanto tempo devo esperar para pintar meu cabelo depois de alisar?<\/h2>\n\n\n\n<h2 class=\"wp-block-heading\">Quantos dias devo esperar para pintar meu cabelo depois de alisar?<\/h2>\n\n\n<p><\/p>O ideal \u00e9 esperar pelo menos 15 dias entre um procedimento e outro para que seu cabelo possa se recuperar dos efeitos que o alisamento causa na estrutura do fio, claro aliado a um bom cronograma capilar, e assim poder ser usado uma colora\u00e7\u00e3o para mudar a cor dos fios.<br \/>\n\n\n\n\n<h2 class=\"wp-block-heading\">\u00c9 poss\u00edvel pintar e alisar o cabelo no mesmo dia?<\/h2>\n\n\n<p><\/p>Se voc\u00ea respeitar alguns cuidados para n\u00e3o detonar seus fios, saiba que, juntas, tintura e alisamento combinam, sim! Alisar os cabelos n\u00e3o \u00e9 impedimento para a colora\u00e7\u00e3o e vice-versa.<br \/>\n\n\n\n\n<h2 class=\"wp-block-heading\">O que n\u00e3o se pode fazer depois de alisar o cabelo?<\/h2>\n\n\n<p><\/p>Por outro lado, algumas coisas devem ser evitadas na hora de lavar os cabelos ap\u00f3s fazer um alisamento. Para isso, evite os shampoos anti res\u00edduos, que s\u00e3o vers\u00f5es mais adstringentes e abrem as cut\u00edculas dos cabelos. Primeiramente, Isso n\u00e3o \u00e9 bom para os fios alisados.<br \/>\n\n\n\n\n<h2 class=\"wp-block-heading\">Pode pintar o cabelo 3 dias antes de fazer progressiva?<\/h2>\n\nA resposta \u00e9: voc\u00ea at\u00e9 pode pintar o cabelo antes da progressiva (quinze dias antes, pelo menos), no entanto, essa escolha n\u00e3o \u00e9 a mais adequada. Quando voc\u00ea investe em uma tintura capilar, o cabelo costuma ficar mais el\u00e1stico. Ele tende a quebrar mais quando voc\u00ea aposta, logo na sequ\u00eancia, em uma progressiva.<br \/>\n\n\n\n\n<h2 class=\"wp-block-heading\">\u00c9 melhor pintar o cabelo antes ou depois de fazer selagem?<\/h2>\n\n\n<p><\/p>Por isso, se a sua ideia \u00e9 recuperar os fios da colora\u00e7\u00e3o, a resposta \u00e9 simples: a selagem deve ser feita sempre depois de mudar a cor dos fios, tanto para quem usa colora\u00e7\u00e3o permanente tanto para quem aposta nas tintas tempor\u00e1rias.<br \/>\n\n\n\n\n<h2 class=\"wp-block-heading\">Quanto tempo o cabelo volta ao normal depois da selagem?<\/h2>\n\n\n\n<h2 class=\"wp-block-heading\">Quanto tempo depois da selagem o cabelo volta ao normal?<\/h2>\n\n\n<p><\/p>O efeito da selagem capilar pode durar de 1 a 3 meses, dependendo do tipo de cabelo, da frequ\u00eancia de lavagens e, principalmente, dos cuidados que voc\u00ea tem ap\u00f3s o procedimento.<br \/>\n\n\n\n\n<h2 class=\"wp-block-heading\">Quanto tempo demora para uma selagem sair totalmente do cabelo?<\/h2>\n\n\n<p><\/p>A selagem dura, em m\u00e9dia, tr\u00eas meses, deixando o cabelo saud\u00e1vel e alinhado at\u00e9 o pr\u00f3ximo tratamento. Mas esse intervalo pode variar um pouco, de acordo com a quantidade de lavagens.<br \/>\n\n\n\n\n<h2 class=\"wp-block-heading\">Como recuperar o cabelo depois da selagem?<\/h2>\n\n\n<p><\/p>\n\n<ul class=\"wp-block-list\">\n<li>Hidrata\u00e7\u00e3o regular<\/li>\n<li> A hidrata\u00e7\u00e3o \u00e9 um passo fundamental para manter os cabelos saud\u00e1veis e bonitos, especialmente ap\u00f3s a selagem. Recomenda-se utilizar produtos espec\u00edficos para cabelos com qu\u00edmica, que possuam propriedades hidratantes e nutritivas.<\/li>\n<\/ul>\n\n\n\n\n<h2 class=\"wp-block-heading\">Como fica o cabelo quando sai a selagem?<\/h2>\n\n\n<p><\/p>Muitas pessoas relatam que, ap\u00f3s a selagem, os cabelos ficam mais bonitos nos primeiros dias, mas voltam a ressecar ou perder brilho com o tempo. Isso acontece quando os fios n\u00e3o recebem os cuidados certos para manter a hidrata\u00e7\u00e3o e a prote\u00e7\u00e3o da fibra capilar.<br \/>\n\n\n\n\n<h2 class=\"wp-block-heading\">Quais s\u00e3o os riscos de fazer selagem no cabelo?<\/h2>\n\n\n<p><\/p>Irrita\u00e7\u00e3o, queimadura, descama\u00e7\u00e3o, queda de cabelo e at\u00e9 c\u00e2ncer. Esses s\u00e3o alguns dos in\u00fameros problemas ocasionados pelo uso do formol e de subst\u00e2ncias que podem liber\u00e1-lo em procedimentos est\u00e9ticos capilares.<br \/>\n\n\n\n\n<h2 class=\"wp-block-heading\">Pintar o cabelo tira a selagem?<\/h2>\n\n\n\n<h2 class=\"wp-block-heading\">Quem faz selagem pode pintar o cabelo?<\/h2>\n\n\n<p><\/p>Quem pinta os cabelos e pretende fazer a selagem &#8211; ou quem j\u00e1 \u00e9 f\u00e3 da selagem e deseja alterar a cor das madeixas &#8211; deve ficar atenta \u00e0 ordem dos procedimentos. \u00c9 que toda colora\u00e7\u00e3o, permanente ou semi-permanente, pode agredir e enfraquecer os cabelos e atrapalhar o resultado da selagem, que \u00e9 reconstruir os fios.<br \/>\n\n\n\n\n<h2 class=\"wp-block-heading\">Quanto tempo pode pintar o cabelo depois de alisar?<\/h2>\n\n\n<p><\/p>O tempo ideal para isso \u00e9, no m\u00ednimo, 15 dias.<br \/>\n\n\n\n\n<h2 class=\"wp-block-heading\">O que n\u00e3o pode fazer quando faz selagem no cabelo?<\/h2>\n\n\n<p><\/p>Ap\u00f3s a selagem, evite o uso de produtos qu\u00edmicos agressivos, como tinturas e descolorantes. Al\u00e9m disso, evite procedimentos de alisamento ou relaxamento que possam comprometer o efeito da selagem. Essas subst\u00e2ncias e procedimentos podem danificar os fios e prejudicar o resultado alcan\u00e7ado com a selagem.<br \/>\n\n\n\n\n<h2 class=\"wp-block-heading\">Qual \u00e9 a tinta sem am\u00f4nia?<\/h2>\n\nA tinta sem am\u00f4nia \u00e9, na verdade, um tonalizante, uma colora\u00e7\u00e3o semipermanente que desbota gradualmente com as lavagens. Embora tenha uma dura\u00e7\u00e3o menor que as colora\u00e7\u00f5es permanentes, ela dura significativamente mais que as tempor\u00e1rias, permanecendo vibrante por at\u00e9 60 dias.<br \/>\n\n\n\n\n<h2 class=\"wp-block-heading\">Qual \u00e9 a marca da tinta que n\u00e3o tem am\u00f4nia?<\/h2>\n\n\n<p><\/p>Algumas op\u00e7\u00f5es de tintas de cabelo sem am\u00f4nia s\u00e3o: Colora\u00e7\u00e3o Permanente Casting Creme Gloss, vendida na Droga Raia. Tinta De Cabelo Natucor Naturalmente Instigante, vendida na Americanas. Tintura Light Color Salon Line, vendida na Americanas.<br \/>\n\n\n\n\n<h2 class=\"wp-block-heading\">Qual \u00e9 a melhor tinta para pintar o cabelo que n\u00e3o tem am\u00f4nia?<\/h2>\n\n\n<p><\/p>A tintura \u201cNatucor\u201d da Embelleze \u00e9 uma op\u00e7\u00e3o popular para quem deseja colorir o cabelo de forma suave e natural. Ela \u00e9 conhecida por ser uma colora\u00e7\u00e3o sem am\u00f4nia, o que a torna mais suave e menos agressiva para os cabelos.<br \/>\n\n\n\n\n<h2 class=\"wp-block-heading\">O que a tinta sem am\u00f4nia faz no cabelo?<\/h2>\n\n\n<p><\/p>J\u00e1 a colora\u00e7\u00e3o sem am\u00f4nia \u00e9 conhecida como colora\u00e7\u00e3o semi permanente, pois ela apenas cria uma capa de cor em volta dos fios, fazendo com que a estrutura da fibra capilar n\u00e3o seja alterada, sendo uma op\u00e7\u00e3o de colora\u00e7\u00e3o menos agressiva para os cabelos. Al\u00e9m disso, proporciona brilho aos cabelos.<br \/>\n\n\n\n\n<h2 class=\"wp-block-heading\">Como saber se a tinta \u00e9 sem am\u00f4nia?<\/h2>\n\n\n<p><\/p>Cheiro menos forte: a am\u00f4nia tem um cheiro forte e desagrad\u00e1vel que pode ser dif\u00edcil de suportar. As tintas sem am\u00f4nia t\u00eam um cheiro mais suave e agrad\u00e1vel.<br \/>\n\n\n\n\n<h2 class=\"wp-block-heading\">A Natucor \u00e9 boa mesmo?<\/h2>\n\n\n<p><\/p>A Natucor \u00e9 a tintura mais suave do mercado, ela \u00e9 t\u00e3o suave que para preparar basta somente adicionar \u00e1gua pot\u00e1vel, al\u00e9m disso ela dispensa o uso da \u00e1gua oxigenada, n\u00e3o possui am\u00f4nia em sua composi\u00e7\u00e3o e, por ser t\u00e3o suave assim, ela n\u00e3o agride o cabelo e n\u00e3o resseca, pelo contr\u00e1rio o cabelo fica macio e com muito &#8230;<br \/>\n\n\n","protected":false},"excerpt":{"rendered":"<p>Quanto tempo depois de fazer selagem posso pintar o cabelo? Quanto tempo depois de passar o selante posso pintar? Em rela\u00e7\u00e3o a repintura, \u00e9 recomendado aguardar entre 16 e 24 horas. A cura total ocorre em torno de 7 dias. J\u00e1 o Selador Acr\u00edlico Pigmentado, tamb\u00e9m da marca, \u00e9 utilizado como fundo e possui tempos [&hellip;]<\/p>\n","protected":false},"author":2,"featured_media":0,"comment_status":"open","ping_status":"closed","sticky":false,"template":"","format":"standard","meta":{"footnotes":""},"categories":[1],"tags":[],"class_list":["post-19603","post","type-post","status-publish","format-standard","hentry","category-conteudo"],"_links":{"self":[{"href":"https:\/\/ammabarbacena.com.br\/perguntas-frequentes\/wp-json\/wp\/v2\/posts\/19603","targetHints":{"allow":["GET"]}}],"collection":[{"href":"https:\/\/ammabarbacena.com.br\/perguntas-frequentes\/wp-json\/wp\/v2\/posts"}],"about":[{"href":"https:\/\/ammabarbacena.com.br\/perguntas-frequentes\/wp-json\/wp\/v2\/types\/post"}],"author":[{"embeddable":true,"href":"https:\/\/ammabarbacena.com.br\/perguntas-frequentes\/wp-json\/wp\/v2\/users\/2"}],"replies":[{"embeddable":true,"href":"https:\/\/ammabarbacena.com.br\/perguntas-frequentes\/wp-json\/wp\/v2\/comments?post=19603"}],"version-history":[{"count":1,"href":"https:\/\/ammabarbacena.com.br\/perguntas-frequentes\/wp-json\/wp\/v2\/posts\/19603\/revisions"}],"predecessor-version":[{"id":19604,"href":"https:\/\/ammabarbacena.com.br\/perguntas-frequentes\/wp-json\/wp\/v2\/posts\/19603\/revisions\/19604"}],"wp:attachment":[{"href":"https:\/\/ammabarbacena.com.br\/perguntas-frequentes\/wp-json\/wp\/v2\/media?parent=19603"}],"wp:term":[{"taxonomy":"category","embeddable":true,"href":"https:\/\/ammabarbacena.com.br\/perguntas-frequentes\/wp-json\/wp\/v2\/categories?post=19603"},{"taxonomy":"post_tag","embeddable":true,"href":"https:\/\/ammabarbacena.com.br\/perguntas-frequentes\/wp-json\/wp\/v2\/tags?post=19603"}],"curies":[{"name":"wp","href":"https:\/\/api.w.org\/{rel}","templated":true}]}}