{"id":19555,"date":"2025-08-07T05:48:01","date_gmt":"2025-08-07T05:48:01","guid":{"rendered":"http:\/\/5951245b-52cd-4ee0-a374-ba80cdde96ab"},"modified":"2025-08-07T05:48:01","modified_gmt":"2025-08-07T05:48:01","slug":"quanto-tempo-apos-a-quimioterapia-o-cabelo-volta-a-crescer","status":"publish","type":"post","link":"https:\/\/ammabarbacena.com.br\/perguntas-frequentes\/quanto-tempo-apos-a-quimioterapia-o-cabelo-volta-a-crescer\/","title":{"rendered":"Quanto tempo ap\u00f3s a quimioterapia o cabelo volta a crescer"},"content":{"rendered":"\n\n<h2 class=\"wp-block-heading\">O que fazer para o cabelo crescer rapidamente depois da quimioterapia?<\/h2>\n\nPode tamb\u00e9m ser recomendado para falhas em regi\u00f5es do corpo onde nascem pelos. Em pacientes oncol\u00f3gicos, a lo\u00e7\u00e3o de minoxidil pode ser aplicada no couro cabeludo ao final da quimioterapia para acelerar o crescimento dos cabelos. Seu uso durante a quimioterapia n\u00e3o previne a alopecia.<br \/>\n\n\n\n\n<h2 class=\"wp-block-heading\">O que fazer para o cabelo crescer ap\u00f3s quimioterapia?<\/h2>\n\n\n<p class=\"wp-block-paragraph\"><\/p>Pode tamb\u00e9m ser recomendado para falhas em regi\u00f5es do corpo onde nascem pelos. Em pacientes oncol\u00f3gicos, a lo\u00e7\u00e3o de minoxidil pode ser aplicada no couro cabeludo ao final da quimioterapia para acelerar o crescimento dos cabelos.<br \/>\n\n\n\n\n<h2 class=\"wp-block-heading\">Quem faz quimioterapia pode usar t\u00f4nico capilar?<\/h2>\n\n\n<p class=\"wp-block-paragraph\"><\/p>Normalmente os primeiros fios come\u00e7am a nascer 40 dias ap\u00f3s o tratamento, podem incluir algumas falhas capilares, neste caso, seu oncologista dever\u00e1 te encaminhar para um dermatologista especializado que poder\u00e1 fazer tratamentos com t\u00f4nicos espec\u00edficos para cada tipo de pessoa e cabelo.<br \/>\n\n\n\n\n<h2 class=\"wp-block-heading\">Qual o melhor shampoo para usar depois da quimioterapia?<\/h2>\n\n\n<p class=\"wp-block-paragraph\"><\/p>A linha Revitalizante Oncosmetic foi desenvolvida para cuidar dos cabelos de pessoas em tratamento oncol\u00f3gico, ela proporciona a resist\u00eancia de cabelos enfraquecidos, fortalecimento e sa\u00fade. Al\u00e9m disso, ela promove a limpeza suave sem agress\u00e3o ao couro cabeludo, pois conta com tensoativos livre de sulfatos.<br \/>\n\n\n\n\n<h2 class=\"wp-block-heading\">Quanto tempo demora para o cabelo voltar ao normal depois da quimioterapia?<\/h2>\n\nIsso pode levar de tr\u00eas a seis meses com uma taxa de cerca de 1 cm por m\u00eas. Na maioria das vezes, o cabelo volta a crescer da mesma forma.<br \/>\n\n\n\n\n<h2 class=\"wp-block-heading\">Quanto tempo leva para o cabelo crescer novamente ap\u00f3s a quimioterapia?<\/h2>\n\n\n<p class=\"wp-block-paragraph\"><\/p>Esse aspecto tamb\u00e9m \u00e9 observado em outros tipos de c\u00e9lulas, como as do cabelo. Por isso, a quimioterapia pode gerar a queda. Se meu cabelo cair durante a quimioterapia, quando tempo demora para crescer? A maioria dos pacientes veem o cabelo crescer novamente cerca de 6 a 8 semanas ap\u00f3s o t\u00e9rmino da quimioterapia.<br \/>\n\n\n\n\n<h2 class=\"wp-block-heading\">Como recuperar o cabelo depois da quimioterapia?<\/h2>\n\n\n<p class=\"wp-block-paragraph\"><\/p>Em pacientes oncol\u00f3gicos, a lo\u00e7\u00e3o de minoxidil pode ser aplicada no couro cabeludo ao final da quimioterapia para acelerar o crescimento dos cabelos. Seu uso durante a quimioterapia n\u00e3o previne a alopecia.<br \/>\n\n\n\n\n<h2 class=\"wp-block-heading\">Quanto tempo ap\u00f3s a quimioterapia pode pintar o cabelo?<\/h2>\n\n\n<p class=\"wp-block-paragraph\"><\/p>\u2753Quanto tempo devo esperar? Em geral libero para procedimentos 6 meses ap\u00f3s a quimioterapia.<br \/>\n\n\n\n\n<h2 class=\"wp-block-heading\">Quanto tempo demora para o cabelo crescer 4 dedos?<\/h2>\n\n\n\n<h2 class=\"wp-block-heading\">Quanto tempo demora para crescer 5 dedos de cabelo?<\/h2>\n\n\n<p class=\"wp-block-paragraph\"><\/p>Os especialistas apontam que o fio cresce, em m\u00e9dia, um mil\u00edmetro a cada tr\u00eas dias, ou cerca de 1 cent\u00edmetro ao m\u00eas &#8211; o que resultaria em uma m\u00e9dia de 12 cent\u00edmetros por ano. E ao contr\u00e1rio do que parece, cabelos lisos, cacheados e crespos crescem exatamente na mesma velocidade.<br \/>\n\n\n\n\n<h2 class=\"wp-block-heading\">Quantos dedos o cabelo cresce em 4 meses?<\/h2>\n\n\n<p class=\"wp-block-paragraph\"><\/p>De forma geral, os cabelos crescem de 1 a 1,5 cm por m\u00eas. Claro, essa \u00e9 uma estimativa e alguns fatores podem interferir nesse processo, como qu\u00edmicas, uso de acess\u00f3rios de calor, exposi\u00e7\u00e3o ao sol, alimenta\u00e7\u00e3o, etc.<br \/>\n\n\n\n\n<h2 class=\"wp-block-heading\">Quantos cm \u00e9 1 dedo de cabelo?<\/h2>\n\n\n<p class=\"wp-block-paragraph\"><\/p>Um corte de tesoura tem mais textura do que uma m\u00e1quina de cortar cabelo, por isso a maioria dos homens prefere. O comprimento do dedo \u00e9 bastante universal, entre 4 e 5, e as pessoas que o usam como medida n\u00e3o s\u00e3o t\u00e3o exigentes.<br \/>\n\n\n\n\n<h2 class=\"wp-block-heading\">Porque depois da quimioterapia o cabelo nasce enrolado?<\/h2>\n\n\n\n<h2 class=\"wp-block-heading\">Porque depois da quimioterapia o cabelo nasce ondulado?<\/h2>\n\n\n<p class=\"wp-block-paragraph\"><\/p>Isso acontece porque os fol\u00edculos capilares, que s\u00e3o as &#8220;f\u00e1bricas&#8221; dos fios, podem sofrer pequenas altera\u00e7\u00f5es durante o processo de regenera\u00e7\u00e3o. Se antes voc\u00ea tinha cabelo liso, ele pode voltar mais ondulado.<br \/>\n\n\n\n\n<h2 class=\"wp-block-heading\">Como cresce o cabelo depois da quimioterapia?<\/h2>\n\n\n<p class=\"wp-block-paragraph\"><\/p>Alguns tipos de quimioterapia podem levar \u00e0 queda de cabelo. O cabelo geralmente come\u00e7a a crescer novamente de 4 a 6 semanas ap\u00f3s o t\u00e9rmino do tratamento, mas pode apresentar textura e cor diferentes de antes. Ap\u00f3s 12 meses, o cabelo pode estar longo o suficiente para ser escovado e modelado.<br \/>\n\n\n\n\n<h2 class=\"wp-block-heading\">Como fica o cabelo de quem faz quimioterapia?<\/h2>\n\n\n<p class=\"wp-block-paragraph\"><\/p>Consequentemente, h\u00e1 indu\u00e7\u00e3o da morte celular das c\u00e9lulas do couro cabeludo, com afinamento dos fios, quebra e queda dos cabelos. Al\u00e9m disso, a quimioterapia pode causar queda de pelos em outras \u00e1reas do corpo &#8211; n\u00e3o restringindo ao couro cabeludo &#8211; como c\u00edlios, sobrancelhas, axilas e regi\u00e3o pubiana.<br \/>\n\n\n\n\n<h2 class=\"wp-block-heading\">Qual o shampoo indicado para quem faz quimioterapia?<\/h2>\n\nShampoo Oncosmetic Chemocare Crio 120ml.<br \/>\n\n\n\n\n<h2 class=\"wp-block-heading\">O que devo passar no couro cabeludo durante a quimioterapia?<\/h2>\n\n\n<p class=\"wp-block-paragraph\"><\/p>Ap\u00f3s a quimioterapia, o couro cabeludo fica enfraquecido. Para cuidar dele, voc\u00ea pode usar um shampoo suave para couros cabeludos sens\u00edveis ou um \u00f3leo de limpeza. Se tiver coceiras, massageie suavemente seu couro cabeludo e partes do cabelo com um hidratante ou um b\u00e1lsamo restaurador.<br \/>\n\n\n\n\n<h2 class=\"wp-block-heading\">Quem faz quimioterapia pode lavar o cabelo com shampoo?<\/h2>\n\n\n<p class=\"wp-block-paragraph\"><\/p>1. LAVE O CABELO COM UM SHAMPOO SUAVE NO DIA ANTERIOR \u00c0S SUAS SESS\u00d5ES. Lave o cabelo com um shampoo muito suave no dia anterior \u00e0s sess\u00f5es e evite usar shampoo pelos pr\u00f3ximos 3 a 5 dias. Seque suavemente o cabelo com uma toalha.<br \/>\n\n\n\n\n<h2 class=\"wp-block-heading\">Qual o melhor sabonete para quem est\u00e1 fazendo quimioterapia?<\/h2>\n\n\n<p class=\"wp-block-paragraph\"><\/p>Washcare substitui o sabonete comum. Indicado para a limpeza e preven\u00e7\u00e3o do ressecamento da pele e rash cut\u00e2neo causados pela quimioterapia e radioterapia.<br \/>\n\n\n\n\n<h2 class=\"wp-block-heading\">Os c\u00edlios crescem depois da quimioterapia?<\/h2>\n\nLeventhal afirma que o crescimento dos c\u00edlios ap\u00f3s a quimioterapia geralmente ocorre &#8220;v\u00e1rios meses ap\u00f3s&#8221; o t\u00e9rmino do tratamento, mas, acrescenta, &#8220;uma porcentagem menor, cerca de uma em cada quatro pessoas, pode apresentar perda de cabelo persistente ou crescimento escasso ou ralo&#8221;.<br \/>\n\n\n\n\n<h2 class=\"wp-block-heading\">Quanto tempo depois da quimioterapia os c\u00edlios come\u00e7am a crescer novamente?<\/h2>\n\n\n<p class=\"wp-block-paragraph\"><\/p>Os c\u00edlios podem ficar bastante irregulares quando come\u00e7am a crescer novamente. Podem levar at\u00e9 um ano para crescer completamente, embora geralmente retornem em cerca de seis meses ap\u00f3s o t\u00e9rmino do tratamento.<br \/>\n\n\n\n\n<h2 class=\"wp-block-heading\">O que a quimioterapia pode causar nos olhos?<\/h2>\n\n\n<p class=\"wp-block-paragraph\"><\/p>A mucosite \u00e9 efeito adverso freq\u00fcentemente observado durante a administra\u00e7\u00e3o de certos quimioter\u00e1picos. A toxicidade ocular dessas drogas pode se manifestar por altera\u00e7\u00f5es da superf\u00edcie ocular e do filme lacrimal.<br \/>\n\n\n\n\n<h2 class=\"wp-block-heading\">Como fica o rosto de quem faz quimioterapia?<\/h2>\n\n\n<p class=\"wp-block-paragraph\"><\/p>\n\n<ul class=\"wp-block-list\">\n<li>Les\u00f5es Acneiformes<\/li>\n<li> Alguns tipos de quimioterapias podem causar um sintoma muito semelhante \u00e0 acne, com erup\u00e7\u00f5es cut\u00e2neas na pele. Este quadro \u00e9 um efeito colateral leve, mas que, se n\u00e3o for cuidado, pode evoluir para algo mais grave.<\/li>\n<\/ul>\n\n\n\n\n<h2 class=\"wp-block-heading\">Quanto tempo os c\u00edlios voltam a crescer?<\/h2>\n\n\n<p class=\"wp-block-paragraph\"><\/p>Sim, mesmo depois de arrancados, os c\u00edlios costumam crescer novamente em um intervalo de 2 a 3 semanas. Por\u00e9m, caso haja falhas cont\u00ednuas em determinadas regi\u00f5es, \u00e9 necess\u00e1rio consultar um oftalmologista para investigar se h\u00e1 infec\u00e7\u00f5es ou algum problema espec\u00edfico.<br \/>\n\n\n\n\n<h2 class=\"wp-block-heading\">Como o cabelo nasce depois da quimioterapia?<\/h2>\n\n\n<p class=\"wp-block-paragraph\"><\/p>Porque a quimioterapia altera as c\u00e9lulas germinativas do couro de forma que elas acabam morrendo. Quando os fios voltam a crescer, eles crescem em ciclos diferentes, primeiro mais grossos, depois mais finos, o que deixa o cabelo desigual. Al\u00e9m disso, tamb\u00e9m ocorre uma redu\u00e7\u00e3o da espessura da fibra capilar.<br \/>\n\n\n","protected":false},"excerpt":{"rendered":"<p>O que fazer para o cabelo crescer rapidamente depois da quimioterapia? Pode tamb\u00e9m ser recomendado para falhas em regi\u00f5es do corpo onde nascem pelos. Em pacientes oncol\u00f3gicos, a lo\u00e7\u00e3o de minoxidil pode ser aplicada no couro cabeludo ao final da quimioterapia para acelerar o crescimento dos cabelos. Seu uso durante a quimioterapia n\u00e3o previne a [&hellip;]<\/p>\n","protected":false},"author":2,"featured_media":0,"comment_status":"open","ping_status":"closed","sticky":false,"template":"","format":"standard","meta":{"footnotes":""},"categories":[1],"tags":[],"class_list":["post-19555","post","type-post","status-publish","format-standard","hentry","category-conteudo"],"_links":{"self":[{"href":"https:\/\/ammabarbacena.com.br\/perguntas-frequentes\/wp-json\/wp\/v2\/posts\/19555","targetHints":{"allow":["GET"]}}],"collection":[{"href":"https:\/\/ammabarbacena.com.br\/perguntas-frequentes\/wp-json\/wp\/v2\/posts"}],"about":[{"href":"https:\/\/ammabarbacena.com.br\/perguntas-frequentes\/wp-json\/wp\/v2\/types\/post"}],"author":[{"embeddable":true,"href":"https:\/\/ammabarbacena.com.br\/perguntas-frequentes\/wp-json\/wp\/v2\/users\/2"}],"replies":[{"embeddable":true,"href":"https:\/\/ammabarbacena.com.br\/perguntas-frequentes\/wp-json\/wp\/v2\/comments?post=19555"}],"version-history":[{"count":1,"href":"https:\/\/ammabarbacena.com.br\/perguntas-frequentes\/wp-json\/wp\/v2\/posts\/19555\/revisions"}],"predecessor-version":[{"id":19556,"href":"https:\/\/ammabarbacena.com.br\/perguntas-frequentes\/wp-json\/wp\/v2\/posts\/19555\/revisions\/19556"}],"wp:attachment":[{"href":"https:\/\/ammabarbacena.com.br\/perguntas-frequentes\/wp-json\/wp\/v2\/media?parent=19555"}],"wp:term":[{"taxonomy":"category","embeddable":true,"href":"https:\/\/ammabarbacena.com.br\/perguntas-frequentes\/wp-json\/wp\/v2\/categories?post=19555"},{"taxonomy":"post_tag","embeddable":true,"href":"https:\/\/ammabarbacena.com.br\/perguntas-frequentes\/wp-json\/wp\/v2\/tags?post=19555"}],"curies":[{"name":"wp","href":"https:\/\/api.w.org\/{rel}","templated":true}]}}