{"id":19353,"date":"2025-08-07T04:05:18","date_gmt":"2025-08-07T04:05:18","guid":{"rendered":"http:\/\/fa77f788-dcbe-44f5-bff2-5f28a292bb04"},"modified":"2025-08-07T04:05:18","modified_gmt":"2025-08-07T04:05:18","slug":"quanto-tempo-a-vista-fica-embacada-apos-cirurgia-de-catarata","status":"publish","type":"post","link":"https:\/\/ammabarbacena.com.br\/perguntas-frequentes\/quanto-tempo-a-vista-fica-embacada-apos-cirurgia-de-catarata\/","title":{"rendered":"Quanto tempo a vista fica emba\u00e7ada ap\u00f3s cirurgia de catarata"},"content":{"rendered":"\n\n<h2 class=\"wp-block-heading\">Quanto tempo depois da cirurgia de catarata a vis\u00e3o volta ao normal?<\/h2>\n\n\n\n<h2 class=\"wp-block-heading\">Quanto tempo leva para acostumar com a lente depois da cirurgia de catarata?<\/h2>\n\n\n<p class=\"wp-block-paragraph\"><\/p>A adapta\u00e7\u00e3o visual pode levar de algumas semanas a meses, dependendo do paciente e do tipo de lente intraocular utilizada.<br \/>\n\n\n\n\n<h2 class=\"wp-block-heading\">Como melhorar a vis\u00e3o depois da cirurgia de catarata?<\/h2>\n\n\n<p class=\"wp-block-paragraph\"><\/p>\n\n<ul class=\"wp-block-list\">\n<li>Vis\u00e3o emba\u00e7ada ap\u00f3s a cirurgia<\/li>\n<li> O tratamento \u00e9 simples: chama-se Capsulotomia Posterior, feito no consult\u00f3rio com uma aplica\u00e7\u00e3o de YAG Laser, que ir\u00e1 limpar a opacidade e recobrar a nitidez dos primeiros dias da cirurgia.<\/li>\n<\/ul>\n\n\n\n\n<h2 class=\"wp-block-heading\">Quem faz cirurgia de catarata volta a enxergar melhor?<\/h2>\n\n\n<p class=\"wp-block-paragraph\"><\/p>Ap\u00f3s realizar a cirurgia de Catarata, \u00e9 muito comum que o contraste da vis\u00e3o aumente. Isso significa n\u00e3o apenas que voc\u00ea conseguir\u00e1 enxergar melhor as imagens, mas tamb\u00e9m haver\u00e1 um aumento significativo do brilho e das cores na sua vis\u00e3o. A cirurgia, portanto, muda a forma como voc\u00ea enxergar\u00e1 o mundo.<br \/>\n\n\n\n\n<h2 class=\"wp-block-heading\">Quanto tempo leva para cicatrizar a cirurgia de catarata?<\/h2>\n\n\n<p class=\"wp-block-paragraph\"><\/p>Em geral, o per\u00edodo de repouso recomendado \u00e9 em torno de 30 dias. Durante este per\u00edodo, \u00e9 aconselh\u00e1vel evitar atividades f\u00edsicas extenuantes, como levantar objetos pesados ou praticar exerc\u00edcios intensos.<br \/>\n\n\n\n\n<h2 class=\"wp-block-heading\">\u00c9 normal a vista ficar emba\u00e7ada e vendo raios depois da cirurgia de catarata?<\/h2>\n\n\n<p class=\"wp-block-paragraph\"><\/p>H\u00e1 tamb\u00e9m es efeitos colaterais da cirurgia, que precisam ser apresentados e conhecidos pelos pacientes que passam pela interven\u00e7\u00e3o. Ent\u00e3o, se voc\u00ea \u00e9 uma dessas pessoas, tome nota: Vis\u00e3o Borrada, Emba\u00e7ada ou Turva: ter a vis\u00e3o pouco n\u00edtida nos dias ou semanas seguintes \u00e0 remo\u00e7\u00e3o da catarata \u00e9 comum.<br \/>\n\n\n\n\n<h2 class=\"wp-block-heading\">Quanto tempo a vis\u00e3o volta ao normal?<\/h2>\n\nNa maioria dos casos, a estabiliza\u00e7\u00e3o da vis\u00e3o ocorre ap\u00f3s o primeiro m\u00eas, e em alguns pacientes podem levar at\u00e9 3 a 6 meses para melhora completa.<br \/>\n\n\n\n\n<h2 class=\"wp-block-heading\">Tem como a vis\u00e3o voltar ao normal?<\/h2>\n\n\n<p class=\"wp-block-paragraph\"><\/p>Praticar exerc\u00edcios espec\u00edficos para os olhos, ajustar a ilumina\u00e7\u00e3o do ambiente, fazer pausas regulares ao usar telas e manter uma alimenta\u00e7\u00e3o rica em nutrientes essenciais para a vis\u00e3o s\u00e3o formas eficientes. Al\u00e9m disso, proteger os olhos dos raios UV com \u00f3culos de sol e evitar fumar ajudam a preservar a sa\u00fade ocular.<br \/>\n\n\n\n\n<h2 class=\"wp-block-heading\">\u00c9 poss\u00edvel reverter a perda da vis\u00e3o?<\/h2>\n\n\n<p class=\"wp-block-paragraph\"><\/p>Em alguns casos, n\u00e3o \u00e9 poss\u00edvel reverter a condi\u00e7\u00e3o. Mas, geralmente, indica-se o tratamento da doen\u00e7a que originou a condi\u00e7\u00e3o. Se o especialista identificar que a causa da perda da vis\u00e3o \u00e9 uma doen\u00e7a da retina, pode ser indicada uma inje\u00e7\u00e3o intraocular ou tratamento com laser. Em alguns casos, indica-se uma cirurgia.<br \/>\n\n\n\n\n<h2 class=\"wp-block-heading\">Quando a vis\u00e3o estabiliza?<\/h2>\n\n\n<p class=\"wp-block-paragraph\"><\/p>Geralmente, pode-se considerar que o grau estabilizou quando ele n\u00e3o muda em intervalos de 6 meses a 1 ano. \u00c9 importante ressaltar que a estabiliza\u00e7\u00e3o do grau n\u00e3o garante que o dist\u00farbio nunca mais volte a ocorrer.<br \/>\n\n\n\n\n<h2 class=\"wp-block-heading\">\u00c9 poss\u00edvel regenerar a vis\u00e3o?<\/h2>\n\n\n<p class=\"wp-block-paragraph\"><\/p>\n\n<ul class=\"wp-block-list\">\n<li>Sa\u00fade dos olhos<\/li>\n<li> Localizada na parte posterior do olho, a retina pode sim ser regenerada atrav\u00e9s de diferentes est\u00edmulos complexos que envolvem diferentes mecanismos. Dois dos mais estudados s\u00e3o as c\u00e9lulas-tronco e a neurog\u00eanese.<\/li>\n<\/ul>\n\n\n\n\n<h2 class=\"wp-block-heading\">Como voltar a ter boa vis\u00e3o?<\/h2>\n\n\n<p class=\"wp-block-paragraph\"><\/p>\n\n<ul class=\"wp-block-list\">\n<li>Durma no m\u00ednimo oito horas por dia. &#8230;<\/li>\n<li>Evite o consumo de bebidas alc\u00f3olicas. &#8230;<\/li>\n<li>Tenha alimenta\u00e7\u00e3o balanceada. &#8230;<\/li>\n<li>N\u00e3o esque\u00e7a os \u00f3culos escuros. &#8230;<\/li>\n<li>N\u00e3o descuide durante o tempo seco. &#8230;<\/li>\n<li>Se voc\u00ea precisa de \u00f3culos de grau, n\u00e3o deixe de us\u00e1-los. &#8230;<\/li>\n<li>Realize consultas oftalmol\u00f3gicas.<\/li>\n<\/ul>\n\n\n\n\n<h2 class=\"wp-block-heading\">Quem faz limpeza de lente de catarata precisa de repouso?<\/h2>\n\n\n\n<h2 class=\"wp-block-heading\">Qual o repouso para quem faz limpeza de lente?<\/h2>\n\n\n<p class=\"wp-block-paragraph\"><\/p>N\u00e3o \u00e9 necess\u00e1rio repouso f\u00edsico nem mudan\u00e7a de alimenta\u00e7\u00e3o ap\u00f3s o procedimento.<br \/>\n\n\n\n\n<h2 class=\"wp-block-heading\">Quais os cuidados ap\u00f3s a capsulotomia?<\/h2>\n\n\n<p class=\"wp-block-paragraph\"><\/p>Ap\u00f3s o procedimento, o m\u00e9dico pode prescrever col\u00edrios anti-inflamat\u00f3rios e antibi\u00f3ticos para prevenir infec\u00e7\u00f5es e promover a cicatriza\u00e7\u00e3o. \u00c9 importante seguir as orienta\u00e7\u00f5es m\u00e9dicas e comparecer \u00e0s consultas de acompanhamento para garantir uma recupera\u00e7\u00e3o adequada.<br \/>\n\n\n\n\n<h2 class=\"wp-block-heading\">Como \u00e9 feita a limpeza da lente depois da cirurgia de catarata?<\/h2>\n\n\n<p class=\"wp-block-paragraph\"><\/p>Primeiro o paciente tem a pupila dilatada com um col\u00edrio, em alguns casos, tamb\u00e9m \u00e9 usado um anest\u00e9sico em gotas. Ap\u00f3s a prepara\u00e7\u00e3o, o m\u00e9dico realiza os disparos com o laser. Os pulsos de energia gerados causam pequenas explos\u00f5es na c\u00e1psula, realizando assim, toda a limpeza da lente e limpando a opacidade.<br \/>\n\n\n\n\n<h2 class=\"wp-block-heading\">Quanto custa a limpeza da lente de catarata?<\/h2>\n\n\n<p class=\"wp-block-paragraph\"><\/p>Em muitos casos, o procedimento est\u00e1 incluso nos benef\u00edcios de planos de sa\u00fade ou sistemas p\u00fablicos, mas \u00e9 sempre importante verificar com seu m\u00e9dico ou operadora. Mas em geral o pre\u00e7o da \u201climpeza\u201d da lente de catarata varia de R$ 400,00 a R$ 800,00 cada olho.<br \/>\n\n\n\n\n<h2 class=\"wp-block-heading\">Quantas vezes pode limpar a lente de catarata?<\/h2>\n\n\n<p class=\"wp-block-paragraph\"><\/p>Dr. Felipe Maia explica que, com uma cirurgia bem-feita, a limpeza das lentes pode ser feita apenas uma \u00fanica vez e nunca mais ! \ud83d\udca1 Mantenha sua vis\u00e3o clara e livre de preocupa\u00e7\u00f5es.<br \/>\n\n\n\n\n<h2 class=\"wp-block-heading\">Quais s\u00e3o os sintomas de uma lente intraocular suja?<\/h2>\n\n\n<p class=\"wp-block-paragraph\"><\/p>\n\n<ul class=\"wp-block-list\">\n<li>Vis\u00e3o turva ou emba\u00e7ada, mesmo ap\u00f3s cirurgia de catarata bem-sucedida;<\/li>\n<li>Sensa\u00e7\u00e3o de neblina ou filme nos olhos;<\/li>\n<li>Redu\u00e7\u00e3o da acuidade visual progressiva, mesmo com \u00f3culos atualizados;<\/li>\n<\/ul>\n\n\n\n\n<h2 class=\"wp-block-heading\">Como posso saber se a lente da catarata saiu do lugar?<\/h2>\n\n\n\n<h2 class=\"wp-block-heading\">O que acontece se a lente intraocular deslocar?<\/h2>\n\n\n<p class=\"wp-block-paragraph\"><\/p>Se n\u00e3o for tratada, uma lente intraocular deslocada pode causar condi\u00e7\u00f5es ou complica\u00e7\u00f5es mais s\u00e9rias, incluindo: Sangramento. Descolamento de retina. Glaucoma.<br \/>\n\n\n\n\n<h2 class=\"wp-block-heading\">O que acontece se a lente sair do olho?<\/h2>\n\n\n<p class=\"wp-block-paragraph\"><\/p>\u00c9 fisicamente imposs\u00edvel que uma lente de contacto se perca no interior do olho. O que acontece \u00e9 que a lente se desprende da c\u00f3rnea, dobra ou fica presa.<br \/>\n\n\n\n\n<h2 class=\"wp-block-heading\">O que acontece quando a lente de contato sai do lugar?<\/h2>\n\n\n<p class=\"wp-block-paragraph\"><\/p>Se a lente estiver saindo do lugar quando pisca ou ficar grudada, pode ser sinal de m\u00e1 adapta\u00e7\u00e3o, ou seja, a lente n\u00e3o est\u00e1 se encaixando perfeitamente no olho. Deve estar mais frouxa ou mais apertada que o necess\u00e1rio.<br \/>\n\n\n\n\n<h2 class=\"wp-block-heading\">\u00c9 normal ficar com a vis\u00e3o emba\u00e7ada depois da cirurgia de catarata?<\/h2>\n\n\n\n<h2 class=\"wp-block-heading\">Quanto tempo a vis\u00e3o fica emba\u00e7ada ap\u00f3s a cirurgia de catarata?<\/h2>\n\n\n<p class=\"wp-block-paragraph\"><\/p>\u00c9 muito comum ter a vis\u00e3o borrada ou pouco n\u00edtida nos dias ou at\u00e9 mesmo nas semanas que se seguem ap\u00f3s a remo\u00e7\u00e3o da catarata.<br \/>\n\n\n\n\n<h2 class=\"wp-block-heading\">O que fazer para vis\u00e3o emba\u00e7ada voltar ao normal?<\/h2>\n\n\n<p class=\"wp-block-paragraph\"><\/p>Problemas refrativos, como miopia, hipermetropia e astigmatismo, s\u00e3o causas frequentes de vis\u00e3o emba\u00e7ada. Esses erros de refra\u00e7\u00e3o podem ser corrigidos eficazmente com o uso de \u00f3culos, lentes de contato ou, em alguns casos, cirurgia a laser.<br \/>\n\n\n\n\n<h2 class=\"wp-block-heading\">\u00c9 normal o olho ficar esbranqui\u00e7ado depois da cirurgia de catarata?<\/h2>\n\n\n<p class=\"wp-block-paragraph\"><\/p>\u00c9 perfeitamente normal ter a vis\u00e3o turva ou emba\u00e7ada nos primeiros dias ap\u00f3s a cirurgia de catarata. Isso ocorre porque o olho ainda est\u00e1 se recuperando da interven\u00e7\u00e3o e a nova lente intraocular precisa se adaptar ao seu lugar.<br \/>\n\n\n\n\n<h2 class=\"wp-block-heading\">O que \u00e9 normal sentir ap\u00f3s a cirurgia de catarata?<\/h2>\n\n\n<p class=\"wp-block-paragraph\"><\/p>Aron Guimar\u00e3es: Ap\u00f3s a cirurgia de catarata, \u00e9 comum sentir olho seco, especialmente nos primeiros dias. O uso de col\u00edrios lubrificantes sem conservantes pode ajudar a aliviar esse desconforto. No entanto, nunca substitua os col\u00edrios prescritos pelo seu m\u00e9dico.<br \/>\n\n\n\n\n<h2 class=\"wp-block-heading\">Quanto tempo usar \u00f3culos escuros ap\u00f3s cirurgia de catarata?<\/h2>\n\n\n\n<h2 class=\"wp-block-heading\">Quem fez cirurgia de catarata tem que usar \u00f3culos escuros por quanto tempo?<\/h2>\n\n\n<p class=\"wp-block-paragraph\"><\/p>A resposta simples \u00e9 que, dependendo da sensibilidade dos seus olhos, voc\u00ea precisar\u00e1 usar \u00f3culos escuros sempre que sair de casa por pelo menos uma semana ap\u00f3s a cirurgia de catarata.<br \/>\n\n\n\n\n<h2 class=\"wp-block-heading\">Quantos dias ap\u00f3s a cirurgia de catarata posso sair na rua?<\/h2>\n\n\n<p class=\"wp-block-paragraph\"><\/p>\n\n<ul class=\"wp-block-list\">\n<li>Tempo m\u00e9dio de recupera\u00e7\u00e3o: o que esperar<\/li>\n<li> O tempo de recupera\u00e7\u00e3o da cirurgia de catarata varia de paciente para paciente, mas existem orienta\u00e7\u00f5es gerais que ajudam a definir quantos dias de seguran\u00e7a s\u00e3o necess\u00e1rios. Na maioria dos casos, o per\u00edodo de repouso inicial recomendado \u00e9 de 48 a 72 horas.<\/li>\n<\/ul>\n\n\n\n\n<h2 class=\"wp-block-heading\">Quem faz cirurgia de catarata diminui o grau?<\/h2>\n\n\n<p class=\"wp-block-paragraph\"><\/p>Em geral, h\u00e1 uma redu\u00e7\u00e3o tanto no grau dos \u00f3culos como tamb\u00e9m na sua necessidade do seu uso. Se o paciente ainda precisar utiliz\u00e1-lo, muito provavelmente precisar\u00e1 faz\u00ea-lo em situa\u00e7\u00f5es pontuais e n\u00e3o mais de forma cont\u00ednua.<br \/>\n\n\n","protected":false},"excerpt":{"rendered":"<p>Quanto tempo depois da cirurgia de catarata a vis\u00e3o volta ao normal? Quanto tempo leva para acostumar com a lente depois da cirurgia de catarata? A adapta\u00e7\u00e3o visual pode levar de algumas semanas a meses, dependendo do paciente e do tipo de lente intraocular utilizada. Como melhorar a vis\u00e3o depois da cirurgia de catarata? Quem [&hellip;]<\/p>\n","protected":false},"author":2,"featured_media":0,"comment_status":"open","ping_status":"closed","sticky":false,"template":"","format":"standard","meta":{"footnotes":""},"categories":[1],"tags":[],"class_list":["post-19353","post","type-post","status-publish","format-standard","hentry","category-conteudo"],"_links":{"self":[{"href":"https:\/\/ammabarbacena.com.br\/perguntas-frequentes\/wp-json\/wp\/v2\/posts\/19353","targetHints":{"allow":["GET"]}}],"collection":[{"href":"https:\/\/ammabarbacena.com.br\/perguntas-frequentes\/wp-json\/wp\/v2\/posts"}],"about":[{"href":"https:\/\/ammabarbacena.com.br\/perguntas-frequentes\/wp-json\/wp\/v2\/types\/post"}],"author":[{"embeddable":true,"href":"https:\/\/ammabarbacena.com.br\/perguntas-frequentes\/wp-json\/wp\/v2\/users\/2"}],"replies":[{"embeddable":true,"href":"https:\/\/ammabarbacena.com.br\/perguntas-frequentes\/wp-json\/wp\/v2\/comments?post=19353"}],"version-history":[{"count":1,"href":"https:\/\/ammabarbacena.com.br\/perguntas-frequentes\/wp-json\/wp\/v2\/posts\/19353\/revisions"}],"predecessor-version":[{"id":19354,"href":"https:\/\/ammabarbacena.com.br\/perguntas-frequentes\/wp-json\/wp\/v2\/posts\/19353\/revisions\/19354"}],"wp:attachment":[{"href":"https:\/\/ammabarbacena.com.br\/perguntas-frequentes\/wp-json\/wp\/v2\/media?parent=19353"}],"wp:term":[{"taxonomy":"category","embeddable":true,"href":"https:\/\/ammabarbacena.com.br\/perguntas-frequentes\/wp-json\/wp\/v2\/categories?post=19353"},{"taxonomy":"post_tag","embeddable":true,"href":"https:\/\/ammabarbacena.com.br\/perguntas-frequentes\/wp-json\/wp\/v2\/tags?post=19353"}],"curies":[{"name":"wp","href":"https:\/\/api.w.org\/{rel}","templated":true}]}}