{"id":1916,"date":"2025-07-17T04:09:26","date_gmt":"2025-07-17T04:09:26","guid":{"rendered":"http:\/\/325e90bd-d35c-4dcb-814d-266e328e1d57"},"modified":"2025-07-17T04:09:26","modified_gmt":"2025-07-17T04:09:26","slug":"o-que-e-atitude-filosofica","status":"publish","type":"post","link":"https:\/\/ammabarbacena.com.br\/perguntas-frequentes\/o-que-e-atitude-filosofica\/","title":{"rendered":"O que \u00e9 atitude filosofica"},"content":{"rendered":"\n\n<h2 class=\"wp-block-heading\">O que \u00e9 atitude filos\u00f3fica?<\/h2>\n\nA atitude filos\u00f3fica \u00e9, ent\u00e3o, romper com o senso comum, com aquilo que \u00e9 imposto socialmente. \u00c9 problematizar a partir da racionalidade, fatos, acontecimentos e elementos do cotidiano. A racionalidade e o agir racional s\u00e3o imprescind\u00edveis para que o grupo ou indiv\u00edduo desenvolvam posturas cr\u00edticas.<br \/>\n\n\n\n\n<h3 class=\"wp-block-heading\">Qual \u00e9 a primeira caracter\u00edstica da atitude filos\u00f3fica?<\/h3>\n\n\n<p><\/p>A primeira caracter\u00edstica da atitude filos\u00f3fica \u00e9 negativa, isto \u00e9, um dizer n\u00e3o ao senso comum, aos pr\u00e9-conceitos, aos pr\u00e9-ju\u00edzos, aos fatos e \u00e0s id\u00e9ias da experi\u00eancia cotidiana, ao que &#8220;todo mundo diz e pensa&#8221;, ao estabelecido.<br \/>\n\n\n\n\n<h2 class=\"wp-block-heading\">O que \u00e9 atitude filos\u00f3fica brainly?<\/h2>\n\nA atitude filos\u00f3fica pode ser entendida como um mecanismo da filosofia que busca atrav\u00e9s da cr\u00edtica questionar o indiv\u00edduo e suas problem\u00e1ticas a fim de trazer respostas para a a\u00e7\u00e3o humana.<br \/>\n\n\n\n\n<h3 class=\"wp-block-heading\">Por que a filosofia \u00e9 uma atitude?<\/h3>\n\n\n<p><\/p>A atitude filos\u00f3fica \u00e9 fundamental para o pensamento cr\u00edtico e questionador, bem como para a amplia\u00e7\u00e3o da compreens\u00e3o de mundo de n\u00f3s mesmos. Questionar, argumentar, desconstruir conceitos e buscar a distintas perspectivas de entendimentos s\u00e3o caracter\u00edsticas da filosofia desde a antiguidade at\u00e9 os dias atuais.<br \/>\n\n\n\n\n<h3 class=\"wp-block-heading\">O que \u00e9 filosofia resposta simples?<\/h3>\n\n\n<p><\/p>A Filosofia \u00e9 uma das maiores \u00e1reas do conhecimento e bases da cultura ocidental. Surgida h\u00e1 mais de 2.400 anos nela se conglomera as mais diversas reflex\u00f5es que o homem construiu sobre a realidade, sua exist\u00eancia, a sociedade, a vida, o conhecimento, a mente, os valores morais, a tecnologia, etc.<br \/>\n\n\n\n\n<h2 class=\"wp-block-heading\">O que \u00e9 atividade filos\u00f3fica?<\/h2>\n\nA atividade filos\u00f3fica ocupa-se com as condi\u00e7\u00f5es que permitem a formula\u00e7\u00e3o de problemas, e nisso consiste a aprendizagem em filosofia. Mesmo que os problemas estejam na base da produ\u00e7\u00e3o conceitual, esta n\u00e3o \u00e9 uma decorr\u00eancia direta do m\u00e9todo, como se o m\u00e9todo permitisse uma passagem direta do n\u00e3o-saber ao saber.<br \/>\n\n\n\n\n<h3 class=\"wp-block-heading\">O que \u00e9 atividade ou atitude filos\u00f3fica?<\/h3>\n\n\n<p><\/p>Introdu\u00e7\u00e3o. De maneira geral, define-se atitude filos\u00f3fica como um comportamento de um grupo ou indiv\u00edduo em que s\u00e3o adotadas posturas cr\u00edticas pautadas na racionalidade em rela\u00e7\u00e3o aos acontecimentos. A atitude filos\u00f3fica \u00e9, ent\u00e3o, romper com o senso comum, com aquilo que \u00e9 imposto socialmente.<br \/>\n\n\n\n\n<h3 class=\"wp-block-heading\">O que \u00e9 filosofia e atividade?<\/h3>\n\n\n<p><\/p>A filosofia \u00e9 uma atividade te\u00f3rica de busca de respostas fundamentadas para algumas quest\u00f5es que se colocam a seres racionais como n\u00f3s. A palavra \u00abfilosofia\u00bb significa amor pela sabedoria. A filosofia surgiu na Gr\u00e9cia antiga, h\u00e1 cerca de 2500 anos.<br \/>\n\n\n\n\n<h3 class=\"wp-block-heading\">O que \u00e9 um exerc\u00edcio filos\u00f3fico?<\/h3>\n\n\n<p><\/p>N\u00e3o h\u00e1 monop\u00f3lio no pensamento. Trata-se de uma no\u00e7\u00e3o muito estreita de filosofia aquela que a conforma ao campo restrito de uma elabora\u00e7\u00e3o metodol\u00f3gica ou mesmo da aplica\u00e7\u00e3o de uma teoria.<br \/>\n\n\n\n\n<h3 class=\"wp-block-heading\">Quais s\u00e3o as atividades de um filos\u00f3fico?<\/h3>\n\n\n<p><\/p>Em sua atividade, o profissional investiga quest\u00f5es abstratas e busca compreender as bases do pensamento humano, desenvolvendo teorias e argumenta\u00e7\u00f5es. Seus pensamentos podem ser descritos em pesquisas, artigos e livros, que agrupam teorias sobre a l\u00f3gica do pensamento e os princ\u00edpios da moralidade.<br \/>\n\n\n\n\n<h3 class=\"wp-block-heading\">O que \u00e9 uma atividade filos\u00f3fica?<\/h3>\n\n\n<p><\/p>A atividade filos\u00f3fica ocupa-se com as condi\u00e7\u00f5es que permitem a formula\u00e7\u00e3o de problemas, e nisso consiste a aprendizagem em filosofia. Mesmo que os problemas estejam na base da produ\u00e7\u00e3o conceitual, esta n\u00e3o \u00e9 uma decorr\u00eancia direta do m\u00e9todo, como se o m\u00e9todo permitisse uma passagem direta do n\u00e3o-saber ao saber.<br \/>\n\n\n\n\n<h2 class=\"wp-block-heading\">O que significa ter uma atitude filos\u00f3fica diante da vida?<\/h2>\n\nA atitude filos\u00f3fica consiste num posicionamento cr\u00edtico, reflexivo e questionador diante da realidade. Se difere de uma aceita\u00e7\u00e3o passiva dos fatos e dos discursos, buscando investigar os fundamentos do conhecimento, as quest\u00f5es existenciais e os valores que norteiam a vida humana.<br \/>\n\n\n\n\n<h3 class=\"wp-block-heading\">Por que filosofia \u00e9 uma atitude diante da vida?<\/h3>\n\n\n<p><\/p>A Filosofia permite ao ser humano compreender melhor a si mesmo, a sociedade e o mundo que o cerca, estimulando uma maior autonomia do pensar, agir e se comportar.<br \/>\n\n\n\n\n<h3 class=\"wp-block-heading\">O que significa ter uma atitude filos\u00f3fica?<\/h3>\n\n\n<p><\/p>De maneira geral, define-se atitude filos\u00f3fica como um comportamento de um grupo ou indiv\u00edduo em que s\u00e3o adotadas posturas cr\u00edticas pautadas na racionalidade em rela\u00e7\u00e3o aos acontecimentos. A atitude filos\u00f3fica \u00e9, ent\u00e3o, romper com o senso comum, com aquilo que \u00e9 imposto socialmente.<br \/>\n\n\n\n\n<h3 class=\"wp-block-heading\">Como podemos aplicar a atitude filos\u00f3fica no nosso dia a dia?<\/h3>\n\n\n<p><\/p>Resposta: o ato de pensar, falar e tomar decis\u00f5es,por mais simples que sejam, escolher o que ir\u00e1 jantar, por exemplo, s\u00e3o atitudes simples mas consideradas filos\u00f3ficas.<br \/>\n\n\n\n\n<h3 class=\"wp-block-heading\">O que significa ter uma atitude filos\u00f3fica positiva?<\/h3>\n\n\n<p><\/p>A atitude filos\u00f3fica positiva, por outro lado, significa que, ap\u00f3s ter desconfiado do \u00f3bvio e ter se recusado a seguir o caminho que usualmente as pessoas seguiriam, a pessoa fil\u00f3sofa investiga a quest\u00e3o que se colocou em busca de justifica\u00e7\u00f5es e explica\u00e7\u00f5es.<br \/>\n\n\n\n\n<h3 class=\"wp-block-heading\">Qual a import\u00e2ncia da filosofia para a nossa vida?<\/h3>\n\n\n<p><\/p>A filosofia faz com que o homem possa refletir de forma rigorosa e radical libertando-se do censo comum ; a fun\u00e7\u00e3o da filosofia como muitos pensam n\u00e3o \u00e9 s\u00f3 contemplar as coisas em si, mas, refletir cada a\u00e7\u00e3o humana nos possibilitando um entendimento coerente e cr\u00edtico.<br \/>\n\n\n\n\n<h3 class=\"wp-block-heading\">Por que \u00e9 importante ter uma atitude filos\u00f3fica nos dias atuais?<\/h3>\n\n\n<p><\/p>A import\u00e2ncia da atitude filos\u00f3fica est\u00e1 nos atos de avaliar os diversos dogmatismos que assombram o mundo e que s\u00e3o imperme\u00e1veis ao di\u00e1logo. Est\u00e1 no questionamento das opera\u00e7\u00f5es ideol\u00f3gicas que manipulam o real. Est\u00e1 no enfrentamento aos fanatismos que cegam.<br \/>\n\n\n\n\n<h2 class=\"wp-block-heading\">O que \u00e9 atitude exemplo?<\/h2>\n\n\n\n<h3 class=\"wp-block-heading\">O que s\u00e3o atitudes exemplo?<\/h3>\n\n\n<p><\/p>A atitude \u00e9 um constructo psicol\u00f3gico a favor ou contra um objeto social \u2013 por exemplo, uma marca ou uma causa. Nesse sentido, ela est\u00e1 muito mais pr\u00f3xima da ideia de cren\u00e7a do que de a\u00e7\u00e3o. Bagozzi observou que a atitude influencia o comportamento somente por meio do impacto na inten\u00e7\u00e3o.<br \/>\n\n\n\n\n<h3 class=\"wp-block-heading\">O que s\u00e3o atitudes de uma pessoa?<\/h3>\n\n\n<p><\/p>Atitude designa em psicologia a disposi\u00e7\u00e3o ligada ao ju\u00edzo de determinados objetos da percep\u00e7\u00e3o ou da imagina\u00e7\u00e3o &#8211; ou seja, a tend\u00eancia de uma pessoa de julgar tais objetos como bons ou maus, desej\u00e1veis ou indesej\u00e1veis.<br \/>\n\n\n\n\n<h3 class=\"wp-block-heading\">O que seriam atitudes?<\/h3>\n\n\n<p><\/p>Em psicologia , uma atitude &#8221; \u00e9 uma avalia\u00e7\u00e3o sum\u00e1ria de um objeto de pensamento. Um objeto de atitude pode ser qualquer coisa que uma pessoa discrimine ou tenha em mente&#8221;. Atitudes incluem cren\u00e7as ( cogni\u00e7\u00e3o ), respostas emocionais ( afeto ) e tend\u00eancias comportamentais ( inten\u00e7\u00f5es , motiva\u00e7\u00f5es ).<br \/>\n\n\n\n\n<h3 class=\"wp-block-heading\">Como explicar o que \u00e9 atitude?<\/h3>\n\n\n<p><\/p>Atitude \u00e9 o que influencia as a\u00e7\u00f5es ou comportamentos de uma pessoa. A defini\u00e7\u00e3o de atitude refere-se \u00e0s emo\u00e7\u00f5es, cren\u00e7as e comportamentos que uma pessoa desenvolve em rela\u00e7\u00e3o a um objeto. Existem tr\u00eas componentes que definem a atitude, frequentemente chamados de &#8221; ABC da atitude &#8220;.<br \/>\n\n\n\n\n<h3 class=\"wp-block-heading\">Quais s\u00e3o as 7 atitudes para o sucesso?<\/h3>\n\n\n<p><\/p>\n\n<ul class=\"wp-block-list\">\n<li>Definir seus objetivos. &#8230;<\/li>\n<li>Saber reconhecer os erros. &#8230;<\/li>\n<li>N\u00e3o ter medo de tomar decis\u00f5es. &#8230;<\/li>\n<li>Estar dispon\u00edvel a aprender. &#8230;<\/li>\n<li>Superar-se nos momentos dif\u00edceis. &#8230;<\/li>\n<li>Relacionar-se bem com os outros. &#8230;<\/li>\n<li>Aproveitar tudo o que faz. &#8230;<\/li>\n<li>Capacite-se na Microlins!<\/li>\n<\/ul>\n\n\n\n\n<h2 class=\"wp-block-heading\">Como inicia-se a atitude filos\u00f3fica?<\/h2>\n\nA atitude filos\u00f3fica inicia-se indagando &#8220;O que \u00e9?&#8221;, &#8220;Como \u00e9?&#8221;, &#8220;Por que \u00e9?&#8221;, &#8220;Para que \u00e9?&#8221;, dirigindo-se ao mundo que nos rodeia e aos seres humanos que nele vivem e com ele se relacionam. Estas s\u00e3o perguntas sobre: A) A ess\u00eancia, a significa\u00e7\u00e3o, a origem e a finalidade de todas as coisas; B)<br \/>\n\n\n\n\n<h3 class=\"wp-block-heading\">Como se inicia a atitude filos\u00f3fica?<\/h3>\n\n\n<p><\/p>\n\n<ul class=\"wp-block-list\">\n<li>O Questionamento<\/li>\n<li> A atitude filos\u00f3fica se inicia com a nega\u00e7\u00e3o do senso comum que abre a perspectiva de questionamento. Trata-se de questionar e refletir a respeito das alternativas que possui, al\u00e9m daquela tida como convencional.<\/li>\n<\/ul>\n\n\n\n\n<h3 class=\"wp-block-heading\">Qual a origem da filosofia?<\/h3>\n\n\n<p><\/p>A filosofia, como expoente do conhecimento racional pensado de maneira sistem\u00e1tica, surgiu na Gr\u00e9cia em meados do s\u00e9culo VI a.C. e surge da necessidade que os gregos tinham de explicar o mundo, os acontecimentos naturais e a rela\u00e7\u00e3o entre os humanos e a natureza a partir do uso ordenado e sistem\u00e1tico da racionalidade.<br \/>\n\n\n","protected":false},"excerpt":{"rendered":"<p>O que \u00e9 atitude filos\u00f3fica? A atitude filos\u00f3fica \u00e9, ent\u00e3o, romper com o senso comum, com aquilo que \u00e9 imposto socialmente. \u00c9 problematizar a partir da racionalidade, fatos, acontecimentos e elementos do cotidiano. A racionalidade e o agir racional s\u00e3o imprescind\u00edveis para que o grupo ou indiv\u00edduo desenvolvam posturas cr\u00edticas. Qual \u00e9 a primeira caracter\u00edstica [&hellip;]<\/p>\n","protected":false},"author":2,"featured_media":0,"comment_status":"open","ping_status":"closed","sticky":false,"template":"","format":"standard","meta":{"footnotes":""},"categories":[1],"tags":[],"class_list":["post-1916","post","type-post","status-publish","format-standard","hentry","category-conteudo"],"_links":{"self":[{"href":"https:\/\/ammabarbacena.com.br\/perguntas-frequentes\/wp-json\/wp\/v2\/posts\/1916","targetHints":{"allow":["GET"]}}],"collection":[{"href":"https:\/\/ammabarbacena.com.br\/perguntas-frequentes\/wp-json\/wp\/v2\/posts"}],"about":[{"href":"https:\/\/ammabarbacena.com.br\/perguntas-frequentes\/wp-json\/wp\/v2\/types\/post"}],"author":[{"embeddable":true,"href":"https:\/\/ammabarbacena.com.br\/perguntas-frequentes\/wp-json\/wp\/v2\/users\/2"}],"replies":[{"embeddable":true,"href":"https:\/\/ammabarbacena.com.br\/perguntas-frequentes\/wp-json\/wp\/v2\/comments?post=1916"}],"version-history":[{"count":1,"href":"https:\/\/ammabarbacena.com.br\/perguntas-frequentes\/wp-json\/wp\/v2\/posts\/1916\/revisions"}],"predecessor-version":[{"id":1917,"href":"https:\/\/ammabarbacena.com.br\/perguntas-frequentes\/wp-json\/wp\/v2\/posts\/1916\/revisions\/1917"}],"wp:attachment":[{"href":"https:\/\/ammabarbacena.com.br\/perguntas-frequentes\/wp-json\/wp\/v2\/media?parent=1916"}],"wp:term":[{"taxonomy":"category","embeddable":true,"href":"https:\/\/ammabarbacena.com.br\/perguntas-frequentes\/wp-json\/wp\/v2\/categories?post=1916"},{"taxonomy":"post_tag","embeddable":true,"href":"https:\/\/ammabarbacena.com.br\/perguntas-frequentes\/wp-json\/wp\/v2\/tags?post=1916"}],"curies":[{"name":"wp","href":"https:\/\/api.w.org\/{rel}","templated":true}]}}